{"id":10134,"date":"2024-02-16T16:34:23","date_gmt":"2024-02-16T19:34:23","guid":{"rendered":"https:\/\/menesianosoy.org\/?p=10134"},"modified":"2024-02-18T17:39:44","modified_gmt":"2024-02-18T20:39:44","slug":"lunes-de-la-2a-semana-de-cuaresma","status":"publish","type":"post","link":"https:\/\/menesianosoy.org\/index.php\/2024\/02\/16\/lunes-de-la-2a-semana-de-cuaresma\/","title":{"rendered":"\u00a0Lunes de la 2\u00aa semana de Cuaresma"},"content":{"rendered":"\n<p class=\"has-text-align-left\"><strong><em>Lev\u00edtico 19, 1-2. 11-18<br>Salmo 18, 8-10. 15<\/em><\/strong><\/p>\n\n\n\n<h4 class=\"wp-block-heading has-text-align-left has-vivid-cyan-blue-color has-text-color has-link-color wp-elements-45d22c442877067fa099f04f80e0caf8\"><br><strong>Evangelio: Mateo 25, 31-46<\/strong><\/h4>\n\n\n\n<p class=\"has-text-align-left\"><strong><em>Jes\u00fas dijo a sus disc\u00edpulos: Cuando el Hijo del hombre venga en su gloria rodeado de todos los \u00e1ngeles, se sentar\u00e1 en su trono glorioso.<\/em><\/strong><br><strong><em>Todas las naciones ser\u00e1n reunidas en su presencia, y \u00e9l separar\u00e1 a unos de otros, como el pastor separa las ovejas de los cabritos, y pondr\u00e1 a aquellas a su derecha y a estos a su izquierda.<\/em><\/strong><br><strong><em>Entonces el Rey dir\u00e1 a los que tenga a su derecha: Vengan, benditos de mi Padre, y reciban en herencia el Reino que les fue preparado desde el comienzo del mundo, porque tuve hambre, y ustedes me dieron de comer; tuve sed, y me dieron de beber; estaba de paso, y me alojaron; desnudo, y me vistieron; enfermo, y me visitaron; preso, y me vinieron a ver.<\/em><\/strong><br><strong><em>Los justos le responder\u00e1n: Se\u00f1or, \u00bfcu\u00e1ndo te vimos hambriento, y te dimos de comer; sediento, y te dimos de beber?<\/em><\/strong><br><strong><em>\u00bfCu\u00e1ndo te vimos de paso, y te alojamos; desnudo, y te vestimos? \u00bfCu\u00e1ndo te vimos enfermo o preso, y fuimos a verte?<\/em><\/strong><br><strong><em>Y el Rey les responder\u00e1: Les aseguro que cada vez que lo hicieron con el m\u00e1s peque\u00f1o de mis hermanos, lo hicieron conmigo.<\/em><\/strong><br><strong><em>Luego dir\u00e1 a los de su izquierda: Al\u00e9jense de m\u00ed, malditos; vayan al fuego eterno que fue preparado para el demonio y sus \u00e1ngeles, porque tuve hambre, y ustedes no me dieron de comer; tuve sed, y no me dieron de beber; estaba de paso, y no me alojaron; desnudo, y no me vistieron; enfermo y preso, y no me visitaron.<\/em><\/strong><br><strong><em>Estos, a su vez, le preguntar\u00e1n: Se\u00f1or, \u00bfcu\u00e1ndo te vimos hambriento o sediento, de paso o desnudo, enfermo o preso, y no te hemos socorrido?<\/em><\/strong><br><strong><em>Y \u00e9l les responder\u00e1: Les aseguro que cada vez que no lo hicieron con el m\u00e1s peque\u00f1o de mis hermanos, tampoco lo hicieron conmigo.<\/em><\/strong><br><strong><em>Estos ir\u00e1n al castigo eterno, y los justos a la Vida eterna.<\/em><\/strong><\/p>\n\n\n\n<figure class=\"wp-block-image size-full\"><img loading=\"lazy\" decoding=\"async\" width=\"500\" height=\"317\" src=\"https:\/\/menesianosoy.org\/wp-content\/uploads\/2024\/02\/imagen01.jpg\" alt=\"\" class=\"wp-image-10141\" srcset=\"https:\/\/menesianosoy.org\/wp-content\/uploads\/2024\/02\/imagen01.jpg 500w, https:\/\/menesianosoy.org\/wp-content\/uploads\/2024\/02\/imagen01-300x190.jpg 300w\" sizes=\"auto, (max-width: 500px) 85vw, 500px\" \/><\/figure>\n\n\n\n<p class=\"has-text-align-left\">Este evangelio, antes que una exhortaci\u00f3n al amor fraterno, es una descripci\u00f3n de lo que ser\u00e1 el juicio definitivo de Dios sobre las naciones, sobre los individuos y sobre la historia humana. Ahora bien, lo m\u00e1s decisivo que contiene este texto es que Dios se funde y se confunde con lo humano, de tal forma y hasta tal punto, que lo que se haga o se deje de hacer con cualquier ser humano, a m\u00ed (Dios)me lo hicieron o me lo dejaron de hacer a mi (Dios). No es poner al hombre en lugar de Dios, sino la afirmaci\u00f3n de que los humanos no tenemos otro sitio ni otra forma de encontrar a Dios que nuestra propia humanidad. \u201c<em>Evangelizar es humanizar<\/em>\u201d (Papa Francisco).<br><br>De ah\u00ed que, cuando llegue el momento definitivo, lo que se va a tener en cuenta no es la fe, ni la religi\u00f3n, ni siquiera a Dios. En ese momento solo se tendr\u00e1 en cuanta la humanidad de cada uno. Y lo que cada cual ha hecho o dejado de hacer para aliviar el sufrimiento que genera la inhumanidad que todos llevamos fundida en la sangre de nuestra vida, en la civilizaci\u00f3n que todos hemos construido, en la sociedad que hemos organizado, en los poderes a los que nos sometemos, en los silencios c\u00f3mplices ante tanto dolor y tanta humillaci\u00f3n que encontramos en este mundo desbocado.<br><br>Lo que pasa es que, como esto es tan duro y exigente, los hombres hemos inventado \u201cdioses\u201d, \u201creligiones\u201d y \u201cceremoniales\u201d para tranquilizar conciencias con la ilusi\u00f3n de estar unidos al \u201cBien Supremo\u201d. As\u00ed, imponemos mejor el sufrimiento o lo toleramos mejor. Por eso en esta Cuaresma tenemos tanta necesidad de buscar nuestra propia libertad frente a las ataduras inconscientes, que justificada por la religi\u00f3n o por el estado de derecho, nos tranquilizan, sabiendo \u2013 como sabemos- que en este mundo hay demasiado sufrimiento que se podr\u00eda \u2013 y se tendr\u00eda- que evitar o remediar. Solo as\u00ed podremos encontrar a Dios. La religi\u00f3n sirve para tranquilizar la conciencia. El evangelio es el motor que transforma la Historia.<\/p>\n\n\n\n<h4 class=\"wp-block-heading has-text-align-left has-vivid-cyan-blue-color has-text-color has-link-color wp-elements-a3aeffad4c98e83b604e10186729caff\"><br>P<strong>alabras de Juan Mar\u00eda<\/strong><\/h4>\n\n\n\n<p class=\"has-text-align-left\"><img decoding=\"async\" class=\"wp-image-618\" style=\"width: 150px;\" src=\"https:\/\/menesianosoy.org\/wp-content\/uploads\/2023\/08\/j.png\" alt=\"\"><br><em>S\u00ed, esta obra santa es bendecida por Dios; s\u00ed, igualmente bendecidos ser\u00e1n ustedes, hijos m\u00edos, si, como espero, cada uno de ustedes se entrega con nuevo \u00e1nimo a la salvaci\u00f3n de los pobres y peque\u00f1os ni\u00f1os de los que la Providencia los ha hecho sus segundos padres\u201d (Serm\u00f3n sobre la relajaci\u00f3n)<\/em><\/p>\n\n\n\n<p class=\"has-text-align-left\"><strong><em><br>Desaprender la guerra &#8211; Luis Guitarra&nbsp;<\/em><\/strong><\/p>\n\n\n\n<figure class=\"wp-block-embed is-type-video is-provider-youtube wp-block-embed-youtube wp-embed-aspect-4-3 wp-has-aspect-ratio\"><div class=\"wp-block-embed__wrapper\">\n<iframe loading=\"lazy\" title=\"DESAPRENDER LA GUERRA (LUIS GUITARRA)\" width=\"1140\" height=\"855\" src=\"https:\/\/www.youtube.com\/embed\/3n6tExVKKy4?feature=oembed\" frameborder=\"0\" allow=\"accelerometer; autoplay; clipboard-write; encrypted-media; gyroscope; picture-in-picture; web-share\" allowfullscreen><\/iframe>\n<\/div><\/figure>\n\n\n\n<p class=\"has-text-align-left\">Desaprender la guerra,<br>realimentar la risa,<br>deshilachar los miedos,<br>curarse las heridas.<br>Difuminar fronteras,<br>rehuir de la codicia,<br>anteponer lo ajeno,<br>negarse a las consignas.<br><br>Desconvocar el odio,<br>desestimar la ira,<br>rehusar usar la fuerza,<br>rodearse de caricias.<br>Reabrir todas las puertas,<br>sitiar cada mentira,<br>pactar sin condiciones,<br>rendirse a la Justicia.<br><br>Rehabilitar los sue\u00f1os,<br>penalizar las prisas,<br>indemnizar al alma,<br>sumarse a la alegr\u00eda.<br>Humanizar los credos,<br>purificar la brisa,<br>adecentar la Tierra,<br>reinaugurar la Vida.<br><br>Desaprender la guerra,<br>curarse las heridas.<br>Desaprender la guerra,<br>&nbsp;negarse a las consignas.<br>Desaprender la guerra,<br>rodearse de caricias.<br>Desaprender la guerra,<br>rendirse a la Justicia.<br>Desaprender la guerra,<br>sumarse a la alegr\u00eda.<br>Desaprender la guerra,<br>reinaugurar la Vida.<\/p>\n\n\n\n<p class=\"has-vivid-purple-background-color has-background\"><\/p>\n\n\n\n<figure class=\"wp-block-image size-full\"><img decoding=\"async\" src=\"https:\/\/menesianosoy.org\/wp-content\/uploads\/2024\/02\/Logo-Jime-800-p-20-1-768x789-9.jpg\" alt=\"\" class=\"wp-image-10139\"\/><\/figure>\n","protected":false},"excerpt":{"rendered":"<p>Lev\u00edtico 19, 1-2. 11-18Salmo 18, 8-10. 15 Evangelio: Mateo 25, 31-46 Jes\u00fas dijo a sus disc\u00edpulos: Cuando el Hijo del hombre venga en su gloria rodeado de todos los \u00e1ngeles, se sentar\u00e1 en su trono glorioso.Todas las naciones ser\u00e1n reunidas en su presencia, y \u00e9l separar\u00e1 a unos de otros, como el pastor separa las &hellip; <a href=\"https:\/\/menesianosoy.org\/index.php\/2024\/02\/16\/lunes-de-la-2a-semana-de-cuaresma\/\" class=\"more-link\">Continue reading<span class=\"screen-reader-text\"> \u00bb\u00a0Lunes de la 2\u00aa semana de Cuaresma\u00bb<\/span><\/a><\/p>\n","protected":false},"author":3,"featured_media":0,"comment_status":"closed","ping_status":"closed","sticky":false,"template":"","format":"standard","meta":{"_acf_changed":false,"footnotes":""},"categories":[9],"tags":[],"class_list":["post-10134","post","type-post","status-publish","format-standard","hentry","category-evangelio"],"acf":[],"_links":{"self":[{"href":"https:\/\/menesianosoy.org\/index.php\/wp-json\/wp\/v2\/posts\/10134","targetHints":{"allow":["GET"]}}],"collection":[{"href":"https:\/\/menesianosoy.org\/index.php\/wp-json\/wp\/v2\/posts"}],"about":[{"href":"https:\/\/menesianosoy.org\/index.php\/wp-json\/wp\/v2\/types\/post"}],"author":[{"embeddable":true,"href":"https:\/\/menesianosoy.org\/index.php\/wp-json\/wp\/v2\/users\/3"}],"replies":[{"embeddable":true,"href":"https:\/\/menesianosoy.org\/index.php\/wp-json\/wp\/v2\/comments?post=10134"}],"version-history":[{"count":6,"href":"https:\/\/menesianosoy.org\/index.php\/wp-json\/wp\/v2\/posts\/10134\/revisions"}],"predecessor-version":[{"id":10249,"href":"https:\/\/menesianosoy.org\/index.php\/wp-json\/wp\/v2\/posts\/10134\/revisions\/10249"}],"wp:attachment":[{"href":"https:\/\/menesianosoy.org\/index.php\/wp-json\/wp\/v2\/media?parent=10134"}],"wp:term":[{"taxonomy":"category","embeddable":true,"href":"https:\/\/menesianosoy.org\/index.php\/wp-json\/wp\/v2\/categories?post=10134"},{"taxonomy":"post_tag","embeddable":true,"href":"https:\/\/menesianosoy.org\/index.php\/wp-json\/wp\/v2\/tags?post=10134"}],"curies":[{"name":"wp","href":"https:\/\/api.w.org\/{rel}","templated":true}]}}