{"id":10150,"date":"2024-02-16T16:56:16","date_gmt":"2024-02-16T19:56:16","guid":{"rendered":"https:\/\/menesianosoy.org\/?p=10150"},"modified":"2024-02-16T19:50:00","modified_gmt":"2024-02-16T22:50:00","slug":"martes-de-la-2a-semana-de-cuaresma","status":"publish","type":"post","link":"https:\/\/menesianosoy.org\/index.php\/2024\/02\/16\/martes-de-la-2a-semana-de-cuaresma\/","title":{"rendered":"Martes de la 2\u00aa semana de Cuaresma"},"content":{"rendered":"\n<h5 class=\"wp-block-heading has-text-align-left has-vivid-purple-color has-text-color has-link-color wp-elements-ce9f5ca1d12df7982285bfdfdc825f5b\">D\u00eda Mundial de la Justicia Social<\/h5>\n\n\n\n<p class=\"has-text-align-left\"><strong><em>Isa\u00edas 55, 10-11<br>Salmo 33, 4-7. 16-19<\/em><\/strong><\/p>\n\n\n\n<h4 class=\"wp-block-heading has-text-align-left has-vivid-cyan-blue-color has-text-color has-link-color wp-elements-4c75d9dd6bf273fcc945ff8989bdfada\"><br><strong>Evangelio: Mateo 6, 7-15<\/strong><\/h4>\n\n\n\n<p class=\"has-text-align-left\"><strong><em>Cuando oren, no hablen mucho, como hacen los paganos: ellos creen que por mucho hablar ser\u00e1n escuchados.<\/em><\/strong><br><strong><em>No hagan como ellos, porque el Padre que est\u00e1 en el cielo sabe bien qu\u00e9 es lo que les hace falta, antes de que se lo pidan.<\/em><\/strong><br><strong><em>Ustedes oren de esta manera: Padre nuestro, que est\u00e1s en el cielo, santificado sea tu Nombre, que venga tu Reino, que se haga tu voluntad en la tierra como en el cielo.<\/em><\/strong><br><strong><em>Danos hoy nuestro pan de cada d\u00eda.<\/em><\/strong><br><strong><em>Perdona nuestras ofensas, como nosotros perdonamos a los que nos han ofendido.<\/em><\/strong><br><strong><em>No nos dejes caer en la tentaci\u00f3n, sino l\u00edbranos del mal.<\/em><\/strong><br><strong><em>Si perdonan sus faltas a los dem\u00e1s, el Padre que est\u00e1 en el cielo tambi\u00e9n los perdonar\u00e1 a ustedes.<\/em><\/strong><br><strong><em>Pero si no perdonan a los dem\u00e1s, tampoco el Padre los perdonar\u00e1 a ustedes<\/em><\/strong>.<\/p>\n\n\n\n<figure class=\"wp-block-image size-full\"><img loading=\"lazy\" decoding=\"async\" width=\"500\" height=\"625\" src=\"https:\/\/menesianosoy.org\/wp-content\/uploads\/2024\/02\/292174272_10166721499260346_2543331385821028630_n.jpg\" alt=\"\" class=\"wp-image-10159\" srcset=\"https:\/\/menesianosoy.org\/wp-content\/uploads\/2024\/02\/292174272_10166721499260346_2543331385821028630_n.jpg 500w, https:\/\/menesianosoy.org\/wp-content\/uploads\/2024\/02\/292174272_10166721499260346_2543331385821028630_n-240x300.jpg 240w\" sizes=\"auto, (max-width: 500px) 85vw, 500px\" \/><\/figure>\n\n\n\n<p class=\"has-text-align-left\">Nuestra oraci\u00f3n es muy a menudo, una petici\u00f3n de ayuda en momentos de necesidad. Y esto es normal para el hombre porque necesitamos ayuda, necesitamos de los dem\u00e1s, necesitamos de Dios. As\u00ed es que para nosotros es normal pedirle algo a Dios, buscar su ayuda; y debemos tener en cuenta que la oraci\u00f3n que el Se\u00f1or nos ense\u00f1\u00f3: el \u00abPadre nuestro\u00bb es una oraci\u00f3n de petici\u00f3n, y con esta oraci\u00f3n el Se\u00f1or nos ense\u00f1a la importancia de nuestra oraci\u00f3n, limpia y purifica nuestros deseos, y de este modo limpia y purifica nuestro coraz\u00f3n. As\u00ed es que, si de por s\u00ed es algo normal que en la oraci\u00f3n pidamos alguna cosa, no deber\u00eda ser siempre as\u00ed.<br><br>Hay tambi\u00e9n ocasi\u00f3n para dar gracias, y si estamos atentos, veremos que recibimos de Dios tantas cosas buenas: es tan bueno con nosotros que conviene, es necesario, darle gracias. Y esta debe ser tambi\u00e9n una oraci\u00f3n de alabanza: si nuestro coraz\u00f3n est\u00e1 abierto, a pesar de todos los problemas, apreciamos tambi\u00e9n la belleza de su creaci\u00f3n, la bondad que nos muestra en su creaci\u00f3n.<br><br>Un hijo tiene \u00abalgo\u00bb que su padre no puede resistir, sin poder explicar bien por qu\u00e9. As\u00ed es esto de ser padre. A Dios tambi\u00e9n le pasa. Cristo nos pas\u00f3 el secreto, al ense\u00f1arnos a orar, empezando con esa palabra m\u00e1gica que lo puede todo, si la decimos con el coraz\u00f3n: \u00abPadre\u00bb. No importa cu\u00e1ntas palabras digamos. Tampoco si las frases tienen sentido o belleza literaria. Lo que a \u00c9l le importa es que somos nosotros, sus hijos, quienes nos dirigimos a \u00c9l.<br><br>Un \u00abPadre nuestro\u00bb, rezado como un acto de amor y de entrega, arranca de Dios aquello que m\u00e1s necesitamos. Cada una de sus palabras puede ayudarnos a hacer una nueva oraci\u00f3n, pues contiene las verdades m\u00e1s profundas de nuestra fe. Que \u00c9l es nuestro Padre; y de ah\u00ed se deriva que nos ama, que nos escucha, que nos cuida, que nos espera en el cielo. Que nuestra vida tiene sentido en buscar su gloria, en instaurar su Reino en el mundo, en cumplir su voluntad. Que nos cuida de los peligros y nos da el alimento y la fuerza espiritual que necesitamos para recorrer el camino hacia \u00c9L.<br><br>Quiz\u00e1s desde muy peque\u00f1os venimos repitiendo, con mayor o menor devoci\u00f3n, la gran oraci\u00f3n del cristiano. Pero sin duda, cada vez que lo hacemos, Dios \u00abinterrumpe todas sus ocupaciones\u00bb para escucharnos y atendernos como el mejor de los padres.<\/p>\n\n\n\n<h4 class=\"wp-block-heading has-text-align-left has-vivid-cyan-blue-color has-text-color has-link-color wp-elements-eda3c876e7a9676023858aa16007a202\"><br><strong><em>Palabras de Juan Mar\u00eda<\/em><\/strong><\/h4>\n\n\n\n<p class=\"has-text-align-left\"><img decoding=\"async\" class=\"wp-image-618\" style=\"width: 150px;\" src=\"https:\/\/menesianosoy.org\/wp-content\/uploads\/2023\/08\/j.png\" alt=\"\"><br><em>Exponer nuestras miserias a nuestro Padre que est\u00e1 en los cielos, con humilde confianza. No hacer al rezar, violentos esfuerzos por elevarnos a altas consideraciones; cuando \u00e9l nos llama y nos atrae, seguir el rastro de su gracia, ir a \u00e9l con la sencillez de un ni\u00f1o peque\u00f1o, que se deja conducir de la mano.\u00a0\u00a0 (Memorial 18 \u2013 19)<\/em><\/p>\n\n\n\n<h4 class=\"wp-block-heading has-text-align-left has-vivid-cyan-blue-color has-text-color has-link-color wp-elements-5d57d9eb551cc6699e1b754c09a29af6\"><br><strong><em>Padre nuestro, en Ti creemos<\/em><\/strong><\/h4>\n\n\n\n<figure class=\"wp-block-embed is-type-video is-provider-youtube wp-block-embed-youtube wp-embed-aspect-4-3 wp-has-aspect-ratio\"><div class=\"wp-block-embed__wrapper\">\n<iframe loading=\"lazy\" title=\"Padre Nuestro En el mar he oido hoy\" width=\"1140\" height=\"855\" src=\"https:\/\/www.youtube.com\/embed\/ohs3c9t1xB4?feature=oembed\" frameborder=\"0\" allow=\"accelerometer; autoplay; clipboard-write; encrypted-media; gyroscope; picture-in-picture; web-share\" allowfullscreen><\/iframe>\n<\/div><\/figure>\n\n\n\n<p class=\"has-text-align-left\">En el mar he o\u00eddo hoy,<br>Se\u00f1or, tu voz que me llam\u00f3<br>y me pidi\u00f3 que me entregara<br>a mis hermanos.<br>Esa voz me transform\u00f3,<br>mi vida entera ya cambi\u00f3<br>y s\u00f3lo pienso ahora, Se\u00f1or,<br>en repetirte:<br><br>Padre Nuestro, en ti creemos,<br>Padre Nuestro, te ofrecemos,<br>Padre Nuestro,<br>nuestras manos de hermanos.<br><br>Cuando vaya a alg\u00fan lugar,<br>conmigo te quiero llevar,<br>a mi familia y a mis amigos y seguirte,<br>porque T\u00fa eres el amor,<br>porque tu nombre es la verdad<br>porque jam\u00e1s me cansare de repetirte:<br><br>Cuando miro alrededor,<br>Se\u00f1or, me cuesta comprender,<br>me siento solo, y al hablar<br>me quema un grito,<br>se confunde con dolor,<br>Se\u00f1or, la dicha de saber,<br>que estas de nuevo junto a m\u00ed;<br>te necesito.<\/p>\n\n\n\n<p class=\"has-luminous-vivid-orange-background-color has-background\"><\/p>\n\n\n\n<figure class=\"wp-block-image size-full\"><img decoding=\"async\" src=\"https:\/\/menesianosoy.org\/wp-content\/uploads\/2024\/02\/Logo-Jime-800-p-20-1-768x789-10.jpg\" alt=\"\" class=\"wp-image-10169\"\/><\/figure>\n","protected":false},"excerpt":{"rendered":"<p>D\u00eda Mundial de la Justicia Social Isa\u00edas 55, 10-11Salmo 33, 4-7. 16-19 Evangelio: Mateo 6, 7-15 Cuando oren, no hablen mucho, como hacen los paganos: ellos creen que por mucho hablar ser\u00e1n escuchados.No hagan como ellos, porque el Padre que est\u00e1 en el cielo sabe bien qu\u00e9 es lo que les hace falta, antes de &hellip; <a href=\"https:\/\/menesianosoy.org\/index.php\/2024\/02\/16\/martes-de-la-2a-semana-de-cuaresma\/\" class=\"more-link\">Continue reading<span class=\"screen-reader-text\"> \u00abMartes de la 2\u00aa semana de Cuaresma\u00bb<\/span><\/a><\/p>\n","protected":false},"author":3,"featured_media":0,"comment_status":"closed","ping_status":"closed","sticky":false,"template":"","format":"standard","meta":{"_acf_changed":false,"footnotes":""},"categories":[9],"tags":[],"class_list":["post-10150","post","type-post","status-publish","format-standard","hentry","category-evangelio"],"acf":[],"_links":{"self":[{"href":"https:\/\/menesianosoy.org\/index.php\/wp-json\/wp\/v2\/posts\/10150","targetHints":{"allow":["GET"]}}],"collection":[{"href":"https:\/\/menesianosoy.org\/index.php\/wp-json\/wp\/v2\/posts"}],"about":[{"href":"https:\/\/menesianosoy.org\/index.php\/wp-json\/wp\/v2\/types\/post"}],"author":[{"embeddable":true,"href":"https:\/\/menesianosoy.org\/index.php\/wp-json\/wp\/v2\/users\/3"}],"replies":[{"embeddable":true,"href":"https:\/\/menesianosoy.org\/index.php\/wp-json\/wp\/v2\/comments?post=10150"}],"version-history":[{"count":8,"href":"https:\/\/menesianosoy.org\/index.php\/wp-json\/wp\/v2\/posts\/10150\/revisions"}],"predecessor-version":[{"id":10188,"href":"https:\/\/menesianosoy.org\/index.php\/wp-json\/wp\/v2\/posts\/10150\/revisions\/10188"}],"wp:attachment":[{"href":"https:\/\/menesianosoy.org\/index.php\/wp-json\/wp\/v2\/media?parent=10150"}],"wp:term":[{"taxonomy":"category","embeddable":true,"href":"https:\/\/menesianosoy.org\/index.php\/wp-json\/wp\/v2\/categories?post=10150"},{"taxonomy":"post_tag","embeddable":true,"href":"https:\/\/menesianosoy.org\/index.php\/wp-json\/wp\/v2\/tags?post=10150"}],"curies":[{"name":"wp","href":"https:\/\/api.w.org\/{rel}","templated":true}]}}