{"id":10315,"date":"2024-02-23T17:28:29","date_gmt":"2024-02-23T20:28:29","guid":{"rendered":"https:\/\/menesianosoy.org\/?p=10315"},"modified":"2024-02-23T21:47:20","modified_gmt":"2024-02-24T00:47:20","slug":"lunes-de-la-2a-semana-de-cuaresma-3","status":"publish","type":"post","link":"https:\/\/menesianosoy.org\/index.php\/2024\/02\/23\/lunes-de-la-2a-semana-de-cuaresma-3\/","title":{"rendered":"Lunes de la 2\u00aa semana de Cuaresma"},"content":{"rendered":"\n<p class=\"has-text-align-left\"><strong><em>Daniel 9, 4-10<br>Salmo 78, 8-9. 11. 13<\/em><\/strong><\/p>\n\n\n\n<h4 class=\"wp-block-heading has-text-align-left has-vivid-cyan-blue-color has-text-color has-link-color wp-elements-08d0cd25b2a37090971180a0e81f041d\"><br><strong>Evangelio: Lucas 6, 36-38<\/strong><\/h4>\n\n\n\n<p class=\"has-text-align-left\"><strong>Jes\u00fas dijo a sus disc\u00edpulos: Sean misericordiosos, como el Padre de ustedes es misericordioso.<br>No juzguen y no ser\u00e1n juzgados; no condenen y no ser\u00e1n condenados; perdonen y ser\u00e1n perdonados.<br>Den, y se les dar\u00e1. Les volcar\u00e1n sobre el regazo una buena medida, apretada, sacudida y desbordante. Porque la medida con que ustedes midan tambi\u00e9n se usar\u00e1 para ustedes.<\/strong><\/p>\n\n\n\n<figure class=\"wp-block-image size-full\"><img loading=\"lazy\" decoding=\"async\" width=\"400\" height=\"300\" src=\"https:\/\/menesianosoy.org\/wp-content\/uploads\/2024\/02\/56445ec42bd293ec837c45659316f1a8.jpg\" alt=\"\" class=\"wp-image-10326\" srcset=\"https:\/\/menesianosoy.org\/wp-content\/uploads\/2024\/02\/56445ec42bd293ec837c45659316f1a8.jpg 400w, https:\/\/menesianosoy.org\/wp-content\/uploads\/2024\/02\/56445ec42bd293ec837c45659316f1a8-300x225.jpg 300w\" sizes=\"auto, (max-width: 400px) 85vw, 400px\" \/><\/figure>\n\n\n\n<p class=\"has-text-align-left\">Para los jud\u00edos del tiempo de Jes\u00fas, Dios era el Santo por excelencia y ellos ten\u00edan como tarea imitarlo, tal como dice el libro de los Lev\u00edticos 19,2: <em>\u201cSean santos, porque yo, Yahv\u00e9h, su Dios, soy santo\u201d. <\/em>Pero la santidad jud\u00eda ten\u00eda mucho que ver con la pureza ritual, entendida como la no contaminaci\u00f3n con lo impuro. Eso exig\u00eda el rechazo y el no contacto con gente considerada impura, como los paganos, leprosos, etc.<br><br>Jes\u00fas trae la novedad de que la santidad tiene que ver con la compasi\u00f3n, con el perd\u00f3n, con el amar a todos sin discriminaci\u00f3n. Trae la novedad de un Dios misericordioso, que no hace acepci\u00f3n de personas, que perdona y da con generosidad. Jes\u00fas fue fiel reflejo de su Padre, con su mirada compasiva sobre todos los que sufr\u00edan alguna dolencia, con su \u2018m\u00edstica de ojos abiertos\u2019, con esa capacidad de ser hermano de todos.<br><br>Seamos santos con nuestras actitudes de acogida, de aceptaci\u00f3n de los dem\u00e1s sin condiciones, de no violencia, de b\u00fasqueda del bien para todos. Un cristiano debe ser un \u2018especialista\u2019 en misericordia, no un \u2018guardia fronterizo\u2019 que mira minuciosamente si todo est\u00e1 en orden. Nunca todo est\u00e1 en orden, siempre podemos encontrar algo de qu\u00e9 quejarnos del que est\u00e1 a nuestro lado. Tampoco en nuestra vida siempre todo est\u00e1 en orden y esperamos la comprensi\u00f3n de los dem\u00e1s y el cari\u00f1o, aunque a veces les fallamos.<\/p>\n\n\n\n<p class=\"has-text-align-left\"><br><strong>M\u00c1XIMA<br><em>Sean misericordiosos como Dios<\/em><\/strong><\/p>\n\n\n\n<h4 class=\"wp-block-heading has-text-align-left has-vivid-cyan-blue-color has-text-color has-link-color wp-elements-e832de5dc0ef380d680b7a2f0b34880a\"><strong>\u200b<\/strong><br><strong>Palabras de Juan Mar\u00eda<\/strong><\/h4>\n\n\n\n<p class=\"has-text-align-left\"><img decoding=\"async\" class=\"wp-image-618\" style=\"width: 150px;\" src=\"https:\/\/menesianosoy.org\/wp-content\/uploads\/2023\/08\/j.png\" alt=\"\"><br><em>Es una ilusi\u00f3n, lo s\u00e9, y t\u00fa misma has sido arrastrada, sin percibirlo, por un movimiento de destrucci\u00f3n que ha atra\u00eddo a otras a tu alrededor, sin ellas darse cuenta. \u00a1Oh, lo siento por ti! \u00a1Oh, cu\u00e1nto te compadezco, mi querida hija! Mis palabras son firmes porque deben serlo; pero no son amargas: en lo m\u00e1s profundo de mi coraz\u00f3n roto, no hay m\u00e1s sentimientos que los de una caridad sincera y una compasi\u00f3n tierna: s\u00ed, siempre amar\u00e9 en Jesucristo, pase lo que pase y hagan lo que hagan, a aquellos que fueron mis hijos. \u00a1Ya no me llamar\u00e1n su padre! Pero no me impedir\u00e1n permanecer invariable en mis afectos y en mi amor por ellos. (Carta a la hermana Le Breton, 05-06-1835)<\/em><\/p>\n\n\n\n<h4 class=\"wp-block-heading has-text-align-left has-vivid-cyan-blue-color has-text-color has-link-color wp-elements-46d33afe5e5977db292663a4d793d821\"><strong><br>Vivimos tu misericordia \u2013 Mart\u00edn Roig<\/strong><\/h4>\n\n\n\n<figure class=\"wp-block-embed is-type-video is-provider-youtube wp-block-embed-youtube wp-embed-aspect-16-9 wp-has-aspect-ratio\"><div class=\"wp-block-embed__wrapper\">\n<iframe loading=\"lazy\" title=\"Vivimos tu misericordia\" width=\"1140\" height=\"641\" src=\"https:\/\/www.youtube.com\/embed\/qo4smN_c8OQ?feature=oembed\" frameborder=\"0\" allow=\"accelerometer; autoplay; clipboard-write; encrypted-media; gyroscope; picture-in-picture; web-share\" allowfullscreen><\/iframe>\n<\/div><\/figure>\n\n\n\n<p class=\"has-text-align-left\">Somos llamados como menesianos<br>a ser una familia, todos hermanos.<br>Tenemos un Padre<br>que es amoroso \u00c9l es un Dios maravilloso.<br><br>Tu misericordia es nueva cada d\u00eda,<br>m\u00e1s grande que los cielos,<br>que el sol del mediod\u00eda.<br>\u00bfC\u00f3mo no quererte si eres alegr\u00eda?<br>Tu misericordia transform\u00f3 nuestra vida.<br><br>Si hay problemas, no estamos solos,<br>tenemos un Dios que es poderoso.<br>Siempre nos entiende, es amoroso,<br>tenemos un Dios maravilloso.<\/p>\n\n\n\n<p class=\"has-text-align-left has-vivid-purple-background-color has-background\"><\/p>\n\n\n\n<figure class=\"wp-block-image size-full\"><img decoding=\"async\" src=\"https:\/\/menesianosoy.org\/wp-content\/uploads\/2024\/02\/Logo-Jime-800-p-20-1-768x789-17.jpg\" alt=\"\" class=\"wp-image-10322\"\/><\/figure>\n","protected":false},"excerpt":{"rendered":"<p>Daniel 9, 4-10Salmo 78, 8-9. 11. 13 Evangelio: Lucas 6, 36-38 Jes\u00fas dijo a sus disc\u00edpulos: Sean misericordiosos, como el Padre de ustedes es misericordioso.No juzguen y no ser\u00e1n juzgados; no condenen y no ser\u00e1n condenados; perdonen y ser\u00e1n perdonados.Den, y se les dar\u00e1. Les volcar\u00e1n sobre el regazo una buena medida, apretada, sacudida y &hellip; <a href=\"https:\/\/menesianosoy.org\/index.php\/2024\/02\/23\/lunes-de-la-2a-semana-de-cuaresma-3\/\" class=\"more-link\">Continue reading<span class=\"screen-reader-text\"> \u00abLunes de la 2\u00aa semana de Cuaresma\u00bb<\/span><\/a><\/p>\n","protected":false},"author":3,"featured_media":0,"comment_status":"closed","ping_status":"closed","sticky":false,"template":"","format":"standard","meta":{"_acf_changed":false,"footnotes":""},"categories":[9],"tags":[],"class_list":["post-10315","post","type-post","status-publish","format-standard","hentry","category-evangelio"],"acf":[],"_links":{"self":[{"href":"https:\/\/menesianosoy.org\/index.php\/wp-json\/wp\/v2\/posts\/10315","targetHints":{"allow":["GET"]}}],"collection":[{"href":"https:\/\/menesianosoy.org\/index.php\/wp-json\/wp\/v2\/posts"}],"about":[{"href":"https:\/\/menesianosoy.org\/index.php\/wp-json\/wp\/v2\/types\/post"}],"author":[{"embeddable":true,"href":"https:\/\/menesianosoy.org\/index.php\/wp-json\/wp\/v2\/users\/3"}],"replies":[{"embeddable":true,"href":"https:\/\/menesianosoy.org\/index.php\/wp-json\/wp\/v2\/comments?post=10315"}],"version-history":[{"count":8,"href":"https:\/\/menesianosoy.org\/index.php\/wp-json\/wp\/v2\/posts\/10315\/revisions"}],"predecessor-version":[{"id":10361,"href":"https:\/\/menesianosoy.org\/index.php\/wp-json\/wp\/v2\/posts\/10315\/revisions\/10361"}],"wp:attachment":[{"href":"https:\/\/menesianosoy.org\/index.php\/wp-json\/wp\/v2\/media?parent=10315"}],"wp:term":[{"taxonomy":"category","embeddable":true,"href":"https:\/\/menesianosoy.org\/index.php\/wp-json\/wp\/v2\/categories?post=10315"},{"taxonomy":"post_tag","embeddable":true,"href":"https:\/\/menesianosoy.org\/index.php\/wp-json\/wp\/v2\/tags?post=10315"}],"curies":[{"name":"wp","href":"https:\/\/api.w.org\/{rel}","templated":true}]}}