{"id":10554,"date":"2024-03-02T09:44:52","date_gmt":"2024-03-02T12:44:52","guid":{"rendered":"https:\/\/menesianosoy.org\/?p=10554"},"modified":"2024-03-04T06:53:36","modified_gmt":"2024-03-04T09:53:36","slug":"san-casimiro","status":"publish","type":"post","link":"https:\/\/menesianosoy.org\/index.php\/2024\/03\/02\/san-casimiro\/","title":{"rendered":"San Casimiro"},"content":{"rendered":"\n<p class=\"has-text-align-left\"><strong><em>2\u00ba Reyes 5, 1-15<br>Salmo 41, 2-3.; 42, 3-4<\/em><\/strong><\/p>\n\n\n\n<h4 class=\"wp-block-heading has-text-align-left has-vivid-cyan-blue-color has-text-color has-link-color wp-elements-ecefaadbeff44b6176cadb18326ef8ed\"><br><strong>Evangelio: Lucas 4, 24-30<\/strong><\/h4>\n\n\n\n<p><strong><em>Jes\u00fas dijo a la multitud en Nazaret: Les aseguro que ning\u00fan profeta es bien recibido en su tierra.<\/em><\/strong><br><strong><em>Yo les aseguro que hab\u00eda muchas viudas en Israel en el tiempo de El\u00edas, cuando durante tres a\u00f1os y seis meses no hubo lluvia del cielo y el hambre azot\u00f3 a todo el pa\u00eds. Sin embargo, a ninguna de ellas fue enviado El\u00edas, sino a una viuda de Sarepta, en el pa\u00eds de Sid\u00f3n.<\/em><\/strong><br><strong><em>Tambi\u00e9n hab\u00eda muchos leprosos en Israel, en el tiempo del profeta Eliseo, pero ninguno de ellos fue curado, sino Naam\u00e1n, el sirio.<\/em><\/strong><br><strong><em>Al o\u00edr estas palabras, todos los que estaban en la sinagoga se enfurecieron y, levant\u00e1ndose, lo empujaron fuera de la ciudad, hasta un lugar escarpado de la colina sobre la que se levantaba la ciudad, con intenci\u00f3n de despe\u00f1arlo.<\/em><\/strong><br><strong><em>Pero Jes\u00fas, pasando en medio de ellos, continu\u00f3 su camino.<\/em><\/strong><\/p>\n\n\n\n<figure class=\"wp-block-image size-full\"><img loading=\"lazy\" decoding=\"async\" width=\"249\" height=\"202\" src=\"https:\/\/menesianosoy.org\/wp-content\/uploads\/2024\/03\/images.jpeg\" alt=\"\" class=\"wp-image-10561\"\/><\/figure>\n\n\n\n<p class=\"has-text-align-left\">Este relato del evangelio pone al descubierto lo peligroso que es el nacionalismo intolerante y fan\u00e1tico. En Nazaret abundaban los nacionalistas de ese estilo. Por eso se pusieron furiosos cuando Jes\u00fas les dijo que una viuda de Sarepta y un leproso de siria hab\u00edan sido preferidos a las viudas o leprosos de Israel. Este tipo de nacionalismo no tolera que los \u201cextranjeros\u201d sean mejor considerados o tratados que ellos.<br><br>Es bueno amar la propia patria y nacionalidad. Pero no es bueno ni el fanatismo, ni la intolerancia. Porque <em>\u201cel nacionalismo, que se vincula a la intolerancia y al fanatismo, reside en el hecho de obligar a los dem\u00e1s a cambiar\u201d<\/em> (Amos Oz, escritor Israelita). Y la intolerancia lleva consigo el rechazo de las creencias y convicciones de los dem\u00e1s, unido al poder de impedir que los otros vivan como ellos creen que es m\u00e1s conveniente.<br><br>Jes\u00fas vio y experiment\u00f3 el peligro que lleva consigo el nacionalismo, as\u00ed vivido, porque divide y enfrenta a las personas, a los pueblos y a las culturas, desencadena violencia y desprecios mutuos. Y desde un punto de vista religiosos, este tipo de nacionalismo se convierte en una especie de religi\u00f3n civil que se fundamenta en un dios violento, intolerante y peligroso. Por lo tanto, no se trataba del problema de los derechos de un pueblo frente a la fuerza opresora del Imperio Romano. Jes\u00fas no quiso entrar en ese problema, ni vincularse a los movimientos de resistencia. Jes\u00fas vio que los problemas m\u00e1s serios de los pueblos se resuelven radicalmente desde la conversi\u00f3n propia de cada ciudadano. No se resuelven, sino que se agravan, mediante el enfrentamiento de los d\u00e9biles (jud\u00edos\/palestinos) contra los fuertes (romanos- Israel). Una invitaci\u00f3n urgente a otro estilo de relaciones m\u00e1s humanas y dignas, que permitan el reconocimiento del otro.<\/p>\n\n\n\n<p class=\"has-text-align-left\"><br><strong><em>MAXIMA<br>Acepta a cada uno como es<\/em><\/strong><\/p>\n\n\n\n<h4 class=\"wp-block-heading has-text-align-left has-vivid-cyan-blue-color has-text-color has-link-color wp-elements-fc106bf8187ed34fa9151c6c240c10b4\"><br><strong>Palabras de Juan Mar\u00eda<\/strong><\/h4>\n\n\n\n<p class=\"has-text-align-left\"><img decoding=\"async\" class=\"wp-image-618\" style=\"width: 150px;\" src=\"https:\/\/menesianosoy.org\/wp-content\/uploads\/2023\/08\/j.png\" alt=\"\"><br><em>Yo hab\u00eda nombrado tres Hermanos para la escuela de Gor\u00e9e de acuerdo con la solicitud oficial que me hab\u00eda hecho el ministro y t\u00fa no has aceptado m\u00e1s que a dos, enviando el tercero a San Luis, sin saber yo por qu\u00e9. De esta manera, el plantel de San Luis se halla sobredimensionado de manera irregular y el de Gor\u00e9e no est\u00e1 completo.\u201d (Al H. Eutimio, 2 de junio de 1849)<\/em><\/p>\n\n\n\n<h4 class=\"wp-block-heading has-text-align-left has-vivid-cyan-blue-color has-text-color has-link-color wp-elements-572440831f916a642533b61e4a2d9932\"><br><strong><em>Mi forma de ser &#8211; Artistas unidos<\/em><\/strong><\/h4>\n\n\n\n<figure class=\"wp-block-embed is-type-video is-provider-youtube wp-block-embed-youtube wp-embed-aspect-16-9 wp-has-aspect-ratio\"><div class=\"wp-block-embed__wrapper\">\n<iframe loading=\"lazy\" title=\"&quot;Mi forma de Ser&quot;. Artistas unidos contra la discriminaci\u00f3n  (Generaci\u00f3n Cero)\" width=\"1140\" height=\"641\" src=\"https:\/\/www.youtube.com\/embed\/EL_3RK9rxEg?feature=oembed\" frameborder=\"0\" allow=\"accelerometer; autoplay; clipboard-write; encrypted-media; gyroscope; picture-in-picture; web-share\" allowfullscreen><\/iframe>\n<\/div><\/figure>\n\n\n\n<p class=\"has-text-align-left\">Por c\u00f3mo me visto no me dejan entrar,<br>por c\u00f3mo me veo me van a relegar,<br>porque no soy joven no puedo trabajar,<br>\u00a1No m\u00e1s!<br><br>Porque estoy enfermo no me van a aceptar,<br>porque por mi estado ya no valgo igual,<br>porque mi sonrisa te llego a molestar,<br>\u00a1No m\u00e1s!<br><br>Nom\u00e1s yo quiero un mundo sincero<br>ese que respete mi forma de ser.<br>Nom\u00e1s yo quiero vivir esta vida,<br>sin ser se\u00f1alado y sin discriminar.<br><br>Porque no me visto como alguien normal,<br>porque mi trabajo te lleg\u00f3 a molestar<br>porque con mi esposa no fuimos al altar,<br>\u00a1No m\u00e1s!<br><br>Porque no me gusta lo que me debe gustar,<br>porque soy culpable por nacer desigual,<br>yo no creo eso yo me siento igual a vos.<br>Nom\u00e1s yo quiero un pa\u00eds m\u00e1s bueno,<br>despertar los d\u00edas con m\u00e1s ilusi\u00f3n.<br>Nom\u00e1s yo quiero vivir esta vida <br>con mucha esperanza, mi generaci\u00f3n.<br><br>RAP<br>no me importa tu color de piel,<br>sexo, raza o religi\u00f3n.<br>\u00a0Pero es menester saber:<br>\u00bfTienes limpio el coraz\u00f3n?<br>Somos hermanos en esta misma pecera<br>y como sea compartimos<br>el espacio que nos queda.<br>\u00bfVes que yo me apunto <br>para mejorar el mundo?<br>La ignorancia se combate <br>con educaci\u00f3n y punto,<br>la pobreza con empleo,<br>el llanto con felicidad,<br>guerra con respeto,<br>miedo con seguridad de que <br>somos iguales, libres, <br>para so\u00f1ar que el rico reparta plata<br>y el pobre la aprenda a ganar.<br>As\u00ed de simple, as\u00ed de claro,<br>que la frontera se derribe,<br>no hay diferencia entre humano,<br>el que lee y el que escribe.<br>S\u00f3lo existe el tiempo <br>que se acaba para cada quien. <br>Nuestros hijos son la huella<br>que dejamos para el bien,<br>pero lo cierto es que hay<br>un trecho largo por recorrer.<br>No podemos descansar,<br>no hay tiempo que perder.<\/p>\n\n\n\n<p class=\"has-vivid-purple-background-color has-background\"><\/p>\n\n\n\n<figure class=\"wp-block-image size-full\"><img decoding=\"async\" src=\"https:\/\/menesianosoy.org\/wp-content\/uploads\/2024\/03\/Logo-Jime-800-p-20-1-768x789-2.jpg\" alt=\"\" class=\"wp-image-10564\"\/><\/figure>\n","protected":false},"excerpt":{"rendered":"<p>2\u00ba Reyes 5, 1-15Salmo 41, 2-3.; 42, 3-4 Evangelio: Lucas 4, 24-30 Jes\u00fas dijo a la multitud en Nazaret: Les aseguro que ning\u00fan profeta es bien recibido en su tierra.Yo les aseguro que hab\u00eda muchas viudas en Israel en el tiempo de El\u00edas, cuando durante tres a\u00f1os y seis meses no hubo lluvia del cielo &hellip; <a href=\"https:\/\/menesianosoy.org\/index.php\/2024\/03\/02\/san-casimiro\/\" class=\"more-link\">Continue reading<span class=\"screen-reader-text\"> \u00abSan Casimiro\u00bb<\/span><\/a><\/p>\n","protected":false},"author":3,"featured_media":0,"comment_status":"closed","ping_status":"closed","sticky":false,"template":"","format":"standard","meta":{"_acf_changed":false,"footnotes":""},"categories":[9],"tags":[],"class_list":["post-10554","post","type-post","status-publish","format-standard","hentry","category-evangelio"],"acf":[],"_links":{"self":[{"href":"https:\/\/menesianosoy.org\/index.php\/wp-json\/wp\/v2\/posts\/10554","targetHints":{"allow":["GET"]}}],"collection":[{"href":"https:\/\/menesianosoy.org\/index.php\/wp-json\/wp\/v2\/posts"}],"about":[{"href":"https:\/\/menesianosoy.org\/index.php\/wp-json\/wp\/v2\/types\/post"}],"author":[{"embeddable":true,"href":"https:\/\/menesianosoy.org\/index.php\/wp-json\/wp\/v2\/users\/3"}],"replies":[{"embeddable":true,"href":"https:\/\/menesianosoy.org\/index.php\/wp-json\/wp\/v2\/comments?post=10554"}],"version-history":[{"count":10,"href":"https:\/\/menesianosoy.org\/index.php\/wp-json\/wp\/v2\/posts\/10554\/revisions"}],"predecessor-version":[{"id":10674,"href":"https:\/\/menesianosoy.org\/index.php\/wp-json\/wp\/v2\/posts\/10554\/revisions\/10674"}],"wp:attachment":[{"href":"https:\/\/menesianosoy.org\/index.php\/wp-json\/wp\/v2\/media?parent=10554"}],"wp:term":[{"taxonomy":"category","embeddable":true,"href":"https:\/\/menesianosoy.org\/index.php\/wp-json\/wp\/v2\/categories?post=10554"},{"taxonomy":"post_tag","embeddable":true,"href":"https:\/\/menesianosoy.org\/index.php\/wp-json\/wp\/v2\/tags?post=10554"}],"curies":[{"name":"wp","href":"https:\/\/api.w.org\/{rel}","templated":true}]}}