{"id":10792,"date":"2024-03-09T09:36:12","date_gmt":"2024-03-09T12:36:12","guid":{"rendered":"https:\/\/menesianosoy.org\/?p=10792"},"modified":"2024-03-09T09:45:18","modified_gmt":"2024-03-09T12:45:18","slug":"jueves-de-la-4a-semana-de-cuaresma-2","status":"publish","type":"post","link":"https:\/\/menesianosoy.org\/index.php\/2024\/03\/09\/jueves-de-la-4a-semana-de-cuaresma-2\/","title":{"rendered":"Jueves de la 4\u00aa semana de Cuaresma"},"content":{"rendered":"\n<h4 class=\"wp-block-heading has-text-align-left has-vivid-purple-color has-text-color has-link-color wp-elements-73c8bbd5324a57451b81e1b521e940e4\"><br><strong><em>Oraci\u00f3n<\/em><\/strong><\/h4>\n\n\n\n<p class=\"has-text-align-left\"><strong><em>Padre bueno,<br>te doy gracias por la vida,<br>regalo de tu amor.<br>Haz que la comparta con todos:<br>con mis hermanos, con mi familia,<br>con mis amigos,<br>tejiendo lazos como lo hizo Jes\u00fas.<br>Env\u00edame tu Esp\u00edritu Santo<br>para descubrir lo que quieres de m\u00ed.<br>Hazme cada d\u00eda m\u00e1s parecido a tu Hijo:<br>que sus sentimientos sean mis sentimientos,<br>que sus pensamientos<br>sean mis pensamientos,<br>que su proyecto sea mi proyecto,<br>que ame como \u00c9l am\u00f3.<br>Como a Mar\u00eda, Padre Bueno,<br>conc\u00e9denos a todos<br>un coraz\u00f3n d\u00f3cil a tu Palabra.<br>Am\u00e9n<\/em><\/strong><\/p>\n\n\n\n<h4 class=\"wp-block-heading has-text-align-left has-vivid-purple-color has-text-color has-link-color wp-elements-e24848239ac3eeb626a27cc800272ce3\"><br><strong><em>Intenciones<\/em><\/strong><\/h4>\n\n\n\n<ul class=\"wp-block-list\">\n<li>Por las vocaciones en nuestro Distrito y la casa de formaci\u00f3n de El Alto.<\/li>\n\n\n\n<li>Por la familia menesiana del colegio Nuestra Se\u00f1ora del Rosario de Bialet Mass\u00e9.<\/li>\n\n\n\n<li>Por la comunidad de Kabojja (Uganda).<\/li>\n\n\n\n<li>Por el Cap\u00edtulo general.<\/li>\n\n\n\n<li>Por la paz en el mundo.<\/li>\n\n\n\n<li><\/li>\n<\/ul>\n\n\n\n<h4 class=\"wp-block-heading has-text-align-left has-vivid-purple-color has-text-color has-link-color wp-elements-d13a5f97674ff4c82422b5eb24c64c2f\"><br><strong><em>Directorio 31 a<\/em><\/strong><\/h4>\n\n\n\n<p class=\"has-text-align-left\">De la misma forma que Jes\u00fas, luz en las tinieblas, dejaba adivinar en su persona la cercan\u00eda del Reino, as\u00ed toda verdadera Comunidad reunida de una manera visible en su nombre, anuncia el Reino de Dios.<\/p>\n\n\n\n<h4 class=\"wp-block-heading has-text-align-left has-vivid-purple-color has-text-color has-link-color wp-elements-1a0cc197780ec7e440ec8f8e44df2b35\"><br><strong><em>Al Hno. \u00c9tienne-Marie, 14 diciembre 1839 <\/em><\/strong><\/h4>\n\n\n\n<p class=\"has-text-align-left\">No descuides nada para que tus alumnos progresen. Pero preoc\u00fapate sobre todo de instruirles en la Religi\u00f3n e inspirarles esp\u00edritu de piedad.<\/p>\n\n\n\n<h4 class=\"wp-block-heading has-text-align-left has-vivid-purple-color has-text-color has-link-color wp-elements-c8d8fb74f70caca431f53ffe68f63588\"><br><strong><em>Difuntos<\/em><\/strong><\/h4>\n\n\n\n<p class=\"has-text-align-left\">1975: Ange G\u00e9gard (Gilbert-Marie)<br>1983: Yves Bleuven (Tharsicius)<br>2000: Germain M\u00e9nard (Prosper-Andr\u00e9)<br>2012: Marcel Deshaillers (Charles-Louis)<\/p>\n","protected":false},"excerpt":{"rendered":"<p>Oraci\u00f3n Padre bueno,te doy gracias por la vida,regalo de tu amor.Haz que la comparta con todos:con mis hermanos, con mi familia,con mis amigos,tejiendo lazos como lo hizo Jes\u00fas.Env\u00edame tu Esp\u00edritu Santopara descubrir lo que quieres de m\u00ed.Hazme cada d\u00eda m\u00e1s parecido a tu Hijo:que sus sentimientos sean mis sentimientos,que sus pensamientossean mis pensamientos,que su proyecto &hellip; <a href=\"https:\/\/menesianosoy.org\/index.php\/2024\/03\/09\/jueves-de-la-4a-semana-de-cuaresma-2\/\" class=\"more-link\">Continue reading<span class=\"screen-reader-text\"> \u00abJueves de la 4\u00aa semana de Cuaresma\u00bb<\/span><\/a><\/p>\n","protected":false},"author":3,"featured_media":0,"comment_status":"closed","ping_status":"closed","sticky":false,"template":"","format":"standard","meta":{"_acf_changed":false,"footnotes":""},"categories":[3],"tags":[],"class_list":["post-10792","post","type-post","status-publish","format-standard","hentry","category-calendario"],"acf":[],"_links":{"self":[{"href":"https:\/\/menesianosoy.org\/index.php\/wp-json\/wp\/v2\/posts\/10792","targetHints":{"allow":["GET"]}}],"collection":[{"href":"https:\/\/menesianosoy.org\/index.php\/wp-json\/wp\/v2\/posts"}],"about":[{"href":"https:\/\/menesianosoy.org\/index.php\/wp-json\/wp\/v2\/types\/post"}],"author":[{"embeddable":true,"href":"https:\/\/menesianosoy.org\/index.php\/wp-json\/wp\/v2\/users\/3"}],"replies":[{"embeddable":true,"href":"https:\/\/menesianosoy.org\/index.php\/wp-json\/wp\/v2\/comments?post=10792"}],"version-history":[{"count":3,"href":"https:\/\/menesianosoy.org\/index.php\/wp-json\/wp\/v2\/posts\/10792\/revisions"}],"predecessor-version":[{"id":10797,"href":"https:\/\/menesianosoy.org\/index.php\/wp-json\/wp\/v2\/posts\/10792\/revisions\/10797"}],"wp:attachment":[{"href":"https:\/\/menesianosoy.org\/index.php\/wp-json\/wp\/v2\/media?parent=10792"}],"wp:term":[{"taxonomy":"category","embeddable":true,"href":"https:\/\/menesianosoy.org\/index.php\/wp-json\/wp\/v2\/categories?post=10792"},{"taxonomy":"post_tag","embeddable":true,"href":"https:\/\/menesianosoy.org\/index.php\/wp-json\/wp\/v2\/tags?post=10792"}],"curies":[{"name":"wp","href":"https:\/\/api.w.org\/{rel}","templated":true}]}}