{"id":10926,"date":"2024-03-15T12:49:24","date_gmt":"2024-03-15T15:49:24","guid":{"rendered":"https:\/\/menesianosoy.org\/?p=10926"},"modified":"2024-03-15T12:56:20","modified_gmt":"2024-03-15T15:56:20","slug":"san-cirilo-de-alejandria-2","status":"publish","type":"post","link":"https:\/\/menesianosoy.org\/index.php\/2024\/03\/15\/san-cirilo-de-alejandria-2\/","title":{"rendered":"San Cirilo de Alejandr\u00eda"},"content":{"rendered":"\n<p class=\"has-text-align-left\"><strong><em>1814 &#8211; Llegada a S. Brieuc del P. la Mennais como secretario particular de Mons. J.B. Caffareli<br>1982 &#8211; El Hno. Bernard Gaudeul es elegido Superior Genera<\/em><\/strong>l.<\/p>\n\n\n\n<h4 class=\"wp-block-heading has-text-align-left has-vivid-purple-color has-text-color has-link-color wp-elements-73c8bbd5324a57451b81e1b521e940e4\"><br><strong><em>Oraci\u00f3n<\/em><\/strong><\/h4>\n\n\n\n<p class=\"has-text-align-left\"><strong><em>\u00a1Se\u00f1or, t\u00fa me invitas<br>a conocer la verdad de mi vida!<br>\u00a1Sin ser aut\u00e9ntico, dif\u00edcilmente\u00a0<br>podr\u00e9 responder a mi vocaci\u00f3n<br>a la plenitud y alcanzar la felicidad!\u00a0<br>\u00a1Se\u00f1or, no me dejes<br>saciar por las apariencias,<br>sino que env\u00eda tu Esp\u00edritu\u00a0<br>para que edifique mi vida\u00a0<br>sobre la solidez de la verdad!\u00a0<br>\u00a1Se\u00f1or, no permitas que las m\u00e1scaras\u00a0<br>aparenten lo que no soy.<\/em><\/strong><\/p>\n\n\n\n<h4 class=\"wp-block-heading has-text-align-left has-vivid-purple-color has-text-color has-link-color wp-elements-529d64b48c70b24afb37d99ed3c19ff0\"><br><strong><em>Intenciones <\/em><\/strong><\/h4>\n\n\n\n<ul class=\"wp-block-list\">\n<li>Por la familia menesiana del colegio Cardenal Copello de Buenos Aires.<\/li>\n\n\n\n<li>Por la comunidad de Kasasa (Uganda)<\/li>\n\n\n\n<li>Por la beatificaci\u00f3n de Juan Mar\u00eda.<\/li>\n\n\n\n<li>Por el H. Alfredo Cuesta de la comunidad del Menesiano de Madrid.<\/li>\n\n\n\n<li>Por el Cap\u00edtulo General.<\/li>\n<\/ul>\n\n\n\n<h4 class=\"wp-block-heading has-text-align-left has-vivid-purple-color has-text-color has-link-color wp-elements-8958bf68a91b6451e4889358f8e06c3f\"><br><strong><em>Directorio 43 a<\/em><\/strong><\/h4>\n\n\n\n<p class=\"has-text-align-left\">Peregrino en esta tierra, el Hermano vive con una gran libertad interior frente a los bienes temporales, una disponibilidad gozosa y una actitud de compartir. La pobreza religiosa supone en primer lugar esta disposici\u00f3n interior, y no es \u00fanicamente una cuesti\u00f3n econ\u00f3mica y social.<\/p>\n\n\n\n<h4 class=\"wp-block-heading has-text-align-left has-vivid-purple-color has-text-color has-link-color wp-elements-ac82443a74c2c75d0340b3f60a8d52f4\"><br><strong><em>M\u00e9morial, pp. 15-16<\/em><\/strong><\/h4>\n\n\n\n<p class=\"has-text-align-left\">Cuando el alma est\u00e1 reseca y la tristeza la embarga, vayan en esp\u00edritu al Huerto de los Olivos, arrod\u00edllense junto a Jesucristo, tomen el c\u00e1liz que se les ofrece y digan: \u00abPadre, no se haga mi voluntad, sino la tuya.\u00bb<\/p>\n\n\n\n<h4 class=\"wp-block-heading has-text-align-left has-vivid-purple-color has-text-color has-link-color wp-elements-c8d8fb74f70caca431f53ffe68f63588\"><br><strong><em>Difuntos<\/em><\/strong><\/h4>\n\n\n\n<p class=\"has-text-align-left\">1992: Octave Soulard (Ernest-Pierre)<br>1996: Joseph Bainvel (Lazarus)<\/p>\n","protected":false},"excerpt":{"rendered":"<p>1814 &#8211; Llegada a S. Brieuc del P. la Mennais como secretario particular de Mons. J.B. Caffareli1982 &#8211; El Hno. Bernard Gaudeul es elegido Superior General. Oraci\u00f3n \u00a1Se\u00f1or, t\u00fa me invitasa conocer la verdad de mi vida!\u00a1Sin ser aut\u00e9ntico, dif\u00edcilmente\u00a0podr\u00e9 responder a mi vocaci\u00f3na la plenitud y alcanzar la felicidad!\u00a0\u00a1Se\u00f1or, no me dejessaciar por las &hellip; <a href=\"https:\/\/menesianosoy.org\/index.php\/2024\/03\/15\/san-cirilo-de-alejandria-2\/\" class=\"more-link\">Continue reading<span class=\"screen-reader-text\"> \u00abSan Cirilo de Alejandr\u00eda\u00bb<\/span><\/a><\/p>\n","protected":false},"author":3,"featured_media":0,"comment_status":"closed","ping_status":"closed","sticky":false,"template":"","format":"standard","meta":{"_acf_changed":false,"footnotes":""},"categories":[3],"tags":[],"class_list":["post-10926","post","type-post","status-publish","format-standard","hentry","category-calendario"],"acf":[],"_links":{"self":[{"href":"https:\/\/menesianosoy.org\/index.php\/wp-json\/wp\/v2\/posts\/10926","targetHints":{"allow":["GET"]}}],"collection":[{"href":"https:\/\/menesianosoy.org\/index.php\/wp-json\/wp\/v2\/posts"}],"about":[{"href":"https:\/\/menesianosoy.org\/index.php\/wp-json\/wp\/v2\/types\/post"}],"author":[{"embeddable":true,"href":"https:\/\/menesianosoy.org\/index.php\/wp-json\/wp\/v2\/users\/3"}],"replies":[{"embeddable":true,"href":"https:\/\/menesianosoy.org\/index.php\/wp-json\/wp\/v2\/comments?post=10926"}],"version-history":[{"count":3,"href":"https:\/\/menesianosoy.org\/index.php\/wp-json\/wp\/v2\/posts\/10926\/revisions"}],"predecessor-version":[{"id":10931,"href":"https:\/\/menesianosoy.org\/index.php\/wp-json\/wp\/v2\/posts\/10926\/revisions\/10931"}],"wp:attachment":[{"href":"https:\/\/menesianosoy.org\/index.php\/wp-json\/wp\/v2\/media?parent=10926"}],"wp:term":[{"taxonomy":"category","embeddable":true,"href":"https:\/\/menesianosoy.org\/index.php\/wp-json\/wp\/v2\/categories?post=10926"},{"taxonomy":"post_tag","embeddable":true,"href":"https:\/\/menesianosoy.org\/index.php\/wp-json\/wp\/v2\/tags?post=10926"}],"curies":[{"name":"wp","href":"https:\/\/api.w.org\/{rel}","templated":true}]}}