{"id":10973,"date":"2024-03-16T11:04:46","date_gmt":"2024-03-16T14:04:46","guid":{"rendered":"https:\/\/menesianosoy.org\/?p=10973"},"modified":"2024-03-16T11:10:20","modified_gmt":"2024-03-16T14:10:20","slug":"miercoles-5o-de-cuaresma-2","status":"publish","type":"post","link":"https:\/\/menesianosoy.org\/index.php\/2024\/03\/16\/miercoles-5o-de-cuaresma-2\/","title":{"rendered":"Mi\u00e9rcoles 5\u00ba de Cuaresma"},"content":{"rendered":"\n<h4 class=\"wp-block-heading has-text-align-left has-vivid-purple-color has-text-color has-link-color wp-elements-73c8bbd5324a57451b81e1b521e940e4\"><br><strong><em>Oraci\u00f3n<\/em><\/strong><\/h4>\n\n\n\n<p class=\"has-text-align-left\"><strong><em>Se\u00f1or Jes\u00fas,<br>T\u00fa que dijiste que todos sean uno,<br>te damos gracias por llamarnos a la unidad,<br>por desafiarnos a salir<br>de nuestros esquemas y seguridades.<br>Sabes de nuestras resistencias<br>e inseguridades,<br>sabes de nuestros sue\u00f1os y anhelos;<br>no te son desconocidas<br>nuestras limitaciones y pobrezas,<br>y tambi\u00e9n con ellas<br>quieres gestar la nueva realidad.<br>Nos confiamos a Mar\u00eda,<br>que sali\u00f3 a prisa al encuentro<br>de la vida que clama.<br>Haz de la familia menesiana<br>un cuerpo para la misi\u00f3n<br>que cuide y defienda la vida<br>de los m\u00e1s peque\u00f1os del sur.<br>Am\u00e9n.<\/em><\/strong><\/p>\n\n\n\n<h4 class=\"wp-block-heading has-text-align-left has-vivid-purple-color has-text-color has-link-color wp-elements-e24848239ac3eeb626a27cc800272ce3\"><br><strong><em>Intenciones<\/em><\/strong><\/h4>\n\n\n\n<ul class=\"wp-block-list\">\n<li>Por la familia menesiana de San Borja.<\/li>\n\n\n\n<li>Por la comunidad de Aguilar de Campoo (Espa\u00f1a) y la de Kituvu (Uganda).<\/li>\n\n\n\n<li>Por el cumplea\u00f1os del H. Miguel \u00c1ngel Villac\u00e9, misionero en Indonesia.<\/li>\n\n\n\n<li>Por las vocaciones y los formadores de Indonesia.<\/li>\n\n\n\n<li>Por el Cap\u00edtulo General.<\/li>\n<\/ul>\n\n\n\n<h4 class=\"wp-block-heading has-text-align-left has-vivid-purple-color has-text-color has-link-color wp-elements-957d925f0c440f7ffb1e2c7bb9fd9186\"><br><strong><em>Directorio 55<\/em><\/strong><\/h4>\n\n\n\n<p class=\"has-text-align-left\">De esta forma, el Hermano participa, en su propia vida, del misterio de obediencia de Cristo\u2026 Como su Maestro, el Hermano, por su obediencia activa, se ofrece a s\u00ed mismo a Dios como un holocausto en el que, d\u00eda tras d\u00eda, asume libremente sus implicaciones pr\u00e1cticas.<\/p>\n\n\n\n<h4 class=\"wp-block-heading has-text-align-left has-vivid-purple-color has-text-color has-link-color wp-elements-621b2f7429fcc658f39bd5a1044677d4\"><br><strong><em>Al Hno. Ambrosio Le Haiget, 5 de junio de 1846<\/em><\/strong><\/h4>\n\n\n\n<p class=\"has-text-align-left\">Trabajemos todos los d\u00edas con nuevo valor para gloria de nuestro buen Maestro, pongamos nuestra confianza en \u00c9l y no esperemos m\u00e1s recompensa que la suya.<\/p>\n\n\n\n<h4 class=\"wp-block-heading has-text-align-left has-vivid-purple-color has-text-color has-link-color wp-elements-c8d8fb74f70caca431f53ffe68f63588\"><br><strong><em>Difuntos<\/em><\/strong><\/h4>\n\n\n\n<p class=\"has-text-align-left\">1979: Herv\u00e9 Lacerte (Flavien-Joseph)<br>2017: Claude Simon (Louis-Ren\u00e9)<\/p>\n","protected":false},"excerpt":{"rendered":"<p>Oraci\u00f3n Se\u00f1or Jes\u00fas,T\u00fa que dijiste que todos sean uno,te damos gracias por llamarnos a la unidad,por desafiarnos a salirde nuestros esquemas y seguridades.Sabes de nuestras resistenciase inseguridades,sabes de nuestros sue\u00f1os y anhelos;no te son desconocidasnuestras limitaciones y pobrezas,y tambi\u00e9n con ellasquieres gestar la nueva realidad.Nos confiamos a Mar\u00eda,que sali\u00f3 a prisa al encuentrode la vida &hellip; <a href=\"https:\/\/menesianosoy.org\/index.php\/2024\/03\/16\/miercoles-5o-de-cuaresma-2\/\" class=\"more-link\">Continue reading<span class=\"screen-reader-text\"> \u00abMi\u00e9rcoles 5\u00ba de Cuaresma\u00bb<\/span><\/a><\/p>\n","protected":false},"author":3,"featured_media":0,"comment_status":"closed","ping_status":"closed","sticky":false,"template":"","format":"standard","meta":{"_acf_changed":false,"footnotes":""},"categories":[3],"tags":[],"class_list":["post-10973","post","type-post","status-publish","format-standard","hentry","category-calendario"],"acf":[],"_links":{"self":[{"href":"https:\/\/menesianosoy.org\/index.php\/wp-json\/wp\/v2\/posts\/10973","targetHints":{"allow":["GET"]}}],"collection":[{"href":"https:\/\/menesianosoy.org\/index.php\/wp-json\/wp\/v2\/posts"}],"about":[{"href":"https:\/\/menesianosoy.org\/index.php\/wp-json\/wp\/v2\/types\/post"}],"author":[{"embeddable":true,"href":"https:\/\/menesianosoy.org\/index.php\/wp-json\/wp\/v2\/users\/3"}],"replies":[{"embeddable":true,"href":"https:\/\/menesianosoy.org\/index.php\/wp-json\/wp\/v2\/comments?post=10973"}],"version-history":[{"count":3,"href":"https:\/\/menesianosoy.org\/index.php\/wp-json\/wp\/v2\/posts\/10973\/revisions"}],"predecessor-version":[{"id":10978,"href":"https:\/\/menesianosoy.org\/index.php\/wp-json\/wp\/v2\/posts\/10973\/revisions\/10978"}],"wp:attachment":[{"href":"https:\/\/menesianosoy.org\/index.php\/wp-json\/wp\/v2\/media?parent=10973"}],"wp:term":[{"taxonomy":"category","embeddable":true,"href":"https:\/\/menesianosoy.org\/index.php\/wp-json\/wp\/v2\/categories?post=10973"},{"taxonomy":"post_tag","embeddable":true,"href":"https:\/\/menesianosoy.org\/index.php\/wp-json\/wp\/v2\/tags?post=10973"}],"curies":[{"name":"wp","href":"https:\/\/api.w.org\/{rel}","templated":true}]}}