{"id":11025,"date":"2024-03-16T12:26:51","date_gmt":"2024-03-16T15:26:51","guid":{"rendered":"https:\/\/menesianosoy.org\/?p=11025"},"modified":"2024-03-16T17:02:06","modified_gmt":"2024-03-16T20:02:06","slug":"santo-toribio-de-mogrovejo-2","status":"publish","type":"post","link":"https:\/\/menesianosoy.org\/index.php\/2024\/03\/16\/santo-toribio-de-mogrovejo-2\/","title":{"rendered":"Santo Toribio de Mogrovejo"},"content":{"rendered":"\n<p class=\"has-text-align-left has-very-light-gray-to-cyan-bluish-gray-gradient-background has-background\"><strong><em>1863 &#8211; Muri\u00f3 Pierre Ruault, primer capell\u00e1n de la casa madre, amigo \u00edntimo y fiel consejero del Padre de la Mennais.<\/em><\/strong><\/p>\n\n\n\n<p class=\"has-text-align-left\"><em><strong>Liturgia de las Horas: Rezamos con el tema CRUZ.<\/strong><\/em><\/p>\n\n\n\n<h4 class=\"wp-block-heading has-text-align-left has-vivid-purple-color has-text-color has-link-color wp-elements-e24848239ac3eeb626a27cc800272ce3\"><br><strong><em>Intenciones<\/em><\/strong><\/h4>\n\n\n\n<ul class=\"wp-block-list\">\n<li>Por la comunidad menesiana de Quinta Normal.<\/li>\n\n\n\n<li>Por la comunidad de Bilbao y la de Nebbi (Uganda)<\/li>\n\n\n\n<li>Por el Cap\u00edtulo general.<\/li>\n\n\n\n<li>Por la paz en el mundo.<\/li>\n<\/ul>\n\n\n\n<h4 class=\"wp-block-heading has-text-align-left has-vivid-purple-color has-text-color has-link-color wp-elements-155fbc6ea90d4a0fc815eb3124d5551c\"><br><strong><em>Directorio 47<\/em><\/strong><\/h4>\n\n\n\n<p class=\"has-text-align-left\">La inseguridad, consecuencia de los cambios continuos del mundo, se acepta y se vive en Comunidad con una gran confianza en el Se\u00f1or.<\/p>\n\n\n\n<h4 class=\"wp-block-heading has-text-align-left has-vivid-purple-color has-text-color has-link-color wp-elements-5dcd319578db427c91d3c29d2fcf37c6\"><br><strong><em>A los sacerdotes de Saint-M\u00e9en. Serm\u00f3n sobre la perfecci\u00f3n<\/em><\/strong><\/h4>\n\n\n\n<p class=\"has-text-align-left\">Nada es mejor para nosotros que formar parte de una Congregaci\u00f3n que ofrece apoyo en nuestra debilidad y que nos rodea con barreras que nos impidan volver caer.<\/p>\n\n\n\n<h4 class=\"wp-block-heading has-vivid-purple-color has-text-color has-link-color wp-elements-5e70c6c996bd26edd8f4429e6cdb020e\"><br><strong>Difuntos<\/strong><\/h4>\n\n\n\n<p class=\"has-text-align-left\">2020: Efr\u00e9n Fern\u00e1ndez Aparicio (Luis Mar\u00eda) naci\u00f3 el 31 de diciembre de 1931 en Castrillo de Valdelomar (Cantabria). Muri\u00f3 en Bilbao.<br><br>2012: Laurence Coll\u00e9oc (Cryprien-Auguste)<br>2017: Albert C\u00f4t\u00e9 (Robert-Yves)<br>2021: Andr\u00e9 Tremblay (Thomas-Andr\u00e9)<br>2023: Jean Pelu (Ludovic-Marie)<\/p>\n\n\n\n<p class=\"has-vivid-purple-background-color has-background\"><\/p>\n\n\n\n<h6 class=\"wp-block-heading has-text-align-left has-small-font-size\">Toribio Alfonso de Mogrovejo y Robledo (1538-1606) fue un sacerdote, arzobispo y misionero cat\u00f3lico espa\u00f1ol, que se desempe\u00f1\u00f3 como segundo arzobispo de Lima y organizador de la Iglesia en el virreinato del Per\u00fa. Estudi\u00f3 Derecho civil y eclesi\u00e1stico en Salamanca. En 1579 fue nombrado arzobispo de Lima. Atac\u00f3 fuertemente todos los vicios y esc\u00e1ndalos, que se hab\u00edan hecho costumbre en el Virreinato. Las medidas que tom\u00f3 contra los abusos le atrajeron muchas persecuciones y atroces calumnias. Son abundantes los testimonios de su caridad, entrega y desinter\u00e9s por lo material. Trabaj\u00f3 mucho por los pueblos ind\u00edgenas, buscando mejorar sus condiciones de vida. Dedic\u00f3 mucho tiempo a las visitas pastorales; hizo construir caminos, escuelas, varias capillas, hospitales, conventos y fund\u00f3 el primer Seminario americano en Lima en 1591. \u00d3rganiz\u00f3 trece s\u00ednodos diocesanos y aument\u00f3 el n\u00famero de parroquias de 150 a 250. Muri\u00f3 a los 68 a\u00f1os y fue canonizado en el a\u00f1o 1726.&nbsp;&nbsp;&nbsp;&nbsp;&nbsp;&nbsp;&nbsp;<\/h6>\n","protected":false},"excerpt":{"rendered":"<p>1863 &#8211; Muri\u00f3 Pierre Ruault, primer capell\u00e1n de la casa madre, amigo \u00edntimo y fiel consejero del Padre de la Mennais. Liturgia de las Horas: Rezamos con el tema CRUZ. Intenciones Directorio 47 La inseguridad, consecuencia de los cambios continuos del mundo, se acepta y se vive en Comunidad con una gran confianza en el &hellip; <a href=\"https:\/\/menesianosoy.org\/index.php\/2024\/03\/16\/santo-toribio-de-mogrovejo-2\/\" class=\"more-link\">Continue reading<span class=\"screen-reader-text\"> \u00abSanto Toribio de Mogrovejo\u00bb<\/span><\/a><\/p>\n","protected":false},"author":3,"featured_media":0,"comment_status":"closed","ping_status":"closed","sticky":false,"template":"","format":"standard","meta":{"_acf_changed":false,"footnotes":""},"categories":[3],"tags":[],"class_list":["post-11025","post","type-post","status-publish","format-standard","hentry","category-calendario"],"acf":[],"_links":{"self":[{"href":"https:\/\/menesianosoy.org\/index.php\/wp-json\/wp\/v2\/posts\/11025","targetHints":{"allow":["GET"]}}],"collection":[{"href":"https:\/\/menesianosoy.org\/index.php\/wp-json\/wp\/v2\/posts"}],"about":[{"href":"https:\/\/menesianosoy.org\/index.php\/wp-json\/wp\/v2\/types\/post"}],"author":[{"embeddable":true,"href":"https:\/\/menesianosoy.org\/index.php\/wp-json\/wp\/v2\/users\/3"}],"replies":[{"embeddable":true,"href":"https:\/\/menesianosoy.org\/index.php\/wp-json\/wp\/v2\/comments?post=11025"}],"version-history":[{"count":4,"href":"https:\/\/menesianosoy.org\/index.php\/wp-json\/wp\/v2\/posts\/11025\/revisions"}],"predecessor-version":[{"id":11126,"href":"https:\/\/menesianosoy.org\/index.php\/wp-json\/wp\/v2\/posts\/11025\/revisions\/11126"}],"wp:attachment":[{"href":"https:\/\/menesianosoy.org\/index.php\/wp-json\/wp\/v2\/media?parent=11025"}],"wp:term":[{"taxonomy":"category","embeddable":true,"href":"https:\/\/menesianosoy.org\/index.php\/wp-json\/wp\/v2\/categories?post=11025"},{"taxonomy":"post_tag","embeddable":true,"href":"https:\/\/menesianosoy.org\/index.php\/wp-json\/wp\/v2\/tags?post=11025"}],"curies":[{"name":"wp","href":"https:\/\/api.w.org\/{rel}","templated":true}]}}