{"id":11034,"date":"2024-03-16T14:33:09","date_gmt":"2024-03-16T17:33:09","guid":{"rendered":"https:\/\/menesianosoy.org\/?p=11034"},"modified":"2024-03-16T15:04:26","modified_gmt":"2024-03-16T18:04:26","slug":"domingo-de-ramos","status":"publish","type":"post","link":"https:\/\/menesianosoy.org\/index.php\/2024\/03\/16\/domingo-de-ramos\/","title":{"rendered":"Domingo de Ramos"},"content":{"rendered":"\n<p><strong><em>Evangelio de la entrada a Jerusal\u00e9n<\/em><\/strong><\/p>\n\n\n\n<h4 class=\"wp-block-heading has-text-align-left has-vivid-cyan-blue-color has-text-color has-link-color wp-elements-8103cfd6a900af568ffd3a380296f96a\"><br><strong>Evangelio:<\/strong> <strong>Marcos 11, 1-10<\/strong><\/h4>\n\n\n\n<p class=\"has-text-align-left\"><strong><em>Cuando se aproximaban a Jerusal\u00e9n, estando ya al pie del monte de los Olivos, cerca de Betfag\u00e9 y de Betania, Jes\u00fas envi\u00f3 a dos de sus disc\u00edpulos, dici\u00e9ndoles: Vayan al pueblo que est\u00e1 enfrente y, al entrar, encontrar\u00e1n un asno atado, que nadie ha montado todav\u00eda. Des\u00e1tenlo y tr\u00e1iganlo; y si alguien les pregunta: \u00bfQu\u00e9 est\u00e1n haciendo?, respondan: El Se\u00f1or lo necesita y lo va a devolver en seguida.<br>Ellos fueron y encontraron un asno atado cerca de una puerta, en la calle, y lo desataron.<br>Algunos de los que estaban all\u00ed les preguntaron: \u00bfQu\u00e9 hacen? \u00bfPor qu\u00e9 desatan ese asno?<br>Ellos respondieron como Jes\u00fas les hab\u00eda dicho y nadie los molest\u00f3.<br>Entonces le llevaron el asno, pusieron sus mantos sobre \u00e9l y Jes\u00fas se mont\u00f3.<br>Muchos extend\u00edan sus mantos sobre el camino; otros, lo cubr\u00edan con ramas que cortaban en el campo.<br>Los que iban delante y los que segu\u00edan a Jes\u00fas, gritaban:<br>\u00a1Hosana! \u00a1Bendito el que viene en nombre del Se\u00f1or!<br>\u00a1Bendito sea el Reino que ya viene, el Reino de nuestro padre David! \u00a1Hosana en las alturas!<\/em><\/strong><\/p>\n\n\n\n<figure class=\"wp-block-image size-full\"><img loading=\"lazy\" decoding=\"async\" width=\"400\" height=\"190\" src=\"https:\/\/menesianosoy.org\/wp-content\/uploads\/2024\/03\/Semana-Santa-cine-Hijo-de-Dios.jpg\" alt=\"\" class=\"wp-image-11037\" srcset=\"https:\/\/menesianosoy.org\/wp-content\/uploads\/2024\/03\/Semana-Santa-cine-Hijo-de-Dios.jpg 400w, https:\/\/menesianosoy.org\/wp-content\/uploads\/2024\/03\/Semana-Santa-cine-Hijo-de-Dios-300x143.jpg 300w\" sizes=\"auto, (max-width: 400px) 85vw, 400px\" \/><\/figure>\n\n\n\n<p class=\"has-text-align-left\">\u00a1Bendito el que viene en nombre del Se\u00f1or!, gritaba festiva la muchedumbre de Jerusal\u00e9n recibiendo a Jes\u00fas. Hemos hecho nuestro aquel entusiasmo, agitando las palmas y los ramos de olivo hemos expresado la alabanza y el gozo, el deseo de recibir a Jes\u00fas que viene a nosotros. S\u00ed, del mismo modo que entr\u00f3 en Jerusal\u00e9n, desea tambi\u00e9n entrar en nuestras ciudades y en nuestras vidas. As\u00ed como lo ha hecho en el Evangelio, cabalgando sobre un asno, viene a nosotros humildemente, pero viene <em>\u00aben el nombre del Se\u00f1or\u00bb.<\/em> Con el poder de su amor divino perdona nuestros pecados y nos reconcilia con el Padre y con nosotros mismos. Jes\u00fas est\u00e1 contento de la manifestaci\u00f3n popular de afecto de la gente, y cuando los fariseos le invitan a que haga callar a los ni\u00f1os y a los otros que lo aclaman, responde: <em>\u00absi estos callan, gritar\u00e1n las piedras\u00bb<\/em> (Lc 19,40). Nada pudo detener el entusiasmo por la entrada de Jes\u00fas; que nada nos impida encontrar en \u00e9l la fuente de nuestra alegr\u00eda, de la alegr\u00eda aut\u00e9ntica, que permanece y da paz, porque s\u00f3lo Jes\u00fas nos salva de los lazos del pecado, de la muerte, del miedo y de la tristeza. (Papa Francisco, Jornada Mundial de la Juventud 2016)<\/p>\n\n\n\n<figure class=\"wp-block-embed is-type-video is-provider-youtube wp-block-embed-youtube wp-embed-aspect-16-9 wp-has-aspect-ratio\"><div class=\"wp-block-embed__wrapper\">\n<iframe loading=\"lazy\" title=\"Arriba nuestros ramos\" width=\"1140\" height=\"641\" src=\"https:\/\/www.youtube.com\/embed\/QZnFwsVNDAg?feature=oembed\" frameborder=\"0\" allow=\"accelerometer; autoplay; clipboard-write; encrypted-media; gyroscope; picture-in-picture; web-share\" allowfullscreen><\/iframe>\n<\/div><\/figure>\n\n\n\n<p class=\"has-text-align-left\">Arriba nuestros ramos<br>cantando al Se\u00f1or.<br>Arriba nuestros ramos<br>cantando al Se\u00f1or.<br>Bendito el que viene<br>en el nombre del Se\u00f1or,<br>Jes\u00fas nuestra esperanza,<br>Jes\u00fas liberador.<br><br>Era un domingo<br>all\u00e1 en Jerusal\u00e9n<br>cuando en un burrito<br>Jes\u00fas entra a padecer.<br>Todo el pueblo humilde<br>lo sali\u00f3 a recibir<br>y con entusiasmo<br>comenzaron a decir:<br><br>Pero el mejor canto<br>que Jes\u00fas quiso escuchar<br>fue el canto puro<br>de los ni\u00f1os del lugar.<br>Ellos saludaban<br>a Jes\u00fas liberador,<br>Cristo, el esperado<br>de los pobres del Se\u00f1or.<br><br>Hoy tambi\u00e9n nosotros<br>te queremos recibir<br>y por tu camino<br>serte fieles hasta el fin.<br>Cristo nos conduces<br>hacia el reino de la luz,<br>marcas nuestra huella<br>con la sangre de la cruz.<br><br>Llegan ya los d\u00edas<br>de la Pascua del se\u00f1or.<br>Cristo con su muerte<br>nos da vida y salvaci\u00f3n.<br>Juntos revivamos<br>el misterio de la cruz<br>y compartiremos<br>el triunfo de Jes\u00fas.<\/p>\n\n\n\n<p class=\"has-luminous-dusk-gradient-background has-background\"><\/p>\n\n\n\n<p><strong>Lecturas de la Misa<\/strong><\/p>\n\n\n\n<p class=\"has-text-align-left\"><em><strong>Isa\u00edas 50, 4-7<br>Salmo 21, 89.1718\u00aa.19-20.23-24<br>Filipenses 2, 6-11<\/strong><\/em><br><br><strong>Evangelio: Marcos 14, 1- 15, 47 (Pasi\u00f3n)<\/strong><\/p>\n\n\n\n<p class=\"has-text-align-left\">El relato de la Pasi\u00f3n y Resurrecci\u00f3n de Jes\u00fas es la Buena Noticia por excelencia. Desde aqu\u00ed se lee toda su vida, obra y mensaje. San Marcos pone todo esto de relieve en su relato de la Pasi\u00f3n de una manera especial. Lo hace con una gran objetividad. No pretende emocionarnos, ni menos a\u00fan, satisfacer nuestra curiosidad. Quiere hacernos comprender que detr\u00e1s de la soledad y la humillaci\u00f3n de Jes\u00fas, detr\u00e1s de su dolor y su fracaso, se esconde su verdadero triunfo. El triunfo del Mes\u00edas, a quien un pagano, al verlo morir, reconoce como Hijo de Dios.<br><br>La Pasi\u00f3n, en Marcos, es una narraci\u00f3n sobria,&nbsp;concentrada, donde los acontecimientos hablan por s\u00ed mismos, mientras el Protagonista calla. Jes\u00fas se nos muestra como verdadero hombre, en Getseman\u00ed, donde se postr\u00f3 en tierra y rogaba que, de ser posible, no tuviera que pasar por esa hora, en un gesto de s\u00faplica y abandono. Como verdadero Hijo de Dios, puede invocar a Dios, el Alt\u00edsimo, con el apelativo de Abba, pap\u00e1\u2026 Tras la repetida oraci\u00f3n tiene lugar la dolorosa entrega a la voluntad del Padre. Jes\u00fas est\u00e1 ya dispuesto a entregarse en manos de los hombres.<br><br>Ante \u00e9stos no tiene m\u00e1s palabras que las que declaran su identidad, causando su condena como blasfemo&nbsp;y subversivo. En el relato observamos el clamor de las muchas voces que lo acusan, se burlan, reniegan y gritan \u201c\u00a1Crucif\u00edquenlo!\u201d, en el&nbsp;m\u00e1s impresionante&nbsp;silencio de Jes\u00fas, que en el momento supremo se convierte en un fuerte grito, oraci\u00f3n acongojada al Padre, entrega total. El Hijo de Dios atraviesa los umbrales de la muerte.<\/p>\n\n\n\n<h4 class=\"wp-block-heading has-text-align-left has-vivid-cyan-blue-color has-text-color has-link-color wp-elements-0736773c09a4ccf7f589ffd5c8e42af1\"><br><strong>Lectura de los lazos<\/strong><\/h4>\n\n\n\n<p class=\"has-text-align-left\">Los disc\u00edpulos y Jes\u00fas:<br>Pedro est\u00e1 agrandado, \u00e9l no se escandalizar\u00e1\u2026 Jes\u00fas le advierte la negaci\u00f3n, Pedro se siente fuerte al punto de sentirse capaz de morir por \u00c9l. Sus amigos se duermen en el Huerto, no son capaces de hacerle el aguante. A la hora del arresto todos huyeron e incluso uno lo hizo desnudo. Pedro, que lo hab\u00eda seguido de lejos, lo niega una y otra vez y a la tercera se puso a maldecir y jurar que no lo conoc\u00eda. Canta el gallo y se puso a llorar al recordar la sentencia de Jes\u00fas. Jes\u00fas queda s\u00f3lo. Hay unas mujeres, varias de ellas disc\u00edpulas, que miran de lejos y en silencio. La Palabra est\u00e1 en silencio y los que ningunean a la Palabra profieren amenazas. Los seguidores de la Palabra est\u00e1n en silencio, cuando no huyeron o la han negado.<br><br>Los \u2018enjuiciadores\u2019 y Jes\u00fas:<br>No se resiste cuando lo arrestan y no responde a las acusaciones. S\u00f3lo responde a la pregunta del sumo sacerdote y de Pilatos, que tienen que ver con su identidad y las respuestas le significaron la sentencia de muerte. El ensa\u00f1amiento queda claro: Se burlan, lo bofetean, lo escupen\u2026 pero el guarda silencio. Lo azotan, lo coronan de espinas, lo golpean, lo escupen, se burlan, lo crucifican, los que pasaban por el lugar tambi\u00e9n lo insultaban, al igual que los sumos sacerdotes y escribas y los crucificados con \u00e9l\u2026 y \u00c9l sigue en silencio. El silencio se rompe cuando Jes\u00fas le grita al Padre: Eloi, Eloi, lam\u00e1 sabactani y expira. La actitud de Jes\u00fas ante el proceso hace que m\u00e1s de uno se interrogue y el centuri\u00f3n exclame: \u201cverdaderamente este hombre era Hijo de Dios\u201d.<br><br>Jes\u00fas y el Padre:<br>Jes\u00fas se siente angustiado hasta la muerte, se postra en tierra y ruega que de ser posible no tenga que pasar por esa hora (c\u00e1liz, cruz)\u2026 pero que no se haga su proyecto sino el proyecto del Padre. Ora as\u00ed una y otra vez hasta que le queda claro que ese es el camino. Entiende que su Padre est\u00e1 con \u00e9l, aunque en silencio. El silencio de Dios no es ausencia. Mudamente lo est\u00e1 sosteniendo, pues hay gestos que valen m\u00e1s que mil palabras.<\/p>\n\n\n\n<h4 class=\"wp-block-heading has-text-align-left has-vivid-cyan-blue-color has-text-color has-link-color wp-elements-fc106bf8187ed34fa9151c6c240c10b4\"><br><strong>Palabras de Juan Mar\u00eda<\/strong><\/h4>\n\n\n\n<p class=\"has-text-align-left\"><img decoding=\"async\" class=\"wp-image-618\" style=\"width: 150px;\" src=\"https:\/\/menesianosoy.org\/wp-content\/uploads\/2023\/08\/j.png\" alt=\"\"><br><em>Sin duda tendremos que sufrir en estas pruebas; \u00a1Bendito sea Dios! Despu\u00e9s de todo, somos los disc\u00edpulos de ese Jes\u00fas que ha vivido pobre, que fue humillado y condenado al suplicio de la cruz. Consider\u00e9monos pues, felices cuando Dios nos llama a llevar la imagen de su divino Hijo traicionado, ultrajado, crucificado; no vivamos m\u00e1s que de la fe pura, no toquemos la tierra m\u00e1s que con nuestros pies; que nuestros corazones se eleven y levant\u00e9monos hasta el cielo. Hijos m\u00edos todas las palmas de los m\u00e1rtires, de los confesores de la fe, del celo apost\u00f3lico no han sido a\u00fan distribuidas; quedan para nosotros. Vayamos pues con alegr\u00eda ante las que nos son ofrecidas para conquistar; lanc\u00e9monos a tomarlas; y si perseveramos hasta el final; ser\u00e1n nuestras. (Apertura de un retiro a los Hermanos, S VII 2247)<\/em><\/p>\n\n\n\n<figure class=\"wp-block-embed is-type-video is-provider-youtube wp-block-embed-youtube wp-embed-aspect-16-9 wp-has-aspect-ratio\"><div class=\"wp-block-embed__wrapper\">\n<iframe loading=\"lazy\" title=\"Si Hubiera Estado All\u00ed (Jes\u00fas Adri\u00e1n Romero) | La Pasi\u00f3n de Cristo (Subt\u00edtulos)\" width=\"1140\" height=\"641\" src=\"https:\/\/www.youtube.com\/embed\/8SSgCCLXLTE?feature=oembed\" frameborder=\"0\" allow=\"accelerometer; autoplay; clipboard-write; encrypted-media; gyroscope; picture-in-picture; web-share\" allowfullscreen><\/iframe>\n<\/div><\/figure>\n","protected":false},"excerpt":{"rendered":"<p>Evangelio de la entrada a Jerusal\u00e9n Evangelio: Marcos 11, 1-10 Cuando se aproximaban a Jerusal\u00e9n, estando ya al pie del monte de los Olivos, cerca de Betfag\u00e9 y de Betania, Jes\u00fas envi\u00f3 a dos de sus disc\u00edpulos, dici\u00e9ndoles: Vayan al pueblo que est\u00e1 enfrente y, al entrar, encontrar\u00e1n un asno atado, que nadie ha montado &hellip; <a href=\"https:\/\/menesianosoy.org\/index.php\/2024\/03\/16\/domingo-de-ramos\/\" class=\"more-link\">Continue reading<span class=\"screen-reader-text\"> \u00abDomingo de Ramos\u00bb<\/span><\/a><\/p>\n","protected":false},"author":3,"featured_media":0,"comment_status":"closed","ping_status":"closed","sticky":false,"template":"","format":"standard","meta":{"_acf_changed":false,"footnotes":""},"categories":[9],"tags":[],"class_list":["post-11034","post","type-post","status-publish","format-standard","hentry","category-evangelio"],"acf":[],"_links":{"self":[{"href":"https:\/\/menesianosoy.org\/index.php\/wp-json\/wp\/v2\/posts\/11034","targetHints":{"allow":["GET"]}}],"collection":[{"href":"https:\/\/menesianosoy.org\/index.php\/wp-json\/wp\/v2\/posts"}],"about":[{"href":"https:\/\/menesianosoy.org\/index.php\/wp-json\/wp\/v2\/types\/post"}],"author":[{"embeddable":true,"href":"https:\/\/menesianosoy.org\/index.php\/wp-json\/wp\/v2\/users\/3"}],"replies":[{"embeddable":true,"href":"https:\/\/menesianosoy.org\/index.php\/wp-json\/wp\/v2\/comments?post=11034"}],"version-history":[{"count":7,"href":"https:\/\/menesianosoy.org\/index.php\/wp-json\/wp\/v2\/posts\/11034\/revisions"}],"predecessor-version":[{"id":11053,"href":"https:\/\/menesianosoy.org\/index.php\/wp-json\/wp\/v2\/posts\/11034\/revisions\/11053"}],"wp:attachment":[{"href":"https:\/\/menesianosoy.org\/index.php\/wp-json\/wp\/v2\/media?parent=11034"}],"wp:term":[{"taxonomy":"category","embeddable":true,"href":"https:\/\/menesianosoy.org\/index.php\/wp-json\/wp\/v2\/categories?post=11034"},{"taxonomy":"post_tag","embeddable":true,"href":"https:\/\/menesianosoy.org\/index.php\/wp-json\/wp\/v2\/tags?post=11034"}],"curies":[{"name":"wp","href":"https:\/\/api.w.org\/{rel}","templated":true}]}}