{"id":11081,"date":"2024-03-16T15:55:17","date_gmt":"2024-03-16T18:55:17","guid":{"rendered":"https:\/\/menesianosoy.org\/?p=11081"},"modified":"2024-03-16T16:07:33","modified_gmt":"2024-03-16T19:07:33","slug":"martes-santo-2","status":"publish","type":"post","link":"https:\/\/menesianosoy.org\/index.php\/2024\/03\/16\/martes-santo-2\/","title":{"rendered":"Martes Santo"},"content":{"rendered":"\n<h4 class=\"wp-block-heading has-text-align-left has-vivid-purple-color has-text-color has-link-color wp-elements-73c8bbd5324a57451b81e1b521e940e4\"><br><strong><em>Oraci\u00f3n<\/em><\/strong><\/h4>\n\n\n\n<p class=\"has-text-align-left\"><strong><em>Se\u00f1or,<br>que puedas encontrar en nosotros<br>todas las perfecciones de tu Hijo,<br>que seamos,<br>en la medida que lo permita<br>la debilidad humana,<br>revestidos de Jesucristo,<br>que sigamos a Cristo<br>en todos sus caminos,<br>que juzguemos todas las cosas<br>como \u00e9l las juzga,<br>que amemos lo que \u00e9l ama,<br>que despreciemos lo que \u00e9l desprecia.<br>En una palabra,<br>que todos nuestros pensamientos<br>sean conformes a sus pensamientos<br>y que seamos su imagen viva. Am\u00e9n<br>(Juan Mar\u00eda)<\/em><\/strong><\/p>\n\n\n\n<h4 class=\"wp-block-heading has-text-align-left has-vivid-purple-color has-text-color has-link-color wp-elements-e24848239ac3eeb626a27cc800272ce3\"><br><strong><em>Intenciones<\/em><\/strong><\/h4>\n\n\n\n<ul class=\"wp-block-list\">\n<li>Por el Cap\u00edtulo general que se inicia hoy.<\/li>\n\n\n\n<li>Por nuestra Congregaci\u00f3n, los Hermanos y laicos comprometidos con el carisma.<\/li>\n\n\n\n<li>Por la comunidad de San Jos\u00e9 (Reinosa) y la de Riimenze (Sud\u00e1n del Sur).<\/li>\n\n\n\n<li>Para que esta semana Santa sea un momento de conversi\u00f3n para todos.<\/li>\n<\/ul>\n\n\n\n<h4 class=\"wp-block-heading has-text-align-left has-vivid-purple-color has-text-color has-link-color wp-elements-274d9724e36e33759b6ec6b013a49dbe\"><br><strong><em>Directorio 50<\/em><\/strong><\/h4>\n\n\n\n<p class=\"has-text-align-left\">Como miembro de una Congregaci\u00f3n que sus Fundadores establecieron \u201cpara la instrucci\u00f3n y la educaci\u00f3n cristianas de la juventud, especialmente de los hijos del pueblo\u201d (Regla de 1891), el Hermano sabe que uno de los medios mejores de combatir la miseria es desempe\u00f1ar bien su misi\u00f3n espec\u00edfica.<\/p>\n\n\n\n<h4 class=\"wp-block-heading has-text-align-left has-vivid-purple-color has-text-color has-link-color wp-elements-73041a0c0e99d4b4a181a27477cf04cb\"><br><strong><em>A la Congregaci\u00f3n de Saint-M\u00e9en. Serm\u00f3n sobre la perfecci\u00f3n<\/em><\/strong><\/h4>\n\n\n\n<p class=\"has-text-align-left\">\u00a1Oh Jes\u00fas m\u00edo!, cuando te veo clavado en la cruz, cuando veo tu cuerpo magullado y sangrante, cuando cuento las espinas que atraviesan tu cabeza, y cuando, luego, caigo en la cuenta de mi sensualidad, mi extrema sensibilidad, mi vergonzosa molicie y la aprensi\u00f3n tan viva por todo lo que puede afligir mi<br>carne o romper mi orgullo, \u00bfpuedo decir de veras, oh Jes\u00fas m\u00edo, que soy tu disc\u00edpulo?<\/p>\n\n\n\n<h4 class=\"wp-block-heading has-text-align-left has-vivid-purple-color has-text-color has-link-color wp-elements-c8d8fb74f70caca431f53ffe68f63588\"><br><strong><em>Difuntos<\/em><\/strong><\/h4>\n\n\n\n<p class=\"has-text-align-left\"><img loading=\"lazy\" decoding=\"async\" width=\"120\" height=\"183\" class=\"wp-image-11087\" style=\"width: 120px;\" src=\"https:\/\/menesianosoy.org\/wp-content\/uploads\/2024\/03\/Gerardo.png\" alt=\"\"><br>1957: Jos\u00e9 Ignacio Aizpuru (Gerardo). Naci\u00f3 en Azpeitia en 1923. Trabaj\u00f3 en Argentina desde 1943 hasta 1974. Muri\u00f3 en Nanclares.<br><\/p>\n\n\n\n<p class=\"has-text-align-left\"><img loading=\"lazy\" decoding=\"async\" width=\"133\" height=\"199\" class=\"wp-image-11086\" style=\"width: 133px;\" src=\"https:\/\/menesianosoy.org\/wp-content\/uploads\/2024\/03\/Martin.png\" alt=\"\"><br>1965: Mart\u00edn Garc\u00eda (Jean Fran\u00e7ois). Naci\u00f3 en St. Martin d&#8217;Arb (B.P.) en 1898. Trabaj\u00f3 en Argentina desde 1949 hasta 1964. Falleci\u00f3 en Buenos Aires.<br><br>1973: Joseph Leduby (Isidore-Louis)<br>2012: Bernard Franey (Augustine Joseph)<br>2014: Albert H\u00e9mono (Louis-Yves)<\/p>\n","protected":false},"excerpt":{"rendered":"<p>Oraci\u00f3n Se\u00f1or,que puedas encontrar en nosotrostodas las perfecciones de tu Hijo,que seamos,en la medida que lo permitala debilidad humana,revestidos de Jesucristo,que sigamos a Cristoen todos sus caminos,que juzguemos todas las cosascomo \u00e9l las juzga,que amemos lo que \u00e9l ama,que despreciemos lo que \u00e9l desprecia.En una palabra,que todos nuestros pensamientossean conformes a sus pensamientosy que seamos &hellip; <a href=\"https:\/\/menesianosoy.org\/index.php\/2024\/03\/16\/martes-santo-2\/\" class=\"more-link\">Continue reading<span class=\"screen-reader-text\"> \u00abMartes Santo\u00bb<\/span><\/a><\/p>\n","protected":false},"author":3,"featured_media":0,"comment_status":"closed","ping_status":"closed","sticky":false,"template":"","format":"standard","meta":{"_acf_changed":false,"footnotes":""},"categories":[3],"tags":[],"class_list":["post-11081","post","type-post","status-publish","format-standard","hentry","category-calendario"],"acf":[],"_links":{"self":[{"href":"https:\/\/menesianosoy.org\/index.php\/wp-json\/wp\/v2\/posts\/11081","targetHints":{"allow":["GET"]}}],"collection":[{"href":"https:\/\/menesianosoy.org\/index.php\/wp-json\/wp\/v2\/posts"}],"about":[{"href":"https:\/\/menesianosoy.org\/index.php\/wp-json\/wp\/v2\/types\/post"}],"author":[{"embeddable":true,"href":"https:\/\/menesianosoy.org\/index.php\/wp-json\/wp\/v2\/users\/3"}],"replies":[{"embeddable":true,"href":"https:\/\/menesianosoy.org\/index.php\/wp-json\/wp\/v2\/comments?post=11081"}],"version-history":[{"count":5,"href":"https:\/\/menesianosoy.org\/index.php\/wp-json\/wp\/v2\/posts\/11081\/revisions"}],"predecessor-version":[{"id":11090,"href":"https:\/\/menesianosoy.org\/index.php\/wp-json\/wp\/v2\/posts\/11081\/revisions\/11090"}],"wp:attachment":[{"href":"https:\/\/menesianosoy.org\/index.php\/wp-json\/wp\/v2\/media?parent=11081"}],"wp:term":[{"taxonomy":"category","embeddable":true,"href":"https:\/\/menesianosoy.org\/index.php\/wp-json\/wp\/v2\/categories?post=11081"},{"taxonomy":"post_tag","embeddable":true,"href":"https:\/\/menesianosoy.org\/index.php\/wp-json\/wp\/v2\/tags?post=11081"}],"curies":[{"name":"wp","href":"https:\/\/api.w.org\/{rel}","templated":true}]}}