{"id":11577,"date":"2024-04-06T09:31:49","date_gmt":"2024-04-06T12:31:49","guid":{"rendered":"https:\/\/menesianosoy.org\/?p=11577"},"modified":"2024-04-11T03:03:12","modified_gmt":"2024-04-11T06:03:12","slug":"san-estanislao","status":"publish","type":"post","link":"https:\/\/menesianosoy.org\/index.php\/2024\/04\/06\/san-estanislao\/","title":{"rendered":"San Estanislao"},"content":{"rendered":"\n<p class=\"has-text-align-left\"><strong><em>Hechos 5, 27-33<br>Salmo 33, 2. 9. 17-20<\/em><\/strong><\/p>\n\n\n\n<h4 class=\"wp-block-heading has-text-align-left has-vivid-cyan-blue-color has-text-color has-link-color wp-elements-7d0aa176281b51c7752138c0ce8e2a7d\"><br><strong>Evangelio: Juan 3, 31-36<\/strong><\/h4>\n\n\n\n<p class=\"has-text-align-left\"><strong><em>Jes\u00fas dijo a sus disc\u00edpulos: El que viene de lo alto est\u00e1 por encima de todos. El que es de la tierra pertenece a la tierra y habla de la tierra. El que vino del cielo da testimonio de lo que ha visto y o\u00eddo, pero nadie recibe su testimonio. El que recibe su testimonio certifica que Dios es veraz.<br>El que Dios envi\u00f3 dice las palabras de Dios, porque Dios le da el Esp\u00edritu sin medida.<br>El Padre ama al Hijo y ha puesto todo en sus manos.<br>El que cree en el Hijo tiene Vida eterna. El que se niega a creer en el Hijo no ver\u00e1 la Vida, sino que la ira de Dios pesa sobre \u00e9l.<\/em><\/strong><\/p>\n\n\n\n<figure class=\"wp-block-image size-full\"><img loading=\"lazy\" decoding=\"async\" width=\"500\" height=\"374\" src=\"https:\/\/menesianosoy.org\/wp-content\/uploads\/2024\/04\/Fano-resurreccion.jpg\" alt=\"\" class=\"wp-image-11590\" srcset=\"https:\/\/menesianosoy.org\/wp-content\/uploads\/2024\/04\/Fano-resurreccion.jpg 500w, https:\/\/menesianosoy.org\/wp-content\/uploads\/2024\/04\/Fano-resurreccion-300x224.jpg 300w\" sizes=\"auto, (max-width: 500px) 85vw, 500px\" \/><\/figure>\n\n\n\n<p class=\"has-text-align-left\">Ya en esta vida nosotros participamos de la resurrecci\u00f3n de Cristo. Si es verdad que Jes\u00fas nos resucitar\u00e1 al final de los tiempos, es tambi\u00e9n verdad que, en un aspecto, ya estamos resucitados con \u00c9l. \u00a1La Vida Eterna comienza ya en este momento! Comienza durante toda la vida hacia aquel momento de la resurrecci\u00f3n final \u00a1Ya estamos resucitados! De hecho, mediante el Bautismo, estamos insertos en la muerte y resurrecci\u00f3n de Cristo y participamos de una vida nueva, es decir la vida del Resucitado. <br>Por tanto, en la espera de este \u00faltimo d\u00eda, tenemos en nosotros una semilla de resurrecci\u00f3n, como anticipo de la resurrecci\u00f3n plena que recibiremos en herencia. Por eso tambi\u00e9n el cuerpo de cada uno es resonancia de eternidad; por tanto, ha de ser respetado siempre; y sobre todo debe ser respetada y amada la vida de todos los que sufren, para que sientan la cercan\u00eda del Reino de Dios, de esa condici\u00f3n de vida eterna hacia la que caminamos.<br>Este pensamiento nos da esperanza. Estamos en camino hacia la resurrecci\u00f3n. Esta es nuestra alegr\u00eda: un d\u00eda encontrar a Jes\u00fas, encontrar a Jes\u00fas todos juntos. Todos juntos, no aqu\u00ed en la Plaza, en otra parte, pero alegres con Jes\u00fas. Y este es nuestro destino.\u00a0<em>(Papa Francisco, 4-12-13)<\/em><br><br>\u201cLa vida eterna no es una ilusi\u00f3n, no es una fuga del mundo, sino una poderosa realidad que nos llama y compromete a perseverar en la fe y en el amor.\u201d\u00a0<em>(Homil\u00eda de S.S. Francisco, 30 de noviembre de 2015).<\/em><\/p>\n\n\n\n<p class=\"has-text-align-left\"><br><strong><em>M\u00c1XIMA<br>La vida eterna es nuestra meta<\/em><\/strong><\/p>\n\n\n\n<h4 class=\"wp-block-heading has-text-align-left has-vivid-cyan-blue-color has-text-color has-link-color wp-elements-fc106bf8187ed34fa9151c6c240c10b4\"><br><strong>Palabras de Juan Mar\u00eda<\/strong><\/h4>\n\n\n\n<p class=\"has-text-align-left\"><img decoding=\"async\" class=\"wp-image-618\" style=\"width: 150px;\" src=\"https:\/\/menesianosoy.org\/wp-content\/uploads\/2023\/08\/j.png\" alt=\"\"><br><em>No estamos en la tierra m\u00e1s que para conocerlo, amarlo y servirlo como \u00c9l merece ser amado, con todo nuestro coraz\u00f3n, con todas nuestras fuerzas, para poder adquirir as\u00ed la vida eterna. Am\u00e9moslo, seamos totalmente para \u00c9l en el tiempo y \u00c9l ser\u00e1 todo para nosotros en la eternidad\u201d (Reflexi\u00f3n sobre el fin del hombre)<\/em><\/p>\n\n\n\n<h4 class=\"wp-block-heading has-text-align-left has-vivid-cyan-blue-color has-text-color has-link-color wp-elements-4dd92ff45800762dd9c9cb5e12e326eb\"><br><strong><em>Jesucristo basta \u2013 Un Coraz\u00f3n<\/em><\/strong><\/h4>\n\n\n\n<figure class=\"wp-block-embed is-type-video is-provider-youtube wp-block-embed-youtube wp-embed-aspect-16-9 wp-has-aspect-ratio\"><div class=\"wp-block-embed__wrapper\">\n<iframe loading=\"lazy\" title=\"Un Coraz\u00f3n feat. Living - Jesucristo Basta (Versi\u00f3n ac\u00fastica)\" width=\"1140\" height=\"641\" src=\"https:\/\/www.youtube.com\/embed\/0NoCiaV7McU?feature=oembed\" frameborder=\"0\" allow=\"accelerometer; autoplay; clipboard-write; encrypted-media; gyroscope; picture-in-picture; web-share\" referrerpolicy=\"strict-origin-when-cross-origin\" allowfullscreen><\/iframe>\n<\/div><\/figure>\n\n\n\n<p class=\"has-text-align-left\">Nuestros corazones insaciables son<br>hasta que conocen a su Salvador.<br>Tal y como somos nos am\u00f3.<br>Hoy nos acercamos sin temor.<br><br>\u00c9l es el agua que al beber<br>nunca m\u00e1s tendremos sed<br>\u00a1Jesucristo basta!<br>Mi castigo recibi\u00f3<br>y su herencia me entreg\u00f3.<br>\u00a1Jesucristo basta!<br><br>Fuimos alcanzados por su gran amor.<br>Con brazos abiertos nos recibe hoy.<br>Tal y como somos nos am\u00f3.<br>Hoy nos acercamos sin temor.<br><br>Ahora hay un futuro y esperanza fiel.<br>En su amor confiamos, hay descanso en \u00c9l.<\/p>\n\n\n\n<p class=\"has-vivid-purple-background-color has-background\"><\/p>\n\n\n\n<figure class=\"wp-block-image size-full\"><img decoding=\"async\" src=\"https:\/\/menesianosoy.org\/wp-content\/uploads\/2024\/04\/Logo-nuevo-1.jpg\" alt=\"\" class=\"wp-image-11579\"\/><\/figure>\n","protected":false},"excerpt":{"rendered":"<p>Hechos 5, 27-33Salmo 33, 2. 9. 17-20 Evangelio: Juan 3, 31-36 Jes\u00fas dijo a sus disc\u00edpulos: El que viene de lo alto est\u00e1 por encima de todos. El que es de la tierra pertenece a la tierra y habla de la tierra. El que vino del cielo da testimonio de lo que ha visto y &hellip; <a href=\"https:\/\/menesianosoy.org\/index.php\/2024\/04\/06\/san-estanislao\/\" class=\"more-link\">Continue reading<span class=\"screen-reader-text\"> \u00abSan Estanislao\u00bb<\/span><\/a><\/p>\n","protected":false},"author":3,"featured_media":0,"comment_status":"closed","ping_status":"closed","sticky":false,"template":"","format":"standard","meta":{"_acf_changed":false,"footnotes":""},"categories":[9],"tags":[],"class_list":["post-11577","post","type-post","status-publish","format-standard","hentry","category-evangelio"],"acf":[],"_links":{"self":[{"href":"https:\/\/menesianosoy.org\/index.php\/wp-json\/wp\/v2\/posts\/11577","targetHints":{"allow":["GET"]}}],"collection":[{"href":"https:\/\/menesianosoy.org\/index.php\/wp-json\/wp\/v2\/posts"}],"about":[{"href":"https:\/\/menesianosoy.org\/index.php\/wp-json\/wp\/v2\/types\/post"}],"author":[{"embeddable":true,"href":"https:\/\/menesianosoy.org\/index.php\/wp-json\/wp\/v2\/users\/3"}],"replies":[{"embeddable":true,"href":"https:\/\/menesianosoy.org\/index.php\/wp-json\/wp\/v2\/comments?post=11577"}],"version-history":[{"count":8,"href":"https:\/\/menesianosoy.org\/index.php\/wp-json\/wp\/v2\/posts\/11577\/revisions"}],"predecessor-version":[{"id":11809,"href":"https:\/\/menesianosoy.org\/index.php\/wp-json\/wp\/v2\/posts\/11577\/revisions\/11809"}],"wp:attachment":[{"href":"https:\/\/menesianosoy.org\/index.php\/wp-json\/wp\/v2\/media?parent=11577"}],"wp:term":[{"taxonomy":"category","embeddable":true,"href":"https:\/\/menesianosoy.org\/index.php\/wp-json\/wp\/v2\/categories?post=11577"},{"taxonomy":"post_tag","embeddable":true,"href":"https:\/\/menesianosoy.org\/index.php\/wp-json\/wp\/v2\/tags?post=11577"}],"curies":[{"name":"wp","href":"https:\/\/api.w.org\/{rel}","templated":true}]}}