{"id":11789,"date":"2024-04-10T15:08:56","date_gmt":"2024-04-10T18:08:56","guid":{"rendered":"https:\/\/menesianosoy.org\/?p=11789"},"modified":"2024-04-10T15:08:57","modified_gmt":"2024-04-10T18:08:57","slug":"jueves-de-la-3a-semana-de-pascua-2","status":"publish","type":"post","link":"https:\/\/menesianosoy.org\/index.php\/2024\/04\/10\/jueves-de-la-3a-semana-de-pascua-2\/","title":{"rendered":"Jueves de la 3\u00aa semana de Pascua"},"content":{"rendered":"\n<h4 class=\"wp-block-heading has-text-align-left has-vivid-purple-color has-text-color has-link-color wp-elements-73c8bbd5324a57451b81e1b521e940e4\"><br><strong><em>Oraci\u00f3n<\/em><\/strong><\/h4>\n\n\n\n<p class=\"has-text-align-left\"><strong><em>Padre bueno,<br>te doy gracias por la vida,<br>regalo de tu amor.<br>Haz que la comparta con todos:<br>con mis hermanos, con mi familia,<br>con mis amigos,<br>tejiendo lazos como lo hizo Jes\u00fas.<br>Env\u00edame tu Esp\u00edritu Santo<br>para descubrir lo que quieres de m\u00ed.<br>Hazme cada d\u00eda m\u00e1s parecido a tu Hijo:<br>que sus sentimientos sean mis sentimientos,<br>que sus pensamientos<br>sean mis pensamientos,<br>que su proyecto sea mi proyecto,<br>que ame como \u00c9l am\u00f3.<br>Como a Mar\u00eda, Padre Bueno,<br>conc\u00e9denos a todos<br>un coraz\u00f3n d\u00f3cil a tu Palabra.<br>Am\u00e9n<\/em><\/strong><\/p>\n\n\n\n<h4 class=\"wp-block-heading has-text-align-left has-vivid-purple-color has-text-color has-link-color wp-elements-e24848239ac3eeb626a27cc800272ce3\"><br><strong><em>Intenciones<\/em><\/strong><\/h4>\n\n\n\n<ul class=\"wp-block-list\">\n<li>Por las vocaciones menesianas de Hermanos y Laicos.<\/li>\n\n\n\n<li>Por la casa de formaci\u00f3n de El Alto.<\/li>\n\n\n\n<li>Por el Cap\u00edtulo general, para que sea fiel al carisma fundacional.<\/li>\n\n\n\n<li>Por la comunidad de Pandan (Filipinas)<\/li>\n<\/ul>\n\n\n\n<h4 class=\"wp-block-heading has-text-align-left has-vivid-purple-color has-text-color has-link-color wp-elements-6e2511564545ee20d3915cee0328954b\"><br><strong><em>Directorio 117 a<\/em><\/strong><\/h4>\n\n\n\n<p>Atento a la vocaci\u00f3n particular de cada persona, el Hermano escucha a los alumnos para comprenderlos y ayudarlos mejor.<\/p>\n\n\n\n<h4 class=\"wp-block-heading has-text-align-left has-vivid-purple-color has-text-color has-link-color wp-elements-b4363e4162072fe2e513cf357436d12b\"><br><strong><em>A H\u00e9l\u00e8ne de Lucini\u00e8re, 28 de enero de 1837<\/em><\/strong><\/h4>\n\n\n\n<p class=\"has-text-align-left\">Cuando la mente ha perdido su norte, da origen a mil quimeras de las que es juguete; ya no cree, sue\u00f1a.<\/p>\n\n\n\n<h4 class=\"wp-block-heading has-text-align-left has-vivid-purple-color has-text-color has-link-color wp-elements-c8d8fb74f70caca431f53ffe68f63588\"><br><strong><em>Difuntos<\/em><\/strong><\/h4>\n\n\n\n<p class=\"has-text-align-left\">1974: Ernest Cr\u00e9peau (Cl\u00e9mentien-Marie)<br>1991: Michel Morvan (Michel-Alain)<br>1996: Odone Kasasira<br>2002: R\u00e9al Larose (Amance-Joseph)<\/p>\n","protected":false},"excerpt":{"rendered":"<p>Oraci\u00f3n Padre bueno,te doy gracias por la vida,regalo de tu amor.Haz que la comparta con todos:con mis hermanos, con mi familia,con mis amigos,tejiendo lazos como lo hizo Jes\u00fas.Env\u00edame tu Esp\u00edritu Santopara descubrir lo que quieres de m\u00ed.Hazme cada d\u00eda m\u00e1s parecido a tu Hijo:que sus sentimientos sean mis sentimientos,que sus pensamientossean mis pensamientos,que su proyecto &hellip; <a href=\"https:\/\/menesianosoy.org\/index.php\/2024\/04\/10\/jueves-de-la-3a-semana-de-pascua-2\/\" class=\"more-link\">Continue reading<span class=\"screen-reader-text\"> \u00abJueves de la 3\u00aa semana de Pascua\u00bb<\/span><\/a><\/p>\n","protected":false},"author":3,"featured_media":0,"comment_status":"closed","ping_status":"closed","sticky":false,"template":"","format":"standard","meta":{"_acf_changed":false,"footnotes":""},"categories":[3],"tags":[],"class_list":["post-11789","post","type-post","status-publish","format-standard","hentry","category-calendario"],"acf":[],"_links":{"self":[{"href":"https:\/\/menesianosoy.org\/index.php\/wp-json\/wp\/v2\/posts\/11789","targetHints":{"allow":["GET"]}}],"collection":[{"href":"https:\/\/menesianosoy.org\/index.php\/wp-json\/wp\/v2\/posts"}],"about":[{"href":"https:\/\/menesianosoy.org\/index.php\/wp-json\/wp\/v2\/types\/post"}],"author":[{"embeddable":true,"href":"https:\/\/menesianosoy.org\/index.php\/wp-json\/wp\/v2\/users\/3"}],"replies":[{"embeddable":true,"href":"https:\/\/menesianosoy.org\/index.php\/wp-json\/wp\/v2\/comments?post=11789"}],"version-history":[{"count":1,"href":"https:\/\/menesianosoy.org\/index.php\/wp-json\/wp\/v2\/posts\/11789\/revisions"}],"predecessor-version":[{"id":11790,"href":"https:\/\/menesianosoy.org\/index.php\/wp-json\/wp\/v2\/posts\/11789\/revisions\/11790"}],"wp:attachment":[{"href":"https:\/\/menesianosoy.org\/index.php\/wp-json\/wp\/v2\/media?parent=11789"}],"wp:term":[{"taxonomy":"category","embeddable":true,"href":"https:\/\/menesianosoy.org\/index.php\/wp-json\/wp\/v2\/categories?post=11789"},{"taxonomy":"post_tag","embeddable":true,"href":"https:\/\/menesianosoy.org\/index.php\/wp-json\/wp\/v2\/tags?post=11789"}],"curies":[{"name":"wp","href":"https:\/\/api.w.org\/{rel}","templated":true}]}}