{"id":11909,"date":"2024-04-16T12:19:19","date_gmt":"2024-04-16T15:19:19","guid":{"rendered":"https:\/\/menesianosoy.org\/?p=11909"},"modified":"2024-04-21T02:22:24","modified_gmt":"2024-04-21T05:22:24","slug":"4o-domingo-de-pascua-domingo-del-buen-pastor","status":"publish","type":"post","link":"https:\/\/menesianosoy.org\/index.php\/2024\/04\/16\/4o-domingo-de-pascua-domingo-del-buen-pastor\/","title":{"rendered":"4\u00ba Domingo de Pascua \u2013 Domingo del Buen Pastor"},"content":{"rendered":"\n<h5 class=\"wp-block-heading has-text-align-left has-vivid-purple-color has-text-color has-link-color wp-elements-45824cd6c76a514fe32430daa7fd248f\"><strong><em>San Rom\u00e1n Adame &#8211; San Anselmo<\/em><\/strong><\/h5>\n\n\n\n<p><strong><em>Rezamos por los Asistentes generales reelectos por el Cap\u00edtulo<\/em><\/strong><\/p>\n\n\n\n<figure class=\"wp-block-image size-full\"><img loading=\"lazy\" decoding=\"async\" width=\"500\" height=\"500\" src=\"https:\/\/menesianosoy.org\/wp-content\/uploads\/2024\/04\/d0470e0e-169f-4fae-8275-b89ae01795ad.jpg\" alt=\"\" class=\"wp-image-12138\" srcset=\"https:\/\/menesianosoy.org\/wp-content\/uploads\/2024\/04\/d0470e0e-169f-4fae-8275-b89ae01795ad.jpg 500w, https:\/\/menesianosoy.org\/wp-content\/uploads\/2024\/04\/d0470e0e-169f-4fae-8275-b89ae01795ad-300x300.jpg 300w, https:\/\/menesianosoy.org\/wp-content\/uploads\/2024\/04\/d0470e0e-169f-4fae-8275-b89ae01795ad-150x150.jpg 150w\" sizes=\"auto, (max-width: 500px) 85vw, 500px\" \/><\/figure>\n\n\n\n<p><br><strong><em>Hechos 4, 8-12<\/em><br><em>Salmo 117, 1.8-9.21-23.26.28-29<\/em><br><em>1 Juan 3, 1-2<\/em><\/strong><\/p>\n\n\n\n<h4 class=\"wp-block-heading has-text-align-left has-vivid-cyan-blue-color has-text-color has-link-color wp-elements-190dac411225bf7ed2b5ece548df17b3\"><br><strong>Evangelio:<\/strong> <strong>Juan 10, 11-18<\/strong><\/h4>\n\n\n\n<p class=\"has-text-align-left\"><strong><em>En aquel tiempo Jes\u00fas dijo: Yo soy el buen Pastor. El buen Pastor da su vida por las ovejas.<br>El asalariado, en cambio, que no es el pastor y al que no pertenecen las ovejas, cuando ve venir al lobo, las abandona y huye y el lobo las arrebata y la dispersa. Como es asalariado, no se preocupa por las ovejas.<br>Yo soy el buen Pastor: conozco a mis ovejas, y mis ovejas me conocen a m\u00ed \u2013como el Padre me conoce a m\u00ed y yo conozco al Padre\u2013 y doy mi vida por las ovejas.<br>Tengo, adem\u00e1s, otras ovejas que no son de este corral y a las que debo tambi\u00e9n conducir: ellas oir\u00e1n mi voz, y as\u00ed habr\u00e1 un solo Reba\u00f1o y un solo Pastor.<br>El Padre me ama porque yo doy mi vida para recobrarla. Nadie me la quita, sino que la doy por m\u00ed mismo. Tengo el poder de darla y de recobrarla: este es el mandato que recib\u00ed de mi Padre\u00bb.<\/em><\/strong><\/p>\n\n\n\n<figure class=\"wp-block-image size-full\"><img loading=\"lazy\" decoding=\"async\" width=\"500\" height=\"500\" src=\"https:\/\/menesianosoy.org\/wp-content\/uploads\/2024\/04\/image.jpg\" alt=\"\" class=\"wp-image-11944\" srcset=\"https:\/\/menesianosoy.org\/wp-content\/uploads\/2024\/04\/image.jpg 500w, https:\/\/menesianosoy.org\/wp-content\/uploads\/2024\/04\/image-300x300.jpg 300w, https:\/\/menesianosoy.org\/wp-content\/uploads\/2024\/04\/image-150x150.jpg 150w\" sizes=\"auto, (max-width: 500px) 85vw, 500px\" \/><\/figure>\n\n\n\n<h4 class=\"wp-block-heading has-text-align-left has-vivid-cyan-blue-color has-text-color has-link-color wp-elements-a2301f517995ee179f0ea9fe1a82cd5c\"><br><strong>Palabra y realidad<\/strong><\/h4>\n\n\n\n<p class=\"has-text-align-left\">En el 4to domingo de Pascua la Iglesia celebra el domingo del Buen Pastor, el domingo de oraci\u00f3n por las vocaciones.<br><br>Una pregunta que cae de lleno es qu\u00e9 entiendes, entiendo, entendemos por vocaci\u00f3n. \u00bfEs algo dado, es est\u00e1tico, tiene que ver con mis cualidades o es una irrupci\u00f3n de Dios en mi vida que me provoca una llamarada interior que no puedo apagar, aunque quiera? Llam\u00f3 a los que quiso (cf Mc 3, 13) Toda vocaci\u00f3n nace de una pro-vocaci\u00f3n de la realidad (Dios no llama en el aire). Provocaci\u00f3n de la realidad, porque me sacude, me cachetea y no me deja igual; me invita a generar una respuesta poniendo los pies y las manos en movimiento. Toda vocaci\u00f3n supone un llamado (de Dios) y una respuesta (la tuya). Dios llama, porque ama.<br><br>Etimol\u00f3gicamente la palabra vocaci\u00f3n, significa llamar. El primer llamado es a la vida y el 2\u00ba es a \u2018reproducir en nosotros la imagen del Hijo\u2019 y luego cada uno va descubriendo las provocaciones de Dios en la realidad y de qu\u00e9 manera encarnar ese llamado en la cotidianeidad. Eso s\u00ed, todos estamos llamados a dejar que el Esp\u00edritu vaya tallando, poco a poco, en nosotros la imagen de Jes\u00fas. No es tanto lo que debemos hacer como, dejarnos hacer. Rezo no para hacer esto o aquello, sino para hacer la voluntad de Dios, dej\u00e1ndome educar por el Esp\u00edritu.<br><br>Este pasaje&nbsp;tiene de trasfondo la historia de un hombre nacido ciego (9:1-34). Jes\u00fas san\u00f3 al ciego y precipit\u00f3 la controversia con los fariseos. Luego Jes\u00fas, el buen Pastor, se contrasta a s\u00ed mismo con el pastor asalariado, cuya \u00fanica preocupaci\u00f3n es su propio bienestar. Estas im\u00e1genes negativas (aqu\u00e9llos que reh\u00fasan ver, ladrones, bandidos, desconocidos, contratados) son met\u00e1foras que hablan de los fariseos. Sus acciones son ego\u00edstas, y no tienen nada que ver con el amor a Dios o a las personas. El hombre, que antes era ciego, ahora ve claramente y ve que Jes\u00fas es el buen pastor, no los fariseos.<br><br>Los padres del ciego actuaron como un pastor asalariado. Vieron venir al lobo y huyeron (10,12). Al encontrarse en peligro, abandonaron al hijo a su suerte, por miedo a los jud\u00edos (preg\u00fantenle a \u00e9l, ya es grande, Jn 9, 21 y 23). Se sacan la responsabilidad. No les dio el cuero para jugarse por su hijo.<br><br>Jes\u00fas enmarca su relaci\u00f3n con las ovejas desde dos aspectos. El primero referido a la defensa de la vida de estas <em>(el&nbsp;buen pastor da la vida por ellas)<\/em> y el segundo al mutuo reconocimiento entre pastor y ovejas <em>(el Pastor conoce a sus ovejas y ellas lo conocen)<\/em>.&nbsp;Recordemos que conocer para los jud\u00edos no es una acci\u00f3n intelectual sino m\u00e1s bien experiencial, implica una relaci\u00f3n, encuentro, tiempo compartido. <br><br>Para Jes\u00fas las ovejas saben percibir muy bien qui\u00e9n es el&nbsp;<em>buen pastor<\/em>. Los fariseos no aceptaban esto. Ellos despreciaban a las ovejas y las llamaban \u2018<em>pueblo maldito e ignorante\u2019<\/em> (Jn 7,49; 9,34). Pensaban tener la justa al discernir las cosas de Dios y por eso mismo son ciegos. Creen reconocer a Dios poni\u00e9ndose al margen del pueblo, de las llamadas de la realidad, y nada m\u00e1s lejos del proyecto de Dios. No hay camino a Dios que no pase por el reconocimiento de los otros. Cuando los ninguneo, ninguneo a Dios.<br><br>Juan Mar\u00eda en esta l\u00ednea dir\u00e1 de las hermanas: <em>\u201cSu escuela es un templo en el que ejercen una de las m\u00e1s augustas funciones del sacerdocio, la de ense\u00f1ar. (\u2026) hablan en nombre de Jesucristo, ocupan su lugar y por consiguiente, no hay nada de com\u00fan entre ustedes y esos mercenarios para quienes una escuela es un taller de lectura, de escritura o de c\u00e1lculo y que fabrican instrucci\u00f3n como un carpintero hace muebles&#8230;\u201d.<\/em><br><br>Jes\u00fas invita a tener presente dos criterios en la din\u00e1mica del pastoreo: (a) Prestar mucha atenci\u00f3n a la reacci\u00f3n de las ovejas, pues ellas reconocen la voz del pastor y (b) a las actitudes de aquel que se dice pastor, para ver si le interesa verdaderamente la vida de las ovejas y si es capaz de dar la vida por ellas.<br>Hay ovejas que a\u00fan no han o\u00eddo su voz y por eso no todas son de este redil, dice Jes\u00fas, abriendo as\u00ed el horizonte. Como buen pastor, quiere llegar a constituir<em> un solo reba\u00f1o y un solo pastor<\/em>. El desaf\u00edo de la unidad en la diversidad sigue presente como hace dos mil a\u00f1os.<\/p>\n\n\n\n<h4 class=\"wp-block-heading has-text-align-left has-vivid-cyan-blue-color has-text-color has-link-color wp-elements-4f3600b7ef2779a8506de9a892f74ceb\"><br><strong>Lectura de los Lazos<\/strong><\/h4>\n\n\n\n<p class=\"has-text-align-left\">Jes\u00fas con los suyos: Jes\u00fas conoce a sus ovejas, y porque las conoce las llama por su nombre. Conoce a sus ovejas como el Padre lo conoce a \u00c9l. Tambi\u00e9n sus ovejas lo conocen y reconocen su voz. Como Pastor da la vida por ellas. Nadie se la quita, la da porque quiere. No escapa ante la presencia de lobo. No es un mercenario. Le importan las ovejas y no la paga por cuidar de ellas. No defiende su inter\u00e9s personal, sino la vida de sus ovejas. Anhela un \u00fanico reba\u00f1o y un \u00fanico pastor. Que todos sean uno para que el mundo crea. Vino a servir y no a ser servido.<\/p>\n\n\n\n<h4 class=\"wp-block-heading has-text-align-left has-vivid-cyan-blue-color has-text-color has-link-color wp-elements-fc106bf8187ed34fa9151c6c240c10b4\"><br><strong>Palabras de Juan Mar\u00eda<\/strong><\/h4>\n\n\n\n<p class=\"has-text-align-left\"><img decoding=\"async\" class=\"wp-image-4140\" style=\"width: 150px;\" src=\"https:\/\/menesianosoy.org\/wp-content\/uploads\/2023\/09\/Juanma.jpg\" alt=\"\"><br><em>Oh, Dios m\u00edo, acaba tu obra; salva a estos ni\u00f1os que te son tan queridos. T\u00fa los has rescatado con el precio de tu sangre; de buena gana daremos la \u00faltima gota de la nuestra para salvarlos. Pobres ni\u00f1os, los amaremos tanto m\u00e1s cuanto mayores sean los peligros que los amenazan. Contaremos una a una estar tiernas ovejas que has puesto bajo nuestra custodia y las defenderemos de los ataques, sin cesar renovados, a los que est\u00e1n expuestos. Oh, Dios m\u00edo, prot\u00e9gelos, prot\u00e9genos a todos; no esperamos nada de los hombres; en Ti s\u00f3lo est\u00e1 nuestra esperanza; no ser\u00e1 confundida.\u201d (A. 309)<\/em><\/p>\n\n\n\n<h4 class=\"wp-block-heading has-text-align-left has-vivid-cyan-blue-color has-text-color has-link-color wp-elements-f1b5decc673d543cececeb8b92b86230\"><br><strong><em>En Buen Pastor &#8211; Javier Br\u00fa<\/em><\/strong><\/h4>\n\n\n\n<figure class=\"wp-block-embed is-type-video is-provider-youtube wp-block-embed-youtube wp-embed-aspect-16-9 wp-has-aspect-ratio\"><div class=\"wp-block-embed__wrapper\">\n<iframe loading=\"lazy\" title=\"Javier Br\u00fa - El Buen Pastor\" width=\"1140\" height=\"641\" src=\"https:\/\/www.youtube.com\/embed\/EuOgXgSvW7w?feature=oembed\" frameborder=\"0\" allow=\"accelerometer; autoplay; clipboard-write; encrypted-media; gyroscope; picture-in-picture; web-share\" referrerpolicy=\"strict-origin-when-cross-origin\" allowfullscreen><\/iframe>\n<\/div><\/figure>\n\n\n\n<p class=\"has-text-align-left\">El que no entra por la puerta no es pastor,<br>salta la cerca el bandido o el ladr\u00f3n.<br>Las ovejas en su aprisco<br>s\u00f3lo atienden a la voz de su pastor.<br>Del extra\u00f1o las ovejas huir\u00e1n;<br>el pastor por nombre a todas llamar\u00e1<br>y afuera \u00e9l ir\u00e1 delante<br>y su voz escuchar\u00e1n y seguir\u00e1n.<br><br>Y yo soy quien da la vida por salvar a sus ovejas.<br>Al hablar me reconocen y yo las conozco a ellas,<br>porque yo soy su Pastor, el Buen Pastor.<br>y nadie nunca podr\u00e1 arrebatarlas de mi mano.<br>Yo soy uno con el Padre y \u00e9l me las ha encomendado,<br>porque yo soy su Pastor, el Buen Pastor.<br><br>Todo el que antes a ellas vino fue un ladr\u00f3n<br>a quien s\u00f3lo su salario le import\u00f3.<br>Lleg\u00f3 el lobo haciendo estragos<br>y el bandido a mi reba\u00f1o abandon\u00f3.<br>Tengo ovejas que no son de este redil,<br>pero al escuchar mi voz querr\u00e1n venir,<br>formando un solo reba\u00f1o<br>con un \u00fanico pastor a quien seguir.<br><br>Y yo soy quien da la vida por salvar a sus ovejas.<br>Soy su puerta a verdes prados, adonde me siguen ellas.<br>Porque yo soy su Pastor, el Buen Pastor.<br>As\u00ed el padre lo ha querido, cuando mi vida haya dado,<br>obtendr\u00e1n la vida eterna y yo la habr\u00e9 recuperado,<br>porque yo soy su Pastor, el Buen Pastor.<br>Y yo soy quien da la vida por salvar a sus ovejas.<br>Al hablar me reconocen y yo las conozco a ellas,<br>porque yo soy su Pastor, el Buen Pastor.<br>y nadie nunca podr\u00e1 arrebatarlas de mi mano.<br>Yo soy uno con el Padre y \u00e9l me las ha encomendado,<br>porque yo soy su Pastor, el Buen Pastor.<\/p>\n\n\n\n<h4 class=\"wp-block-heading has-text-align-left has-vivid-cyan-blue-color has-text-color has-link-color wp-elements-7f48bf00b4f48b9d4dfa110c3064832c\"><br><strong><em>Pastor fiel &#8211; Hermanas de Schoenstatt<\/em><\/strong><\/h4>\n\n\n\n<figure class=\"wp-block-embed is-type-video is-provider-youtube wp-block-embed-youtube wp-embed-aspect-4-3 wp-has-aspect-ratio\"><div class=\"wp-block-embed__wrapper\">\n<iframe loading=\"lazy\" title=\"Pastor Fiel\" width=\"1140\" height=\"855\" src=\"https:\/\/www.youtube.com\/embed\/PBv1xm0h6wU?feature=oembed\" frameborder=\"0\" allow=\"accelerometer; autoplay; clipboard-write; encrypted-media; gyroscope; picture-in-picture; web-share\" referrerpolicy=\"strict-origin-when-cross-origin\" allowfullscreen><\/iframe>\n<\/div><\/figure>\n\n\n\n<p class=\"has-text-align-left\">Amanece, se levanta el sol.<br>Muy temprano comienza la entrega de amor.<br>Conduces a todos al valle mejor.<br>Eres fiel y paciente, eres el Buen Pastor.<br>A lo lejos escucho tu voz,<br>por mi nombre me llamas<br>pues sabes qui\u00e9n soy.<br>Conoces mis pasos, mi peregrinar.<br>Por prados y valles me llevas a andar.<br><br>Contigo nada me falta,<br>Buen Pastor.<br>Vas conmigo, contigo yo voy.<br>Contigo nada mi falta,<br>Buen Pastor<br>pues conoces mi nombre y mi voz.<br>Y aunque camine y me pierda<br>vendr\u00e1s a mi encuentro.<br>En tus hombros me cargar\u00e1s.<br>Me dir\u00e1s: Te amo m\u00e1s que a las dem\u00e1s.<br><br>A lo lejos, te veo venir.<br>Quisiera seguirte, vivir solo en ti.<br>Te entrego mis miedos, te entrego mi voz.<br>Conduce mi vida hacia tu coraz\u00f3n.<\/p>\n\n\n\n<p class=\"has-vivid-purple-background-color has-background\"><\/p>\n\n\n\n<figure class=\"wp-block-image size-full\"><img decoding=\"async\" src=\"https:\/\/menesianosoy.org\/wp-content\/uploads\/2024\/04\/Logo-nuevo-10.jpg\" alt=\"\" class=\"wp-image-11926\"\/><\/figure>\n\n\n\n<p class=\"has-text-align-left\"><em><br><br><\/em><\/p>\n","protected":false},"excerpt":{"rendered":"<p>San Rom\u00e1n Adame &#8211; San Anselmo Rezamos por los Asistentes generales reelectos por el Cap\u00edtulo Hechos 4, 8-12Salmo 117, 1.8-9.21-23.26.28-291 Juan 3, 1-2 Evangelio: Juan 10, 11-18 En aquel tiempo Jes\u00fas dijo: Yo soy el buen Pastor. El buen Pastor da su vida por las ovejas.El asalariado, en cambio, que no es el pastor y &hellip; <a href=\"https:\/\/menesianosoy.org\/index.php\/2024\/04\/16\/4o-domingo-de-pascua-domingo-del-buen-pastor\/\" class=\"more-link\">Continue reading<span class=\"screen-reader-text\"> \u00ab4\u00ba Domingo de Pascua \u2013 Domingo del Buen Pastor\u00bb<\/span><\/a><\/p>\n","protected":false},"author":3,"featured_media":0,"comment_status":"closed","ping_status":"closed","sticky":false,"template":"","format":"standard","meta":{"_acf_changed":false,"footnotes":""},"categories":[9],"tags":[],"class_list":["post-11909","post","type-post","status-publish","format-standard","hentry","category-evangelio"],"acf":[],"_links":{"self":[{"href":"https:\/\/menesianosoy.org\/index.php\/wp-json\/wp\/v2\/posts\/11909","targetHints":{"allow":["GET"]}}],"collection":[{"href":"https:\/\/menesianosoy.org\/index.php\/wp-json\/wp\/v2\/posts"}],"about":[{"href":"https:\/\/menesianosoy.org\/index.php\/wp-json\/wp\/v2\/types\/post"}],"author":[{"embeddable":true,"href":"https:\/\/menesianosoy.org\/index.php\/wp-json\/wp\/v2\/users\/3"}],"replies":[{"embeddable":true,"href":"https:\/\/menesianosoy.org\/index.php\/wp-json\/wp\/v2\/comments?post=11909"}],"version-history":[{"count":13,"href":"https:\/\/menesianosoy.org\/index.php\/wp-json\/wp\/v2\/posts\/11909\/revisions"}],"predecessor-version":[{"id":12139,"href":"https:\/\/menesianosoy.org\/index.php\/wp-json\/wp\/v2\/posts\/11909\/revisions\/12139"}],"wp:attachment":[{"href":"https:\/\/menesianosoy.org\/index.php\/wp-json\/wp\/v2\/media?parent=11909"}],"wp:term":[{"taxonomy":"category","embeddable":true,"href":"https:\/\/menesianosoy.org\/index.php\/wp-json\/wp\/v2\/categories?post=11909"},{"taxonomy":"post_tag","embeddable":true,"href":"https:\/\/menesianosoy.org\/index.php\/wp-json\/wp\/v2\/tags?post=11909"}],"curies":[{"name":"wp","href":"https:\/\/api.w.org\/{rel}","templated":true}]}}