{"id":12027,"date":"2024-04-18T09:43:49","date_gmt":"2024-04-18T12:43:49","guid":{"rendered":"https:\/\/menesianosoy.org\/?p=12027"},"modified":"2024-04-23T14:41:24","modified_gmt":"2024-04-23T17:41:24","slug":"san-fidel-de-sigmaringen-2","status":"publish","type":"post","link":"https:\/\/menesianosoy.org\/index.php\/2024\/04\/18\/san-fidel-de-sigmaringen-2\/","title":{"rendered":"San Fidel de Sigmaringen"},"content":{"rendered":"\n<p class=\"has-text-align-center\"><strong><em>2024 : <strong><em>Renovaci\u00f3n de la consagraci\u00f3n de la Congregaci\u00f3n a Mar\u00eda en Santa Mar\u00eda la Mayor de Roma y fin del Cap\u00edtulo General.<\/em><\/strong><\/em><\/strong><\/p>\n\n\n\n<h4 class=\"wp-block-heading has-text-align-left has-vivid-purple-color has-text-color has-link-color wp-elements-73c8bbd5324a57451b81e1b521e940e4\"><br><strong><em>Oraci\u00f3n<\/em><\/strong><\/h4>\n\n\n\n<p class=\"has-text-align-left\"><strong><em>Sant\u00edsima Virgen Mar\u00eda;<br>con estas ardientes palabras,<br>nosotros tus fieles servidores,<br>nos consagramos a ti enteramente,<br>como a nuestra maestra,<br>nuestra reina y nuestra madre.<br>Queremos abandonarnos<br>en las delicias de tu amor virginal.<br>Permite que estos pecadores,<br>unidos no por la sangre,<br>sino por el deseo de pertenecerte totalmente,<br>se consagren al Se\u00f1or Jes\u00fas a trav\u00e9s de ti.<br>Ponemos en tus manos nuestro pobre amor<br>y el humilde y gozoso compromiso<br>de vivir hoy y siempre como esclavos tuyos.<br>No podemos ofrecerte<br>nada digno de ti, Mar\u00eda.<br>Recibe \u00fanicamente nuestros d\u00e9biles<br>y miserables corazones.<br>Queremos que te pertenezcan totalmente.<br>Tu tierno e indulgente amor<br>no despreciar\u00e1 esta peque\u00f1a ofrenda.<br>Santa Mar\u00eda, Virgen y Madre,<br>nos entregamos y consagramos<br>a ti para siempre.<br>Cons\u00edguenos que hoy vivamos<br>en todo como hijos tuyos.<br>(F\u00e9li y Juan Mar\u00eda 19\/06\/1809)<\/em><\/strong><\/p>\n\n\n\n<h4 class=\"wp-block-heading has-text-align-left has-vivid-purple-color has-text-color has-link-color wp-elements-e24848239ac3eeb626a27cc800272ce3\"><br><strong><em>Intenciones<\/em><\/strong><\/h4>\n\n\n\n<ul class=\"wp-block-list\">\n<li>Para que lo elaborado por el Cap\u00edtulo General, que se termina hoy, sirva para la renovaci\u00f3n de nuestra Congregaci\u00f3n.<\/li>\n\n\n\n<li>Por las vocaciones en cada uno de nuestras Provincias y Distrito.<\/li>\n\n\n\n<li>Por cada una de nuestras comunidades, sobre todo las dedicadas a la formaci\u00f3n.<\/li>\n\n\n\n<li>Por el cumplea\u00f1os del H. Manuel G\u00f3mez Quintano de la comunidad del Teodelina, en este momento en Luj\u00e1n de Cuyo.<\/li>\n<\/ul>\n\n\n\n<h4 class=\"wp-block-heading has-text-align-left has-vivid-purple-color has-text-color has-link-color wp-elements-32bb286c925333b3e0161e03e7ea5fb1\"><br><strong><em>Directorio 122<\/em><\/strong><\/h4>\n\n\n\n<p class=\"has-text-align-left\">El impacto de los medios de comunicaci\u00f3n social en la civilizaci\u00f3n moderna alienta a los educadores religiosos a ponerlos, de manera oportuna y prudente, al servicio de su apostolado. Los Hermanos est\u00e1n abiertos a lo que interesa a los j\u00f3venes para comprenderlos mejor. <\/p>\n\n\n\n<h4 class=\"wp-block-heading has-text-align-left has-vivid-purple-color has-text-color has-link-color wp-elements-2f0421a9d21125dc1bc08516053f29d2\"><br><strong><em>Memorial, p\u00e1g. 43<\/em><\/strong><\/h4>\n\n\n\n<p class=\"has-text-align-left\">Cuando Dios ya no tiene autoridad, \u00bfqu\u00e9 hombre podr\u00e1 mantener la suya? Recuerda que el demonio del orgullo (es lo mismo que el de la rebeli\u00f3n contra la autoridad) se llama legi\u00f3n.<\/p>\n\n\n\n<h4 class=\"wp-block-heading has-text-align-left has-vivid-purple-color has-text-color has-link-color wp-elements-c8d8fb74f70caca431f53ffe68f63588\"><br><strong><em>Difuntos<\/em><\/strong><\/h4>\n\n\n\n<p class=\"has-text-align-left\"><img loading=\"lazy\" decoding=\"async\" width=\"100\" height=\"127\" class=\"wp-image-12044\" style=\"width: 100px;\" src=\"https:\/\/menesianosoy.org\/wp-content\/uploads\/2024\/04\/Francisco-Maria.png\" alt=\"\"><br>1989: Te\u00f3filo Aparicio (Francisco Mar\u00eda), Naci\u00f3 en Revilla de Pomar (Palencia) en 1902. Asistente (1952-1970). Fundador de la obra en Argentina en el a\u00f1o 1933, donde permaneci\u00f3 hasta el a\u00f1o 1936. Muri\u00f3 en Nanclares.<br><br>1977: Ambroise Le Saux (\u00c9mile-Eugene)<br>1993: Joseph Loaec (Romaric)<br>1995: Raoul Lema\u00eetre-Duhaime (\u00c9lis\u00e9e)<br>2004: Pierre Dr\u00e9an (Pierre-Joseph) y Lionel Richard (Georges-Richard)<br><\/p>\n","protected":false},"excerpt":{"rendered":"<p>2024 : Renovaci\u00f3n de la consagraci\u00f3n de la Congregaci\u00f3n a Mar\u00eda en Santa Mar\u00eda la Mayor de Roma y fin del Cap\u00edtulo General. Oraci\u00f3n Sant\u00edsima Virgen Mar\u00eda;con estas ardientes palabras,nosotros tus fieles servidores,nos consagramos a ti enteramente,como a nuestra maestra,nuestra reina y nuestra madre.Queremos abandonarnosen las delicias de tu amor virginal.Permite que estos pecadores,unidos no &hellip; <a href=\"https:\/\/menesianosoy.org\/index.php\/2024\/04\/18\/san-fidel-de-sigmaringen-2\/\" class=\"more-link\">Continue reading<span class=\"screen-reader-text\"> \u00abSan Fidel de Sigmaringen\u00bb<\/span><\/a><\/p>\n","protected":false},"author":3,"featured_media":0,"comment_status":"closed","ping_status":"closed","sticky":false,"template":"","format":"standard","meta":{"_acf_changed":false,"footnotes":""},"categories":[3],"tags":[],"class_list":["post-12027","post","type-post","status-publish","format-standard","hentry","category-calendario"],"acf":[],"_links":{"self":[{"href":"https:\/\/menesianosoy.org\/index.php\/wp-json\/wp\/v2\/posts\/12027","targetHints":{"allow":["GET"]}}],"collection":[{"href":"https:\/\/menesianosoy.org\/index.php\/wp-json\/wp\/v2\/posts"}],"about":[{"href":"https:\/\/menesianosoy.org\/index.php\/wp-json\/wp\/v2\/types\/post"}],"author":[{"embeddable":true,"href":"https:\/\/menesianosoy.org\/index.php\/wp-json\/wp\/v2\/users\/3"}],"replies":[{"embeddable":true,"href":"https:\/\/menesianosoy.org\/index.php\/wp-json\/wp\/v2\/comments?post=12027"}],"version-history":[{"count":11,"href":"https:\/\/menesianosoy.org\/index.php\/wp-json\/wp\/v2\/posts\/12027\/revisions"}],"predecessor-version":[{"id":12051,"href":"https:\/\/menesianosoy.org\/index.php\/wp-json\/wp\/v2\/posts\/12027\/revisions\/12051"}],"wp:attachment":[{"href":"https:\/\/menesianosoy.org\/index.php\/wp-json\/wp\/v2\/media?parent=12027"}],"wp:term":[{"taxonomy":"category","embeddable":true,"href":"https:\/\/menesianosoy.org\/index.php\/wp-json\/wp\/v2\/categories?post=12027"},{"taxonomy":"post_tag","embeddable":true,"href":"https:\/\/menesianosoy.org\/index.php\/wp-json\/wp\/v2\/tags?post=12027"}],"curies":[{"name":"wp","href":"https:\/\/api.w.org\/{rel}","templated":true}]}}