{"id":12512,"date":"2024-05-05T13:42:09","date_gmt":"2024-05-05T16:42:09","guid":{"rendered":"https:\/\/menesianosoy.org\/?p=12512"},"modified":"2024-05-08T07:51:36","modified_gmt":"2024-05-08T10:51:36","slug":"nuestra-senora-de-lujan","status":"publish","type":"post","link":"https:\/\/menesianosoy.org\/index.php\/2024\/05\/05\/nuestra-senora-de-lujan\/","title":{"rendered":"Nuestra Se\u00f1ora de Luj\u00e1n"},"content":{"rendered":"\n<h4 class=\"wp-block-heading has-text-align-center has-luminous-vivid-orange-color has-text-color has-link-color wp-elements-08f530b6fbe667416b4ca728213da830\"><img loading=\"lazy\" decoding=\"async\" width=\"150\" height=\"200\" class=\"wp-image-12527\" style=\"width: 150px;\" src=\"https:\/\/menesianosoy.org\/wp-content\/uploads\/2024\/05\/virgen1.jpg\" alt=\"\" srcset=\"https:\/\/menesianosoy.org\/wp-content\/uploads\/2024\/05\/virgen1.jpg 500w, https:\/\/menesianosoy.org\/wp-content\/uploads\/2024\/05\/virgen1-225x300.jpg 225w\" sizes=\"auto, (max-width: 150px) 85vw, 150px\" \/><br><\/h4>\n\n\n\n<h4 class=\"wp-block-heading has-text-align-left has-luminous-vivid-orange-color has-text-color has-link-color wp-elements-e5731d4c24e6f56e8c43007be5811acb\"><strong><em>Lecturas de la fiesta:<\/em><\/strong><\/h4>\n\n\n\n<p class=\"has-text-align-left\"><em><strong>Hechos 1,12-14; 2, 1-4<br>Lucas 1, 46-55 (Salmo)<\/strong><\/em><\/p>\n\n\n\n<h4 class=\"wp-block-heading has-text-align-left has-vivid-cyan-blue-color has-text-color has-link-color wp-elements-53515fdf5d4f7a20121daca38d2332a4\">Evangelio: Juan 19, 25-27<\/h4>\n\n\n\n<p class=\"has-text-align-left\"><em><strong>Junto a la cruz de Jes\u00fas estaba su madre y la hermana de su madre, Mar\u00eda, mujer de Cleof\u00e1s y Mar\u00eda Magdalena.<br>Al ver a la madre y cerca de ella al disc\u00edpulo a quien \u00e9l amaba, Jes\u00fas le dijo:<br>&#8211; Mujer, aqu\u00ed tienes a tu hijo.<br>Luego dijo al disc\u00edpulo:<br>&#8211; Aqu\u00ed tienes a tu madre.<br>Y desde aquel momento, el disc\u00edpulo la recibi\u00f3 en su casa.<\/strong><\/em><\/p>\n\n\n\n<p class=\"has-text-align-left\">Mar\u00eda est\u00e1 all\u00ed a los pies de Jes\u00fas, mientras muchos de sus disc\u00edpulos hab\u00edan huido. Ella, la que no aparece casi en los Evangelios, m\u00e1s que en algunos momentos especiales, ahora est\u00e1 en el centro de la escena. Y Jes\u00fas la pone en el centro de su Iglesia como madre, porque Juan nos representa a todos.<br><br>Cuando le dice \u201cah\u00ed tienes a tu madre\u201d, nos lo est\u00e1 diciendo a cada uno de nosotros. Desde ese momento se convertir\u00e1 en madre de la Iglesia, un pueblo inmenso de toda lengua, raza y nacionalidad, que a trav\u00e9s de los siglos la ha venerado como tal, sabiendo de su presencia silenciosa, pero llena de cari\u00f1o junto a sus hijos.<br><br>Ella est\u00e1 en nuestra vida, acompa\u00f1ando los momentos felices, como a Jes\u00fas en las bodas de Can\u00e1 y los momentos de dificultades como \u00e9ste de la cruz, en que le toca contemplar la muerte de su hijo. Mar\u00eda es la mam\u00e1, sencilla, cercana, amorosa, que consuela, que calla su dolor, que ama entra\u00f1ablemente. Si Mar\u00eda es nuestra Madre, es posible vivir como hermanos en comunidad, haciendo realidad el perd\u00f3n, la paz, la ayuda mutua.<\/p>\n\n\n\n<p class=\"has-text-align-left\"><br><strong><em>M\u00c1XIMA<br>Mar\u00eda, ruega por nosotros<\/em><\/strong><\/p>\n\n\n\n<h4 class=\"wp-block-heading has-text-align-left has-vivid-cyan-blue-color has-text-color has-link-color wp-elements-eda3c876e7a9676023858aa16007a202\"><br><strong><em>Palabras de Juan Mar\u00eda<\/em><\/strong><\/h4>\n\n\n\n<p class=\"has-text-align-left\"><img decoding=\"async\" class=\"wp-image-618\" style=\"width: 150px;\" src=\"https:\/\/menesianosoy.org\/wp-content\/uploads\/2023\/08\/j.png\" alt=\"\"><br><em>Es necesario que tu coraz\u00f3n llegue a ser semejante al coraz\u00f3n de Mar\u00eda, que est\u00e9 animado por el mismo esp\u00edritu de caridad, de humildad, de celo, de dulzura, de pureza de desprendimiento de las cosas sensibles, de modo que las perfecciones de esta divina Madre resplandezcan, en cierto modo, en todas las palabras como en todas las obras de su hija. Eso es lo que Dios pide de ti. Y como no pide nada que no podamos hacer \u00bfde qu\u00e9 gracias no va a enriquecernos para hacernos capaces de corresponder a miras tan altas? Permanece pues atenta para aprovechar de los socorros tan preciosos que va a concederte, o mejor, que te prodiga, para acercarte cada vez m\u00e1s al modelo que te ha dado, es decir, de Mar\u00eda, quien fue llena de gracia y bendita entre todas las mujeres. (A Chenu. R.446)<\/em><\/p>\n\n\n\n<p class=\"has-vivid-purple-background-color has-background\"><\/p>\n\n\n\n<h4 class=\"wp-block-heading has-text-align-left has-luminous-vivid-orange-color has-text-color has-link-color wp-elements-e4bd5569b5946f9af8d2f5f34d43a771\"><br><strong><em>Lecturas de la feria:<\/em><\/strong><\/h4>\n\n\n\n<p><strong><em>hechos 17, 15-22<br>Salmo 148, 1-2. 11-14<\/em><\/strong><\/p>\n\n\n\n<h4 class=\"wp-block-heading has-text-align-left has-vivid-cyan-blue-color has-text-color has-link-color wp-elements-0821f433e90d1ea3c2870078044fa314\"><br><strong>Evangelio: Juan 16, 12-15<\/strong><\/h4>\n\n\n\n<p class=\"has-text-align-left\"><strong><em>Jes\u00fas dijo a sus disc\u00edpulos: Todav\u00eda tengo muchas cosas que decirles, pero ustedes no las pueden comprender ahora.<br>Cuando venga el Esp\u00edritu de la VERDAD, \u00e9l los introducir\u00e1 en toda la verdad, porque no hablar\u00e1 por s\u00ed mismo, sino que dir\u00e1 lo que ha o\u00eddo y les anunciar\u00e1 lo que ir\u00e1 sucediendo. \u00c9l me glorificar\u00e1, porque recibir\u00e1 de lo m\u00edo y se lo anunciar\u00e1 a ustedes.<br>Todo lo que es del Padre es m\u00edo. Por eso les digo: Recibir\u00e1 de lo m\u00edo y se lo anunciar\u00e1 a ustedes.<\/em><\/strong><\/p>\n\n\n\n<p class=\"has-text-align-left\"><img loading=\"lazy\" decoding=\"async\" width=\"200\" height=\"214\" class=\"wp-image-12520\" style=\"width: 200px;\" src=\"https:\/\/menesianosoy.org\/wp-content\/uploads\/2024\/05\/18527217_10158719693165346_7650910830700867299_o.jpg\" alt=\"\" srcset=\"https:\/\/menesianosoy.org\/wp-content\/uploads\/2024\/05\/18527217_10158719693165346_7650910830700867299_o.jpg 300w, https:\/\/menesianosoy.org\/wp-content\/uploads\/2024\/05\/18527217_10158719693165346_7650910830700867299_o-280x300.jpg 280w\" sizes=\"auto, (max-width: 200px) 85vw, 200px\" \/><br>Para los jud\u00edos del tiempo de Jes\u00fas el camino, la verdad y la vida eran claros: La ley de Mois\u00e9s marcaba netamente la senda a seguir y la verdad a creer y con eso ten\u00edas la vida asegurada. Tambi\u00e9n estaban los profetas, pero mucho caso nunca le hicieron. A la Tor\u00e1, s\u00ed, a rajatabla. Eso s\u00ed, con un mont\u00f3n de normas m\u00e1s, que a lo largo del tiempo le fueron agregando los sabios hebreos.<br><br>Jes\u00fas sin embargo dice que \u00e9l es el Camino, la Verdad y la Vida y que para entender esto hay que tener a su Esp\u00edritu anidando dentro.&nbsp;Hoy nos dice que el Esp\u00edritu nos dar\u00e1 a conocer toda la VERDAD. Nos cuesta el tema de la verdad. Es dif\u00edcil que una mentirita, una tergiversaci\u00f3n de la realidad, un manejo por izquierda de algunas situaciones, no se nos escapen. Lo cierto es que vivimos un mundo donde la mentira est\u00e1 institucionalizada. Las propagandas nos pintan un mundo ideal asociado a ciertos productos. Los pol\u00edticos nos dibujan futuros esplendorosos, que ya fueron prometidos ayer y ser\u00e1n prometidos ma\u00f1ana y que nunca se concretan.&nbsp;<br><br>\u00bfSer\u00e1 que pensamos lo que dice un periodista?:  <em>\u201cSi se analiza la realidad social, se puede concluir que el embuste es necesario para mantener las relaciones, pues decir siempre la verdad a todos, puede ser una gran causa de dolor, la mayor\u00eda de las veces gratuito\u201d.<\/em> (Mui\u00f1o, Magazine) <br><br>Sin embargo, \u201cla verdad los har\u00e1 libres\u201d, dice Jes\u00fas. La mentira destruye, envenena las relaciones, instaura la desconfianza entre los miembros de una comunidad, quita espontaneidad, hace que se est\u00e9 siempre a la defensiva. La Verdad con may\u00fascula, Jes\u00fas, nos hace libres. Pidamos que venga a nosotros el Esp\u00edritu de la Verdad.<\/p>\n\n\n\n<p class=\"has-text-align-left\"><br><strong><em>M\u00c1XIMA<br>La verdad nos hace libres<\/em><\/strong><\/p>\n\n\n\n<h4 class=\"wp-block-heading has-text-align-left has-vivid-cyan-blue-color has-text-color has-link-color wp-elements-fc106bf8187ed34fa9151c6c240c10b4\"><br><strong>Palabras de Juan Mar\u00eda<\/strong><\/h4>\n\n\n\n<p class=\"has-text-align-left\"><img decoding=\"async\" class=\"wp-image-618\" style=\"width: 150px;\" src=\"https:\/\/menesianosoy.org\/wp-content\/uploads\/2023\/08\/j.png\" alt=\"\"><br><em>Me apresuro a responder a la carta que el P. Evain me acaba de entregar en tu nombre. No lo hago porque espero que tengas m\u00e1s en cuenta mis nuevas observaciones que las anteriores, sino porque no quiero que puedas considerar mi silencio como una aprobaci\u00f3n. Te debo la verdad y te la dir\u00e9 toda, sin vueltas y sin otras consideraciones que las requeridas por la caridad\u201d. (Al H. Ivy Guilloux, que quiere dejar la congregaci\u00f3n. 12-08-1839)<\/em><\/p>\n\n\n\n<h4 class=\"wp-block-heading has-text-align-left has-vivid-cyan-blue-color has-text-color has-link-color wp-elements-df71359841dbf86b1109428b21f27e90\"><br><strong><em>Madre, estamos en tus manos<\/em><\/strong> <strong><em>&#8211; Urrutia<\/em><\/strong><\/h4>\n\n\n\n<figure class=\"wp-block-embed is-type-video is-provider-youtube wp-block-embed-youtube wp-embed-aspect-16-9 wp-has-aspect-ratio\"><div class=\"wp-block-embed__wrapper\">\n<iframe loading=\"lazy\" title=\"Madre estamos en tus manos - Luj\u00e1n 2023\" width=\"1140\" height=\"641\" src=\"https:\/\/www.youtube.com\/embed\/1W5k2gX77qA?feature=oembed\" frameborder=\"0\" allow=\"accelerometer; autoplay; clipboard-write; encrypted-media; gyroscope; picture-in-picture; web-share\" referrerpolicy=\"strict-origin-when-cross-origin\" allowfullscreen><\/iframe>\n<\/div><\/figure>\n\n\n\n<p>Vamos camino a Luj\u00e1n.<br>Tenemos ganas de verte.<br>Vamos buscando un lugar<br>donde rezar y agradecerte.<br><br>La noche se avecina<br>y las luces se encienden.<br>La bas\u00edlica en el horizonte aparece.<br><br>Somos la sal de esta tierra,<br>la luz, la esperanza,&nbsp;<br>la fuerza, la fe.<br>Somos el pueblo rendido a tus pies.<br>Madre, te necesitamos.<br>Gu\u00edanos en el camino<br>y bend\u00edcenos, Madre.<br>Estamos en tus manos.<br>Danos fuerza para unirnos,<br>alegr\u00eda y paz.<br><br>Como viajeros de Cristo&nbsp;<br>vamos tenaces, pacientes.<br>Llevamos nuestro dolor&nbsp;<br>y la oraci\u00f3n de tanta gente,<br>amigos, desconocidos,&nbsp;<br>con un destino en com\u00fan.&nbsp;<br>Nuestra voz en el camino escuchar\u00e1s<\/p>\n\n\n\n<h4 class=\"wp-block-heading has-text-align-left has-vivid-cyan-blue-color has-text-color has-link-color wp-elements-52212e6874b319682f616502ebb97927\"><br><strong><em>T\u00fa eres la verdad &#8211; CSR Worship<\/em><\/strong><\/h4>\n\n\n\n<figure class=\"wp-block-embed is-type-video is-provider-youtube wp-block-embed-youtube wp-embed-aspect-16-9 wp-has-aspect-ratio\"><div class=\"wp-block-embed__wrapper\">\n<iframe loading=\"lazy\" title=\"Tu eres la verdad - CSR Worship [letra\/musica]\" width=\"1140\" height=\"641\" src=\"https:\/\/www.youtube.com\/embed\/CfvXig-vkhg?feature=oembed\" frameborder=\"0\" allow=\"accelerometer; autoplay; clipboard-write; encrypted-media; gyroscope; picture-in-picture; web-share\" referrerpolicy=\"strict-origin-when-cross-origin\" allowfullscreen><\/iframe>\n<\/div><\/figure>\n\n\n\n<p class=\"has-vivid-red-background-color has-background\"><\/p>\n\n\n\n<h5 class=\"wp-block-heading has-text-align-left has-small-font-size\">La Virgen de Luj\u00e1n o Nuestra Se\u00f1ora de Luj\u00e1n es patrona de Argentina. El origen de la advocaci\u00f3n se remonta a 1628. Antonio Far\u00edas S\u00e1a, un hacendado portugu\u00e9s radicado en Sumampa (actual provincia de Santiago del Estero, Argentina), quiso erigir en su estancia una capilla en honor de la Virgen. Solicit\u00f3 a un compatriota suyo, residente en Brasil, el env\u00edo de una imagen de la Inmaculada Concepci\u00f3n de Mar\u00eda. Para una mejor elecci\u00f3n, su amigo le envi\u00f3 dos im\u00e1genes. En el mes de mayo de 1630, las im\u00e1genes de la Virgen llegaron al puerto de Buenos Aires procedentes de San Pablo y, acondicionadas en sendos cajones, fueron colocadas en una carreta. Luego de tres d\u00edas de viaje, la carreta hizo un alto a 10 leguas de la actual ciudad de Luj\u00e1n, en el paraje de Zelaya, para pernoctar en la Estancia de Rosendo de Trigueros. Al d\u00eda siguiente, ya dispuestos a continuar la marcha, los bueyes no consiguieron mover la carreta. Despu\u00e9s de intentos fallidos, bajaron uno de los cajones y los bueyes iniciaron la marcha sin dificultad. Intrigados por el contenido del caj\u00f3n, encontraron al abrirlo una imagen peque\u00f1a (35 cm de altura) de arcilla cocida que representaba la Inmaculada Concepci\u00f3n. Los creyentes interpretaron el hecho como providencial, y entregaron la imagen para su custodia a Rosendo de Trigueros, el due\u00f1o de la casa ubicada en la actual localidad de Zelaya, del partido del Pilar, a 50 km del actual emplazamiento del santuario. A partir de ah\u00ed su devoci\u00f3n fue creciendo hasta llegar a ser declarada patrona de la patria.<\/h5>\n","protected":false},"excerpt":{"rendered":"<p>Lecturas de la fiesta: Hechos 1,12-14; 2, 1-4Lucas 1, 46-55 (Salmo) Evangelio: Juan 19, 25-27 Junto a la cruz de Jes\u00fas estaba su madre y la hermana de su madre, Mar\u00eda, mujer de Cleof\u00e1s y Mar\u00eda Magdalena.Al ver a la madre y cerca de ella al disc\u00edpulo a quien \u00e9l amaba, Jes\u00fas le dijo:&#8211; Mujer, &hellip; <a href=\"https:\/\/menesianosoy.org\/index.php\/2024\/05\/05\/nuestra-senora-de-lujan\/\" class=\"more-link\">Continue reading<span class=\"screen-reader-text\"> \u00abNuestra Se\u00f1ora de Luj\u00e1n\u00bb<\/span><\/a><\/p>\n","protected":false},"author":3,"featured_media":0,"comment_status":"closed","ping_status":"closed","sticky":false,"template":"","format":"standard","meta":{"_acf_changed":false,"footnotes":""},"categories":[9],"tags":[],"class_list":["post-12512","post","type-post","status-publish","format-standard","hentry","category-evangelio"],"acf":[],"_links":{"self":[{"href":"https:\/\/menesianosoy.org\/index.php\/wp-json\/wp\/v2\/posts\/12512","targetHints":{"allow":["GET"]}}],"collection":[{"href":"https:\/\/menesianosoy.org\/index.php\/wp-json\/wp\/v2\/posts"}],"about":[{"href":"https:\/\/menesianosoy.org\/index.php\/wp-json\/wp\/v2\/types\/post"}],"author":[{"embeddable":true,"href":"https:\/\/menesianosoy.org\/index.php\/wp-json\/wp\/v2\/users\/3"}],"replies":[{"embeddable":true,"href":"https:\/\/menesianosoy.org\/index.php\/wp-json\/wp\/v2\/comments?post=12512"}],"version-history":[{"count":18,"href":"https:\/\/menesianosoy.org\/index.php\/wp-json\/wp\/v2\/posts\/12512\/revisions"}],"predecessor-version":[{"id":12592,"href":"https:\/\/menesianosoy.org\/index.php\/wp-json\/wp\/v2\/posts\/12512\/revisions\/12592"}],"wp:attachment":[{"href":"https:\/\/menesianosoy.org\/index.php\/wp-json\/wp\/v2\/media?parent=12512"}],"wp:term":[{"taxonomy":"category","embeddable":true,"href":"https:\/\/menesianosoy.org\/index.php\/wp-json\/wp\/v2\/categories?post=12512"},{"taxonomy":"post_tag","embeddable":true,"href":"https:\/\/menesianosoy.org\/index.php\/wp-json\/wp\/v2\/tags?post=12512"}],"curies":[{"name":"wp","href":"https:\/\/api.w.org\/{rel}","templated":true}]}}