{"id":12529,"date":"2024-05-05T14:23:57","date_gmt":"2024-05-05T17:23:57","guid":{"rendered":"https:\/\/menesianosoy.org\/?p=12529"},"modified":"2024-05-08T06:34:45","modified_gmt":"2024-05-08T09:34:45","slug":"nuestra-senora-de-lujan-2","status":"publish","type":"post","link":"https:\/\/menesianosoy.org\/index.php\/2024\/05\/05\/nuestra-senora-de-lujan-2\/","title":{"rendered":"Nuestra Se\u00f1ora de Luj\u00e1n"},"content":{"rendered":"\n<h4 class=\"wp-block-heading has-text-align-left has-vivid-purple-color has-text-color has-link-color wp-elements-b88e40a8ac296d711a9465bfc9f33abc\"><img loading=\"lazy\" decoding=\"async\" width=\"150\" height=\"200\" class=\"wp-image-12527\" style=\"width: 150px;\" src=\"https:\/\/menesianosoy.org\/wp-content\/uploads\/2024\/05\/virgen1.jpg\" alt=\"\" srcset=\"https:\/\/menesianosoy.org\/wp-content\/uploads\/2024\/05\/virgen1.jpg 500w, https:\/\/menesianosoy.org\/wp-content\/uploads\/2024\/05\/virgen1-225x300.jpg 225w\" sizes=\"auto, (max-width: 150px) 85vw, 150px\" \/><br><strong><em>Oraci\u00f3n<\/em><\/strong><\/h4>\n\n\n\n<p class=\"has-text-align-left\"><strong><em>Santa Mar\u00eda, Se\u00f1ora nuestra,<br>nos refugiamos en el regazo de tu misericordia.<br>Bajo tu bendita protecci\u00f3n<br>y tu especial custodia,<br>ponemos confiadamente, hoy y cada d\u00eda<br>y en la hora de nuestra muerte,<br>nuestra alma y nuestro cuerpo,<br>nuestras esperanzas y consuelos,<br>nuestras angustias y miserias,<br>nuestra vida y nuestra muerte,<br>para que, por tu intercesi\u00f3n y tus m\u00e9ritos,<br>todas nuestras obras se dirijan y ordenen<br>conforme a tu voluntad<br>y a la de tu divino Hijo. Am\u00e9n<\/em><\/strong><\/p>\n\n\n\n<h4 class=\"wp-block-heading has-text-align-left has-vivid-purple-color has-text-color has-link-color wp-elements-e24848239ac3eeb626a27cc800272ce3\"><br><strong><em>Intenciones<\/em><\/strong><\/h4>\n\n\n\n<ul class=\"wp-block-list\">\n<li>Por los menesianos, Hermanos y Laicos, de Argentina. <\/li>\n\n\n\n<li>Por la beatificaci\u00f3n de nuestro Venerable Padre. <\/li>\n\n\n\n<li>Por las vocaciones menesianas del Distrito San Francisco Javier (Jap\u00f3n, Indonesia, Filipinas)<\/li>\n\n\n\n<li>Por la paz en el mundo.<\/li>\n\n\n\n<li><\/li>\n<\/ul>\n\n\n\n<h4 class=\"wp-block-heading has-text-align-left has-vivid-purple-color has-text-color has-link-color wp-elements-8e5983ef3602da4c7e775098787f7f6d\"><br><strong><em>Directorio 136a<\/em><\/strong><\/h4>\n\n\n\n<p>En pa\u00edses con minor\u00eda cristiana, la escuela es un medio poderoso misionero de la evangelizaci\u00f3n. Este es el objetivo que los Hermanos persiguen sobre todo en las escuelas que all\u00ed establezcan. Para ello crean una atm\u00f3sfera favorable a la religi\u00f3n cristiana, apoy\u00e1ndose en las tradiciones religiosas nacionales. <\/p>\n\n\n\n<h4 class=\"wp-block-heading has-text-align-left has-vivid-purple-color has-text-color has-link-color wp-elements-b273f6f690a5c3427ea6840a20357e7e\"><br><strong><em data-sider-select-id=\"c9636c3a-1f3e-4dc9-bd2d-ada5a7c0747f\">A Brut\u00e9 de R\u00e9mur, 18 de julio de 1807<\/em><\/strong><\/h4>\n\n\n\n<p class=\"has-text-align-left\">Dios m\u00edo, tal vez nuestros cr\u00edmenes obliguen a tu justicia a permitir a los malvados triunfar y nos impiden hacer el bien esta noche; pero, Dios m\u00edo, tu misericordia todav\u00eda nos deja la libertad de hacer el bien esta ma\u00f1ana. \u00a1Ah, mi Dios!, haremos el bien esta ma\u00f1ana, bendiciendo tu misericordia. <\/p>\n\n\n\n<h4 class=\"wp-block-heading has-text-align-left has-vivid-purple-color has-text-color has-link-color wp-elements-c8d8fb74f70caca431f53ffe68f63588\"><br><strong><em>Difuntos<\/em><\/strong><\/h4>\n\n\n\n<p class=\"has-text-align-left\">1976: Camille St-Onge (Antoine-Marie)<br>1980: Omer Dudemaine (Benjamin-Joseph)<br>2005: Pierre Robert (Bruno-Paul) <br>2014: <strong>Regino Mart\u00ednez S\u00e1ez <\/strong>(Atanasio). Naci\u00f3 en Pangua (Burgos) en 1921. Muri\u00f3 en Bilbao.<\/p>\n","protected":false},"excerpt":{"rendered":"<p>Oraci\u00f3n Santa Mar\u00eda, Se\u00f1ora nuestra,nos refugiamos en el regazo de tu misericordia.Bajo tu bendita protecci\u00f3ny tu especial custodia,ponemos confiadamente, hoy y cada d\u00eday en la hora de nuestra muerte,nuestra alma y nuestro cuerpo,nuestras esperanzas y consuelos,nuestras angustias y miserias,nuestra vida y nuestra muerte,para que, por tu intercesi\u00f3n y tus m\u00e9ritos,todas nuestras obras se dirijan y &hellip; <a href=\"https:\/\/menesianosoy.org\/index.php\/2024\/05\/05\/nuestra-senora-de-lujan-2\/\" class=\"more-link\">Continue reading<span class=\"screen-reader-text\"> \u00abNuestra Se\u00f1ora de Luj\u00e1n\u00bb<\/span><\/a><\/p>\n","protected":false},"author":3,"featured_media":0,"comment_status":"closed","ping_status":"closed","sticky":false,"template":"","format":"standard","meta":{"_acf_changed":false,"footnotes":""},"categories":[3],"tags":[],"class_list":["post-12529","post","type-post","status-publish","format-standard","hentry","category-calendario"],"acf":[],"_links":{"self":[{"href":"https:\/\/menesianosoy.org\/index.php\/wp-json\/wp\/v2\/posts\/12529","targetHints":{"allow":["GET"]}}],"collection":[{"href":"https:\/\/menesianosoy.org\/index.php\/wp-json\/wp\/v2\/posts"}],"about":[{"href":"https:\/\/menesianosoy.org\/index.php\/wp-json\/wp\/v2\/types\/post"}],"author":[{"embeddable":true,"href":"https:\/\/menesianosoy.org\/index.php\/wp-json\/wp\/v2\/users\/3"}],"replies":[{"embeddable":true,"href":"https:\/\/menesianosoy.org\/index.php\/wp-json\/wp\/v2\/comments?post=12529"}],"version-history":[{"count":7,"href":"https:\/\/menesianosoy.org\/index.php\/wp-json\/wp\/v2\/posts\/12529\/revisions"}],"predecessor-version":[{"id":12591,"href":"https:\/\/menesianosoy.org\/index.php\/wp-json\/wp\/v2\/posts\/12529\/revisions\/12591"}],"wp:attachment":[{"href":"https:\/\/menesianosoy.org\/index.php\/wp-json\/wp\/v2\/media?parent=12529"}],"wp:term":[{"taxonomy":"category","embeddable":true,"href":"https:\/\/menesianosoy.org\/index.php\/wp-json\/wp\/v2\/categories?post=12529"},{"taxonomy":"post_tag","embeddable":true,"href":"https:\/\/menesianosoy.org\/index.php\/wp-json\/wp\/v2\/tags?post=12529"}],"curies":[{"name":"wp","href":"https:\/\/api.w.org\/{rel}","templated":true}]}}