{"id":12634,"date":"2024-05-09T14:24:45","date_gmt":"2024-05-09T17:24:45","guid":{"rendered":"https:\/\/menesianosoy.org\/?p=12634"},"modified":"2026-04-19T10:30:26","modified_gmt":"2026-04-19T13:30:26","slug":"mision","status":"publish","type":"post","link":"https:\/\/menesianosoy.org\/index.php\/2024\/05\/09\/mision\/","title":{"rendered":"Misi\u00f3n"},"content":{"rendered":"\n<p class=\"has-text-align-left\">\u00a1C\u00f3mo hablar de pasar el oc\u00e9ano a personas que temen pasar un r\u00edo para llevar los socorros de la religi\u00f3n a los pobres campesinos que hablan la misma lengua, que tienen las mismas costumbres, y que les llaman de la orilla opuesta! El esp\u00edritu de celo y de entrega se ha debilitado entre nosotros de modo prodigioso; cada uno quiere estar en su casa, en su parroquia, en su familia, y dormir en su cama (Carta del 26 de junio de 1815)<\/p>\n\n\n\n<h4 class=\"wp-block-heading has-text-align-left has-vivid-red-color has-text-color has-link-color wp-elements-cc78d6442d0ddb215b7f2c04a69f0716\"><br><strong>OFRECIMIENTO<\/strong><\/h4>\n\n\n\n<p class=\"has-text-align-left\"><strong><em>Jes\u00fas, t\u00fa has dicho: <br>dejen que los ni\u00f1os se acerquen a m\u00ed.<br>T\u00fa me has inspirado <br>el deseo de dedicar mi vida<br>a los ni\u00f1os y j\u00f3venes <br>para llevarlos a ti.<br>D\u00edgnate bendecir mi vocaci\u00f3n,<br>as\u00edsteme en todos mis trabajos de hoy.<br>Derrama sobre m\u00ed,<br>sobre todos mis hermanos<br>y sobre los que trabajamos <br>en esta obra educativa,<br>el Esp\u00edritu de fuerza, <br>e caridad y de humildad<br>para que nada nos aparte de tu servicio.<br>Haz que hoy cumpla con celo <br>el ministerio educativo<br>al que me has consagrado.<br>Hazme perseverar hasta el fin<br>para alcanzar as\u00ed la salvaci\u00f3n <br>que nos has prometido.<\/em><\/strong> <\/p>\n\n\n\n<h4 class=\"wp-block-heading has-text-align-left has-vivid-red-color has-text-color has-link-color wp-elements-b2dff2ff018bdc81199da83a110b2682\"><br><strong>HIMNO<\/strong><\/h4>\n\n\n\n<figure class=\"wp-block-embed is-type-video is-provider-youtube wp-block-embed-youtube wp-embed-aspect-16-9 wp-has-aspect-ratio\"><div class=\"wp-block-embed__wrapper\">\n<iframe loading=\"lazy\" title=\"Yo los envi\u0301o, son parte de esta historia.\" width=\"1140\" height=\"641\" src=\"https:\/\/www.youtube.com\/embed\/1Ey1X7I4oIw?feature=oembed\" frameborder=\"0\" allow=\"accelerometer; autoplay; clipboard-write; encrypted-media; gyroscope; picture-in-picture; web-share\" referrerpolicy=\"strict-origin-when-cross-origin\" allowfullscreen><\/iframe>\n<\/div><\/figure>\n\n\n\n<p class=\"has-text-align-left\">Tengo una invitaci\u00f3n<br>para continuar la historia<br>de mi vida y de los dem\u00e1s<br>para transformar este mundo<br>en mi hogar para amar.<br><br>Yo lo escuch\u00e9 y digo que s\u00ed<br>a sus palabras que llegaron a mi alma.<br><br><em>Yo los env\u00edo,<\/em><br><em>son parte de esta historia (bis)<\/em><br><br>Vamos creando lazos<br>con Jes\u00fas a nuestro lado<br>sinti\u00e9ndonos hermanos,<br>caminando a la frontera sin dudar<br>para amar.<br><br>Menesiano, ven\u00ed, digamos que s\u00ed,<br>a escribir otra p\u00e1gina en la historia.<\/p>\n\n\n\n<h4 class=\"wp-block-heading has-text-align-left has-vivid-red-color has-text-color has-link-color wp-elements-9f402b585241a7def6c79732a7112ebd\"><br><strong>SALMODIA<\/strong><\/h4>\n\n\n\n<p class=\"has-text-align-left\"><em>Ant\u00edfona 1<\/em><br><em>Piensa que Jesucristo ha derramado su sangre para la salvaci\u00f3n de cada uno de estos pobres ni\u00f1os que te han sido confiados.<\/em><\/p>\n\n\n\n<h5 class=\"wp-block-heading has-text-align-left has-text-color has-link-color has-small-font-size wp-elements-fda3a52f9db2d20cbfb8289d3094bc4b\" style=\"color:#4d197e\">Sugerencia: presentar al Se\u00f1or algunos ni\u00f1os y\/o j\u00f3venes por los que queremos rezar especialmente.<\/h5>\n\n\n\n<p class=\"has-text-align-left\"><em><strong>Salmo 95<\/strong><br><strong>El Se\u00f1or, rey y juez del mundo<\/strong><\/em><\/p>\n\n\n\n<p class=\"has-text-align-left\">Canten al Se\u00f1or un c\u00e1ntico nuevo,<br>canten al Se\u00f1or, toda la tierra;<br>canten al Se\u00f1or, bendigan su nombre,<br>proclamen d\u00eda tras d\u00eda su victoria.<br><br>Cuenten a los pueblos su gloria,<br>sus maravillas a todas las naciones;<br>porque es grande el Se\u00f1or, y muy digno de alabanza,<br>m\u00e1s temible que todos los dioses.<br><br>Pues los dioses de los gentiles son apariencia,<br>mientras que el Se\u00f1or ha hecho el cielo;<br>honor y majestad lo preceden,<br>fuerza y esplendor est\u00e1n en su templo.<br><br>Familias de los pueblos, aclamen al Se\u00f1or,<br>aclamen la gloria y el poder del Se\u00f1or,<br>aclamen la gloria del nombre del Se\u00f1or,<br>entren en sus atrios tray\u00e9ndole ofrendas.<br><br>P\u00f3strense ante el Se\u00f1or en el atrio sagrado,<br>tiemble en su presencia la tierra toda;<br>digan a los pueblos: \u00abEl Se\u00f1or es rey,<br>\u00e9l afianz\u00f3 el orbe, y no se mover\u00e1;<br>\u00e9l gobierna a los pueblos rectamente.\u00bb<br><br>Al\u00e9grese el cielo, goce la tierra,<br>retumbe el mar y cuanto lo llena;<br>vitoreen los campos y cuanto hay en ellos,<br>aclamen los \u00e1rboles del bosque,<br><br>delante del Se\u00f1or, que ya llega,<br>ya llega a regir la tierra:<br>regir\u00e1 el orbe con justicia<br>y los pueblos con fidelidad.<br><br>Gloria al Padre, y al Hijo, y al Esp\u00edritu Santo.<br>Como era en el principio, ahora y siempre, por los siglos de los siglos. Am\u00e9n.<\/p>\n\n\n\n<p class=\"has-text-align-left\"><em>Ant\u00edfona 1<\/em><br><em>Piensa que Jesucristo ha derramado su sangre para la salvaci\u00f3n de cada uno de estos pobres ni\u00f1os que te han sido confiados.<\/em><\/p>\n\n\n\n<p class=\"has-text-align-left\"><br><em>Ant\u00edfona 2<\/em><br><em data-sider-select-id=\"07a6f17f-bdc8-4673-aa21-680665c91caa\">Cumple tus funciones con gran celo y gran amor: qu\u00e9 dicha, qu\u00e9 gloria para <\/em><em>ti <\/em><em data-sider-select-id=\"07a6f17f-bdc8-4673-aa21-680665c91caa\">haber sido llamado a cuidar de estos ni\u00f1os.<\/em><\/p>\n\n\n\n<p><strong><em>Consuelen a mi pueblo<\/em><\/strong><\/p>\n\n\n\n<figure class=\"wp-block-embed is-type-video is-provider-youtube wp-block-embed-youtube wp-embed-aspect-4-3 wp-has-aspect-ratio\"><div class=\"wp-block-embed__wrapper\">\n<iframe loading=\"lazy\" title=\"Consolad\" width=\"1140\" height=\"855\" src=\"https:\/\/www.youtube.com\/embed\/cwHPsMrXePA?feature=oembed\" frameborder=\"0\" allow=\"accelerometer; autoplay; clipboard-write; encrypted-media; gyroscope; picture-in-picture; web-share\" referrerpolicy=\"strict-origin-when-cross-origin\" allowfullscreen><\/iframe>\n<\/div><\/figure>\n\n\n\n<p class=\"has-text-align-left\">Consolad&nbsp;a&nbsp;mi&nbsp;pueblo,&nbsp;dice&nbsp;el&nbsp;Se\u00f1or,<br>hablad&nbsp;al&nbsp;coraz\u00f3n&nbsp;del&nbsp;hombre.&nbsp;&nbsp;<br>Gritad&nbsp;que&nbsp;mi&nbsp;amor&nbsp;ha&nbsp;vencido&nbsp;&nbsp;<br>preparad&nbsp;el&nbsp;camino,&nbsp;que&nbsp;viene&nbsp;tu&nbsp;Redentor.<br><br><em>Yo&nbsp;te&nbsp;he&nbsp;elegido&nbsp;para&nbsp;amar<br>te&nbsp;doy&nbsp;mi&nbsp;fuerza&nbsp;y&nbsp;luz&nbsp;para&nbsp;guiar.<br>Yo&nbsp;soy&nbsp;consuelo&nbsp;en&nbsp;tu&nbsp;mirar<br>gloria&nbsp;a&nbsp;Dios.&nbsp;(bis<\/em>)<br><br>Consolad a&nbsp;mi&nbsp;pueblo,&nbsp;dice&nbsp;el&nbsp;Se\u00f1or,<br>sacad&nbsp;de&nbsp;la&nbsp;ceguera&nbsp;a&nbsp;mi&nbsp;pueblo.<br>Yo&nbsp;he&nbsp;sellado&nbsp;contigo alianza&nbsp;perpetua&nbsp;<br>yo&nbsp;soy&nbsp;el&nbsp;\u00fanico&nbsp;Dios.<br><br>Consolad&nbsp;a&nbsp;mi&nbsp;pueblo,&nbsp;dice&nbsp;el&nbsp;Se\u00f1or,<br>Mostradles el&nbsp;camino&nbsp;de&nbsp;libertad.<br>Yo&nbsp;les&nbsp;dar\u00e9&nbsp;fuertes&nbsp;alas,<br>transformar\u00e9&nbsp;tus&nbsp;pisadas&nbsp;<br>en&nbsp;sendas&nbsp;de&nbsp;eternidad.<\/p>\n\n\n\n<p><em>Ant\u00edfona 2<\/em><br><em data-sider-select-id=\"87980aa1-af9d-4604-902d-fbbd1eb27eb7\">Cumple tus funciones con gran celo y gran amor: qu\u00e9 dicha, qu\u00e9 gloria para <\/em><em>ti <\/em><em data-sider-select-id=\"87980aa1-af9d-4604-902d-fbbd1eb27eb7\">haber sido llamado a cuidar de estos ni\u00f1os.<\/em><\/p>\n\n\n\n<h4 class=\"wp-block-heading has-text-align-left has-vivid-red-color has-text-color has-link-color wp-elements-460f09c1280f3ad4238691e8be29dd57\"><br><strong>PALABRAS DE JUAN MAR\u00cdA LA MENNAIS<\/strong><\/h4>\n\n\n\n<p class=\"has-text-align-left\"><img decoding=\"async\" class=\"wp-image-618\" style=\"width: 150px;\" src=\"https:\/\/menesianosoy.org\/wp-content\/uploads\/2023\/08\/j.png\" alt=\"\"><img loading=\"lazy\" decoding=\"async\" width=\"150\" height=\"213\" class=\"wp-image-16065\" style=\"width: 150px;\" src=\"https:\/\/menesianosoy.org\/wp-content\/uploads\/2024\/09\/Juanma-211x300-1.jpg\" alt=\"\"><br><em data-sider-select-id=\"6a82094e-1153-49ee-82a3-8e6104bac82c\">Oh<\/em><em>, <\/em><em data-sider-select-id=\"6a82094e-1153-49ee-82a3-8e6104bac82c\">Dios m\u00edo, acaba tu obra; salva a estos ni\u00f1os que nos son tan queridos. T\u00fa los has rescatado con el precio de tu sangre; de buena gana daremos la \u00faltima gota de la nuestra para salvarlos. Pobres ni\u00f1os, los amaremos tanto m\u00e1s cuanto mayores sean los peligros que les amenazan. Contaremos una a una estas tiernas ovejas que has puesto bajo nuestra custodia y las defenderemos de los ataques, sin cesar renovados, a los que est\u00e1n expuestos. Oh Dios m\u00edo, prot\u00e9gelos; prot\u00e9genos a todos; no esperamos nada de los hombres; en Ti s\u00f3lo nuestra esperanza; no ser\u00e1 confundida (A los sacerdotes de Saint-M\u00e9en, 1825).<\/em><br><\/p>\n\n\n\n<h4 class=\"wp-block-heading has-text-align-left has-vivid-red-color has-text-color has-link-color wp-elements-35e647e071fdbf427a19eaa8a316e592\"><strong>C\u00c1NTICO EVANG\u00c9LICO<\/strong><\/h4>\n\n\n\n<p class=\"has-text-align-left\"><em>Ant\u00edfona<\/em><br><em>Hermano, \u00bfd\u00f3nde est\u00e1s? He aqu\u00ed los ni\u00f1os que te piden que les ense\u00f1es la doctrina de la salvaci\u00f3n. Ellos piden el pan de la vida y no hay nadie para part\u00edrselo.<\/em><\/p>\n\n\n\n<figure class=\"wp-block-embed is-type-video is-provider-youtube wp-block-embed-youtube wp-embed-aspect-16-9 wp-has-aspect-ratio\"><div class=\"wp-block-embed__wrapper\">\n<iframe loading=\"lazy\" title=\"BENDITO SEAS SEN\u0303OR POR SALOME\u0301 ARRICIBITA\" width=\"1140\" height=\"641\" src=\"https:\/\/www.youtube.com\/embed\/B2ArTwWosjw?feature=oembed\" frameborder=\"0\" allow=\"accelerometer; autoplay; clipboard-write; encrypted-media; gyroscope; picture-in-picture; web-share\" referrerpolicy=\"strict-origin-when-cross-origin\" allowfullscreen><\/iframe>\n<\/div><\/figure>\n\n\n\n<p class=\"has-text-align-left\">Bendito seas, Se\u00f1or, <br>que nos convocas a tu mesa,<br>a todos sin distinci\u00f3n <br>de riqueza o de pobreza,<br>bendito seas por no querer <br>a ninguno fuera,<br>por cuidar y amar a quien <br>no quiere sentarse en ella.<br><br>Bendito seas, Se\u00f1or, <br>misterio de luz y vida,<br>que tocas la oscuridad <br>e iluminas cada d\u00eda,<br>bendito sea tu nombre <br>que \u00abre-crea\u00bb la justicia<br>enalteciendo al humilde <br>y ensalzando a quien \u00abno brilla\u00bb.<br><br>Bendito seas, se\u00f1or,<br>dir\u00e9 siempre bien tu nombre<br>porque nunca abarcar\u00e9<br>el inmenso amor que esconde.<br>Bendito seas, se\u00f1or<br>de los peque\u00f1os y humildes,<br>bendito sea tu amor<br>que engrandece y hace libre.<br><br>Bendito seas, Se\u00f1or, <br>por todo lo recibido,<br>bendito seas por todo <br>lo que hemos compartido,<br>por mostrarnos con tu vida <br>que \u00abperder\u00bb es un camino<br>para encontrarse a s\u00ed mismo, <br>y a la vez, crecer contigo.<br><br>Bendito seas, Se\u00f1or,<br>dir\u00e9 siempre bien tu nombre<br>porque nunca abarcar\u00e9<br>el inmenso amor que esconde.<br>Bendito seas, Se\u00f1or<br>de los peque\u00f1os y humildes,<br>bendito sea tu amor<br>que engrandece y hace libre.<\/p>\n\n\n\n<p><em>Ant\u00edfona<\/em><br><em>Hermano, \u00bfd\u00f3nde est\u00e1s? He aqu\u00ed los ni\u00f1os que te piden que les ense\u00f1es la doctrina de la salvaci\u00f3n. Ellos piden el pan de la vida y no hay nadie para part\u00edrselo.<\/em><\/p>\n\n\n\n<h4 class=\"wp-block-heading has-vivid-red-color has-text-color has-link-color wp-elements-12ff1304806456dabe847428fbcbb87b\"><br><strong>PRECES<\/strong><\/h4>\n\n\n\n<p class=\"has-text-align-left\">A cada intenci\u00f3n respondemos:<br><strong><em>Se\u00f1or, \u00a1Aqu\u00ed estoy!<\/em><\/strong><\/p>\n\n\n\n<ul class=\"wp-block-list\">\n<li>Ed\u00facanos en la disponibilidad.<\/li>\n\n\n\n<li>Que vivamos siempre con la mirada atenta a los m\u00e1s peque\u00f1os.<\/li>\n\n\n\n<li>Que nuestras manos y pies est\u00e9n siempre dispuestos para servirte.<\/li>\n\n\n\n<li>Que descubramos en el hoy de la historia tus nuevas llamadas y que digamos\u2026<\/li>\n\n\n\n<li>Que estemos m\u00e1s atentos a tus llamadas que a nuestros proyectos.<\/li>\n\n\n\n<li>Que como familia menesiana acojamos con presteza tus llamadas.<\/li>\n<\/ul>\n\n\n\n<h4 class=\"wp-block-heading has-text-align-left has-vivid-red-color has-text-color has-link-color wp-elements-6060ddbf41f6599a0a8289353dc65e2e\"><br><strong>ORACI\u00d3N FINAL<\/strong><\/h4>\n\n\n\n<p class=\"has-text-align-left\">Se\u00f1or, d\u00edgnate bendecir mi vocaci\u00f3n, as\u00edsteme en todos mis trabajos de hoy. Derrama sobre m\u00ed, sobre todos mis hermanos y sobre los que trabajamos en esta obra educativa, el Esp\u00edritu de fuerza, de caridad y de humildad para que nada nos aparte de tu servicio. Por Jesucristo nuestro Se\u00f1or. Am\u00e9n.<br><br><\/p>\n","protected":false},"excerpt":{"rendered":"<p>\u00a1C\u00f3mo hablar de pasar el oc\u00e9ano a personas que temen pasar un r\u00edo para llevar los socorros de la religi\u00f3n a los pobres campesinos que hablan la misma lengua, que tienen las mismas costumbres, y que les llaman de la orilla opuesta! El esp\u00edritu de celo y de entrega se ha debilitado entre nosotros de &hellip; <a href=\"https:\/\/menesianosoy.org\/index.php\/2024\/05\/09\/mision\/\" class=\"more-link\">Continue reading<span class=\"screen-reader-text\"> \u00abMisi\u00f3n\u00bb<\/span><\/a><\/p>\n","protected":false},"author":3,"featured_media":12654,"comment_status":"closed","ping_status":"closed","sticky":false,"template":"","format":"standard","meta":{"_acf_changed":false,"footnotes":""},"categories":[15],"tags":[],"class_list":["post-12634","post","type-post","status-publish","format-standard","has-post-thumbnail","hentry","category-laudes"],"acf":[],"_links":{"self":[{"href":"https:\/\/menesianosoy.org\/index.php\/wp-json\/wp\/v2\/posts\/12634","targetHints":{"allow":["GET"]}}],"collection":[{"href":"https:\/\/menesianosoy.org\/index.php\/wp-json\/wp\/v2\/posts"}],"about":[{"href":"https:\/\/menesianosoy.org\/index.php\/wp-json\/wp\/v2\/types\/post"}],"author":[{"embeddable":true,"href":"https:\/\/menesianosoy.org\/index.php\/wp-json\/wp\/v2\/users\/3"}],"replies":[{"embeddable":true,"href":"https:\/\/menesianosoy.org\/index.php\/wp-json\/wp\/v2\/comments?post=12634"}],"version-history":[{"count":15,"href":"https:\/\/menesianosoy.org\/index.php\/wp-json\/wp\/v2\/posts\/12634\/revisions"}],"predecessor-version":[{"id":34578,"href":"https:\/\/menesianosoy.org\/index.php\/wp-json\/wp\/v2\/posts\/12634\/revisions\/34578"}],"wp:featuredmedia":[{"embeddable":true,"href":"https:\/\/menesianosoy.org\/index.php\/wp-json\/wp\/v2\/media\/12654"}],"wp:attachment":[{"href":"https:\/\/menesianosoy.org\/index.php\/wp-json\/wp\/v2\/media?parent=12634"}],"wp:term":[{"taxonomy":"category","embeddable":true,"href":"https:\/\/menesianosoy.org\/index.php\/wp-json\/wp\/v2\/categories?post=12634"},{"taxonomy":"post_tag","embeddable":true,"href":"https:\/\/menesianosoy.org\/index.php\/wp-json\/wp\/v2\/tags?post=12634"}],"curies":[{"name":"wp","href":"https:\/\/api.w.org\/{rel}","templated":true}]}}