{"id":13023,"date":"2024-05-19T17:01:43","date_gmt":"2024-05-19T20:01:43","guid":{"rendered":"https:\/\/menesianosoy.org\/?p=13023"},"modified":"2024-05-22T21:10:34","modified_gmt":"2024-05-23T00:10:34","slug":"jueves-de-la-7a-semana-durante-el-ano-2","status":"publish","type":"post","link":"https:\/\/menesianosoy.org\/index.php\/2024\/05\/19\/jueves-de-la-7a-semana-durante-el-ano-2\/","title":{"rendered":"Jueves de la 7\u00aa semana durante el a\u00f1o"},"content":{"rendered":"\n<h4 class=\"wp-block-heading has-text-align-left has-vivid-purple-color has-text-color has-link-color wp-elements-73c8bbd5324a57451b81e1b521e940e4\"><br><strong><em>Oraci\u00f3n<\/em><\/strong><\/h4>\n\n\n\n<p class=\"has-text-align-left\"><strong><em>Padre bueno,<br>te doy gracias por la vida,<br>regalo de tu amor.<br>Haz que la comparta con todos:<br>con mis hermanos, con mi familia,<br>con mis amigos,<br>tejiendo lazos como lo hizo Jes\u00fas.<br>Env\u00edame tu Esp\u00edritu Santo<br>para descubrir lo que quieres de m\u00ed.<br>Hazme cada d\u00eda m\u00e1s parecido a tu Hijo:<br>que sus sentimientos sean mis sentimientos,<br>que sus pensamientos<br>sean mis pensamientos,<br>que su proyecto sea mi proyecto,<br>que ame como \u00c9l am\u00f3.<br>Como a Mar\u00eda, Padre Bueno,<br>conc\u00e9denos a todos<br>un coraz\u00f3n d\u00f3cil a tu Palabra.<br>Am\u00e9n<\/em><\/strong><\/p>\n\n\n\n<h4 class=\"wp-block-heading has-text-align-left has-vivid-purple-color has-text-color has-link-color wp-elements-e24848239ac3eeb626a27cc800272ce3\"><br><strong><em>Intenciones<\/em><\/strong><\/h4>\n\n\n\n<ul class=\"wp-block-list\">\n<li>Por las vocaciones y los formadores menesianos.<\/li>\n\n\n\n<li>Por la familia menesiana del colegio San Pablo de Luj\u00e1n de Cuyo.<\/li>\n\n\n\n<li>Por la comunidad de Bilbao y la de Montreal en Qu\u00e9bec (Canad\u00e1)<\/li>\n\n\n\n<li>Por la Provincia San Juan Bautista (Inglaterra, Francia, Italia)<\/li>\n<\/ul>\n\n\n\n<h4 class=\"wp-block-heading has-text-align-left has-vivid-purple-color has-text-color has-link-color wp-elements-83a6a8c6e89499f900e7c7a4f38e754a\"><br><strong><em>Directorio 150 a<\/em><\/strong><\/h4>\n\n\n\n<p class=\"has-text-align-left\">Cada Provincia concede gran importancia a los estudios superiores de los Hermanos, para un mejor servicio a la Iglesia y a los hombres.<\/p>\n\n\n\n<h4 class=\"wp-block-heading has-text-align-left has-vivid-purple-color has-text-color has-link-color wp-elements-6f99f0f164f282db977ddeebdd9d0fab\"><br><strong><em>Al H. Ambrosio, 18 de mayo de 1832<\/em><\/strong><\/h4>\n\n\n\n<p class=\"has-text-align-left\">La humildad, la caridad, la dulzura, he ah\u00ed sus armas. Los reproches demasiado duros no sirven m\u00e1s que para irritar a aquellos a quienes se dirigen.<\/p>\n\n\n\n<h4 class=\"wp-block-heading has-text-align-left has-vivid-purple-color has-text-color has-link-color wp-elements-c8d8fb74f70caca431f53ffe68f63588\"><br><strong><em>Difuntos<\/em><\/strong><\/h4>\n\n\n\n<p class=\"has-text-align-left\">1955: Bernardin Bachelot<br>1998: Maurice Lemieux (Alexis-Joseph)<br>2003: Raymond Letourneur (Raymond-Bernard)<\/p>\n","protected":false},"excerpt":{"rendered":"<p>Oraci\u00f3n Padre bueno,te doy gracias por la vida,regalo de tu amor.Haz que la comparta con todos:con mis hermanos, con mi familia,con mis amigos,tejiendo lazos como lo hizo Jes\u00fas.Env\u00edame tu Esp\u00edritu Santopara descubrir lo que quieres de m\u00ed.Hazme cada d\u00eda m\u00e1s parecido a tu Hijo:que sus sentimientos sean mis sentimientos,que sus pensamientossean mis pensamientos,que su proyecto &hellip; <a href=\"https:\/\/menesianosoy.org\/index.php\/2024\/05\/19\/jueves-de-la-7a-semana-durante-el-ano-2\/\" class=\"more-link\">Continue reading<span class=\"screen-reader-text\"> \u00abJueves de la 7\u00aa semana durante el a\u00f1o\u00bb<\/span><\/a><\/p>\n","protected":false},"author":3,"featured_media":0,"comment_status":"closed","ping_status":"closed","sticky":false,"template":"","format":"standard","meta":{"_acf_changed":false,"footnotes":""},"categories":[3],"tags":[],"class_list":["post-13023","post","type-post","status-publish","format-standard","hentry","category-calendario"],"acf":[],"_links":{"self":[{"href":"https:\/\/menesianosoy.org\/index.php\/wp-json\/wp\/v2\/posts\/13023","targetHints":{"allow":["GET"]}}],"collection":[{"href":"https:\/\/menesianosoy.org\/index.php\/wp-json\/wp\/v2\/posts"}],"about":[{"href":"https:\/\/menesianosoy.org\/index.php\/wp-json\/wp\/v2\/types\/post"}],"author":[{"embeddable":true,"href":"https:\/\/menesianosoy.org\/index.php\/wp-json\/wp\/v2\/users\/3"}],"replies":[{"embeddable":true,"href":"https:\/\/menesianosoy.org\/index.php\/wp-json\/wp\/v2\/comments?post=13023"}],"version-history":[{"count":6,"href":"https:\/\/menesianosoy.org\/index.php\/wp-json\/wp\/v2\/posts\/13023\/revisions"}],"predecessor-version":[{"id":13038,"href":"https:\/\/menesianosoy.org\/index.php\/wp-json\/wp\/v2\/posts\/13023\/revisions\/13038"}],"wp:attachment":[{"href":"https:\/\/menesianosoy.org\/index.php\/wp-json\/wp\/v2\/media?parent=13023"}],"wp:term":[{"taxonomy":"category","embeddable":true,"href":"https:\/\/menesianosoy.org\/index.php\/wp-json\/wp\/v2\/categories?post=13023"},{"taxonomy":"post_tag","embeddable":true,"href":"https:\/\/menesianosoy.org\/index.php\/wp-json\/wp\/v2\/tags?post=13023"}],"curies":[{"name":"wp","href":"https:\/\/api.w.org\/{rel}","templated":true}]}}