{"id":13092,"date":"2024-05-23T15:22:50","date_gmt":"2024-05-23T18:22:50","guid":{"rendered":"https:\/\/menesianosoy.org\/?p=13092"},"modified":"2024-05-25T08:03:11","modified_gmt":"2024-05-25T11:03:11","slug":"santa-maria-magdalena-de-pazzi-2","status":"publish","type":"post","link":"https:\/\/menesianosoy.org\/index.php\/2024\/05\/23\/santa-maria-magdalena-de-pazzi-2\/","title":{"rendered":"Santa Mar\u00eda Magdalena de Pazzi"},"content":{"rendered":"\n<p class=\"has-text-align-left\"><strong><em>Liturgia de las horas: Rezamos con el tema LAZOS<\/em><\/strong><\/p>\n\n\n\n<h4 class=\"wp-block-heading has-text-align-left has-vivid-purple-color has-text-color has-link-color wp-elements-887486676bef83e011629c71d289a322\"><br><strong><em>Intenciones: <\/em><\/strong><\/h4>\n\n\n\n<ul class=\"wp-block-list\">\n<li>Por los menesianos de Argentina, en el aniversario del primer gobierno patrio.<\/li>\n\n\n\n<li>Por la comunidad de Nanclares (Espa\u00f1a) y la de Tokyo (Jap\u00f3n).<\/li>\n\n\n\n<li>Por la Provincia San Luis Gozaga (Hait\u00ed)<\/li>\n\n\n\n<li>Por las vocaciones religiosas y sacerdotales.<\/li>\n<\/ul>\n\n\n\n<h4 class=\"wp-block-heading has-text-align-left has-vivid-purple-color has-text-color has-link-color wp-elements-f81fa0a405caabea4c860c26018a0a5c\"><br><strong><em>Directorio 36 a: <\/em><\/strong><\/h4>\n\n\n\n<p class=\"has-text-align-left\">Con su respuesta consciente y deliberada a la llamada de Dios que le propone este  camino, el Hermano escoge el celibato consagrado. <\/p>\n\n\n\n<h4 class=\"wp-block-heading has-text-align-left has-vivid-purple-color has-text-color has-link-color wp-elements-0fb4d01f5fc3f2cc04627b889cde241e\"><br><strong><em>Al hermano Jacinto Fichou, 21 de abril de 1846:<\/em><\/strong><\/h4>\n\n\n\n<p class=\"has-text-align-left\">Dios nos pide s\u00f3lo lo que podemos hacer. Si nuestro celo es ardiente, debe ser tambi\u00e9n apacible.<\/p>\n\n\n\n<h4 class=\"wp-block-heading has-text-align-left has-vivid-purple-color has-text-color has-link-color wp-elements-a77aba329315af5c37d1ef3d7a73d551\"><br><strong><em>Difuntos: <\/em><\/strong><\/h4>\n\n\n\n<p>1977: Louis Arondel (Louis-Cl\u00e9ment)<br>1988: Alfred Cr\u00e9peau (Boniface)<br>1995: Odias Quirion (Romaric-Joseph)<br>2005: <strong>Santiago Montero<\/strong> (Adri\u00e1n) Naci\u00f3 en Valsadorn\u00edn (Palencia) en 1929. Muri\u00f3 en Madrid.<\/p>\n","protected":false},"excerpt":{"rendered":"<p>Liturgia de las horas: Rezamos con el tema LAZOS Intenciones: Directorio 36 a: Con su respuesta consciente y deliberada a la llamada de Dios que le propone este camino, el Hermano escoge el celibato consagrado. Al hermano Jacinto Fichou, 21 de abril de 1846: Dios nos pide s\u00f3lo lo que podemos hacer. Si nuestro celo &hellip; <a href=\"https:\/\/menesianosoy.org\/index.php\/2024\/05\/23\/santa-maria-magdalena-de-pazzi-2\/\" class=\"more-link\">Continue reading<span class=\"screen-reader-text\"> \u00abSanta Mar\u00eda Magdalena de Pazzi\u00bb<\/span><\/a><\/p>\n","protected":false},"author":3,"featured_media":0,"comment_status":"closed","ping_status":"closed","sticky":false,"template":"","format":"standard","meta":{"_acf_changed":false,"footnotes":""},"categories":[3],"tags":[],"class_list":["post-13092","post","type-post","status-publish","format-standard","hentry","category-calendario"],"acf":[],"_links":{"self":[{"href":"https:\/\/menesianosoy.org\/index.php\/wp-json\/wp\/v2\/posts\/13092","targetHints":{"allow":["GET"]}}],"collection":[{"href":"https:\/\/menesianosoy.org\/index.php\/wp-json\/wp\/v2\/posts"}],"about":[{"href":"https:\/\/menesianosoy.org\/index.php\/wp-json\/wp\/v2\/types\/post"}],"author":[{"embeddable":true,"href":"https:\/\/menesianosoy.org\/index.php\/wp-json\/wp\/v2\/users\/3"}],"replies":[{"embeddable":true,"href":"https:\/\/menesianosoy.org\/index.php\/wp-json\/wp\/v2\/comments?post=13092"}],"version-history":[{"count":6,"href":"https:\/\/menesianosoy.org\/index.php\/wp-json\/wp\/v2\/posts\/13092\/revisions"}],"predecessor-version":[{"id":13200,"href":"https:\/\/menesianosoy.org\/index.php\/wp-json\/wp\/v2\/posts\/13092\/revisions\/13200"}],"wp:attachment":[{"href":"https:\/\/menesianosoy.org\/index.php\/wp-json\/wp\/v2\/media?parent=13092"}],"wp:term":[{"taxonomy":"category","embeddable":true,"href":"https:\/\/menesianosoy.org\/index.php\/wp-json\/wp\/v2\/categories?post=13092"},{"taxonomy":"post_tag","embeddable":true,"href":"https:\/\/menesianosoy.org\/index.php\/wp-json\/wp\/v2\/tags?post=13092"}],"curies":[{"name":"wp","href":"https:\/\/api.w.org\/{rel}","templated":true}]}}