{"id":13210,"date":"2024-05-25T10:09:43","date_gmt":"2024-05-25T13:09:43","guid":{"rendered":"https:\/\/menesianosoy.org\/?p=13210"},"modified":"2024-05-25T11:25:59","modified_gmt":"2024-05-25T14:25:59","slug":"santa-juana-de-arco","status":"publish","type":"post","link":"https:\/\/menesianosoy.org\/index.php\/2024\/05\/25\/santa-juana-de-arco\/","title":{"rendered":"Santa Juana de Arco"},"content":{"rendered":"\n<p class=\"has-text-align-left\"><strong><em>1\u00ba Pedro 2, 2-5. 9-12<br>Salmo 99, 1-5<\/em><\/strong><\/p>\n\n\n\n<h4 class=\"wp-block-heading has-text-align-left has-vivid-cyan-blue-color has-text-color has-link-color wp-elements-4570eb4939a4527617cacf31c66bd435\"><br><strong>Evangelio: Marcos 10, 46-52<\/strong><\/h4>\n\n\n\n<p><strong><em>Llegaron a Jeric\u00f3. Cuando Jes\u00fas sal\u00eda de all\u00ed, acompa\u00f1ado de sus disc\u00edpulos y de una gran multitud, el hijo de Timeo \u2013Bartimeo, un mendigo ciego\u2013 estaba sentado junto al camino.<br>Al enterarse de que pasaba Jes\u00fas, el Nazareno, se puso a gritar:<br>&#8211; \u00a1Jes\u00fas, Hijo de David, ten piedad de m\u00ed!<br>Muchos lo reprend\u00edan para que se callara, pero \u00e9l gritaba m\u00e1s fuerte:<br>&#8211; \u00a1Hijo de David, ten piedad de m\u00ed!<br>Jes\u00fas se detuvo y dijo:<br>&#8211; Ll\u00e1menlo.<br>Entonces llamaron al ciego y le dijeron:<br>&#8211; \u00a1Animo, lev\u00e1ntate! \u00c9l te llama.<br>Y el ciego, arrojando su manto, se puso de pie de un salto y fue hacia \u00e9l.<br>Jes\u00fas le pregunt\u00f3:<br>&#8211; \u00bfQu\u00e9 quieres que haga por ti?<br>\u00c9l le respondi\u00f3:<br>&#8211; Maestro, que yo pueda ver.<br>Jes\u00fas le dijo:<br>&#8211; Vete, tu fe te ha salvado.<br>En seguida comenz\u00f3 a ver y lo sigui\u00f3 por el camino.<\/em><\/strong><\/p>\n\n\n\n<figure class=\"wp-block-image size-full\"><img loading=\"lazy\" decoding=\"async\" width=\"450\" height=\"281\" src=\"https:\/\/menesianosoy.org\/wp-content\/uploads\/2024\/05\/fotos2015_evan_25-10-2015.jpg\" alt=\"\" class=\"wp-image-13219\" srcset=\"https:\/\/menesianosoy.org\/wp-content\/uploads\/2024\/05\/fotos2015_evan_25-10-2015.jpg 450w, https:\/\/menesianosoy.org\/wp-content\/uploads\/2024\/05\/fotos2015_evan_25-10-2015-300x187.jpg 300w\" sizes=\"auto, (max-width: 450px) 85vw, 450px\" \/><\/figure>\n\n\n\n<p class=\"has-text-align-left\">Pensemos en la historia de Bartimeo, un personaje del Evangelio y, les confieso, para m\u00ed el m\u00e1s simp\u00e1tico de todos. Era ciego y se sentaba a mendigar al borde del camino en las afueras de su ciudad, Jeric\u00f3. No es un personaje an\u00f3nimo, tiene un rostro, un nombre: Bartimeo, es decir, \u201chijo de Timeo\u201d.<br>Un d\u00eda oye que Jes\u00fas pasar\u00eda por all\u00ed. Entonces Bartimeo se pone a la espera: har\u00e1 todo lo posible para encontrar a Jes\u00fas. Mucha gente hac\u00eda lo mismo, recordemos a Zaqueo, que se subi\u00f3 a un \u00e1rbol. Muchos quer\u00edan ver a Jes\u00fas, \u00e9l tambi\u00e9n.<br><br>Este hombre entra, pues, en los Evangelios como una voz que grita a pleno pulm\u00f3n. No ve; no sabe si Jes\u00fas est\u00e1 cerca o lejos, pero lo siente, lo percibe por la multitud, que en un momento dado aumenta y se avecina&#8230; Pero est\u00e1 completamente solo, y a nadie le importa. \u00bfY qu\u00e9 hace Bartimeo? Grita. Y sigue gritando. Utiliza la \u00fanica arma que tiene: su voz. Empieza a gritar: \u00ab\u00a1Hijo de David, Jes\u00fas, ten compasi\u00f3n de m\u00ed!\u00bb \u00a0Y sigue as\u00ed, gritando.<br><br>Y Jes\u00fas escucha su grito. La plegaria de Bartimeo toca su coraz\u00f3n, el coraz\u00f3n de Dios, y las puertas de la salvaci\u00f3n se abren para \u00e9l. Jes\u00fas lo manda a llamar. \u00c9l se levanta de un brinco y los que antes le dec\u00edan que se callara ahora lo conducen al Maestro. Jes\u00fas le habla, le pide que exprese su deseo \u2014esto es importante\u2014 y entonces el grito se convierte en una petici\u00f3n: \u201c\u00a1Haz que recobre la vista!\u201d<br><br>La fe, como hemos visto en Bartimeo, es un grito; la no fe es sofocar ese grito. Esa actitud que ten\u00eda la gente para que se callara: no era gente de fe, en cambio, \u00e9l s\u00ed. Sofocar ese grito es una especie de \u201cley del silencio\u201d. La fe es una protesta contra una condici\u00f3n dolorosa de la cual no entendemos la raz\u00f3n; la no fe es limitarse a sufrir una situaci\u00f3n a la cual nos hemos adaptado. La fe es la esperanza de ser salvado; la no fe es acostumbrarse al mal que nos oprime y seguir as\u00ed.<br><br>Bartimeo no se qued\u00f3 callado\u2026 Todos tenemos esta voz dentro. Una voz que brota espont\u00e1neamente, sin que nadie la mande, una voz que se interroga sobre el sentido de nuestro camino aqu\u00ed abajo, especialmente cuando nos encontramos en la oscuridad: \u201c\u00a1Jes\u00fas, ten compasi\u00f3n de m\u00ed! Hermosa oraci\u00f3n, \u00e9sta. (Papa Francisco, 06-05-2020)<\/p>\n\n\n\n<p class=\"has-text-align-left\"><br><strong><em>M\u00c1XIMA<br>\u00abJes\u00fas, ten compasi\u00f3n de m\u00ed\u00bb<\/em><\/strong><\/p>\n\n\n\n<h4 class=\"wp-block-heading has-text-align-left has-vivid-cyan-blue-color has-text-color has-link-color wp-elements-fc106bf8187ed34fa9151c6c240c10b4\"><br><strong>Palabras de Juan Mar\u00eda<\/strong><\/h4>\n\n\n\n<p class=\"has-text-align-left\"><img decoding=\"async\" class=\"wp-image-618\" style=\"width: 150px;\" src=\"https:\/\/menesianosoy.org\/wp-content\/uploads\/2023\/08\/j.png\" alt=\"\"><br><em>\u00c9l es muy bueno como para no tener piedad de aquellos que ponen en \u00c9l toda su esperanza; jam\u00e1s el Padre de misericordia rechaza dar la limosna espiritual a sus pobres hijos, que le piden con esp\u00edritu humilde y con un coraz\u00f3n que presenta ante \u00c9l sus necesidades y su pobreza. (Serm\u00f3n II, p 1468)<\/em><\/p>\n\n\n\n<h4 class=\"wp-block-heading has-text-align-left has-vivid-cyan-blue-color has-text-color has-link-color wp-elements-403dcf6b951aeef7cf350ef193927268\"><br><strong>El ciego de Jeric\u00f3 \u2013 Jorge Rivera<\/strong><\/h4>\n\n\n\n<figure class=\"wp-block-embed is-type-video is-provider-youtube wp-block-embed-youtube wp-embed-aspect-16-9 wp-has-aspect-ratio\"><div class=\"wp-block-embed__wrapper\">\n<iframe loading=\"lazy\" title=\"El ciego de Jeric\u00f3 by Jorge Rivera (Con letra)\" width=\"1140\" height=\"641\" src=\"https:\/\/www.youtube.com\/embed\/adMLmqNR68w?feature=oembed\" frameborder=\"0\" allow=\"accelerometer; autoplay; clipboard-write; encrypted-media; gyroscope; picture-in-picture; web-share\" referrerpolicy=\"strict-origin-when-cross-origin\" allowfullscreen><\/iframe>\n<\/div><\/figure>\n\n\n\n<p class=\"has-text-align-left\">Cuando se acercaba Jes\u00fas a Jeric\u00f3<br>un ciego limosnero intrigado pregunto:<br>\u00bfPor qu\u00e9 tanto alboroto?<br>\u00bfQu\u00e9 pasa en este lugar?<br>Ellos respondieron: Jes\u00fas est\u00e1 por llegar.<br><br>\u00a1Jes\u00fas, hijo de David,<br>ten compasi\u00f3n de m\u00ed, de m\u00ed! (bis)<br><br>Los que delante iban siguiendo al Se\u00f1or<br>al ciego reprend\u00edan para callar su voz.<br>Pero al escuchar sus suplicas,<br>Jes\u00fas se detuvo y lo mir\u00f3:<br>\u00bfQu\u00e9 quieres que por ti haga?<br>Quiero ver, \u00e9l respondi\u00f3.<br><br>Jes\u00fas compadecido al ciego se acerc\u00f3.<br>Recobra ya la vista -dijo-<br>tu fe ha sido tu salvaci\u00f3n.<br>Yo tengo ceguera espiritual,<br>tambi\u00e9n de m\u00ed ten compasi\u00f3n;<br>limpia mi pecado<br>y s\u00e1name como al ciego de Jeric\u00f3.<\/p>\n","protected":false},"excerpt":{"rendered":"<p>1\u00ba Pedro 2, 2-5. 9-12Salmo 99, 1-5 Evangelio: Marcos 10, 46-52 Llegaron a Jeric\u00f3. Cuando Jes\u00fas sal\u00eda de all\u00ed, acompa\u00f1ado de sus disc\u00edpulos y de una gran multitud, el hijo de Timeo \u2013Bartimeo, un mendigo ciego\u2013 estaba sentado junto al camino.Al enterarse de que pasaba Jes\u00fas, el Nazareno, se puso a gritar:&#8211; \u00a1Jes\u00fas, Hijo de &hellip; <a href=\"https:\/\/menesianosoy.org\/index.php\/2024\/05\/25\/santa-juana-de-arco\/\" class=\"more-link\">Continue reading<span class=\"screen-reader-text\"> \u00abSanta Juana de Arco\u00bb<\/span><\/a><\/p>\n","protected":false},"author":3,"featured_media":0,"comment_status":"closed","ping_status":"closed","sticky":false,"template":"","format":"standard","meta":{"_acf_changed":false,"footnotes":""},"categories":[9],"tags":[],"class_list":["post-13210","post","type-post","status-publish","format-standard","hentry","category-evangelio"],"acf":[],"_links":{"self":[{"href":"https:\/\/menesianosoy.org\/index.php\/wp-json\/wp\/v2\/posts\/13210","targetHints":{"allow":["GET"]}}],"collection":[{"href":"https:\/\/menesianosoy.org\/index.php\/wp-json\/wp\/v2\/posts"}],"about":[{"href":"https:\/\/menesianosoy.org\/index.php\/wp-json\/wp\/v2\/types\/post"}],"author":[{"embeddable":true,"href":"https:\/\/menesianosoy.org\/index.php\/wp-json\/wp\/v2\/users\/3"}],"replies":[{"embeddable":true,"href":"https:\/\/menesianosoy.org\/index.php\/wp-json\/wp\/v2\/comments?post=13210"}],"version-history":[{"count":6,"href":"https:\/\/menesianosoy.org\/index.php\/wp-json\/wp\/v2\/posts\/13210\/revisions"}],"predecessor-version":[{"id":13220,"href":"https:\/\/menesianosoy.org\/index.php\/wp-json\/wp\/v2\/posts\/13210\/revisions\/13220"}],"wp:attachment":[{"href":"https:\/\/menesianosoy.org\/index.php\/wp-json\/wp\/v2\/media?parent=13210"}],"wp:term":[{"taxonomy":"category","embeddable":true,"href":"https:\/\/menesianosoy.org\/index.php\/wp-json\/wp\/v2\/categories?post=13210"},{"taxonomy":"post_tag","embeddable":true,"href":"https:\/\/menesianosoy.org\/index.php\/wp-json\/wp\/v2\/tags?post=13210"}],"curies":[{"name":"wp","href":"https:\/\/api.w.org\/{rel}","templated":true}]}}