{"id":13221,"date":"2024-05-25T10:41:59","date_gmt":"2024-05-25T13:41:59","guid":{"rendered":"https:\/\/menesianosoy.org\/?p=13221"},"modified":"2024-05-25T10:55:42","modified_gmt":"2024-05-25T13:55:42","slug":"santa-juana-de-arco-2","status":"publish","type":"post","link":"https:\/\/menesianosoy.org\/index.php\/2024\/05\/25\/santa-juana-de-arco-2\/","title":{"rendered":"Santa Juana de Arco"},"content":{"rendered":"\n<h4 class=\"wp-block-heading has-text-align-left has-vivid-purple-color has-text-color has-link-color wp-elements-73c8bbd5324a57451b81e1b521e940e4\"><br><strong><em>Oraci\u00f3n<\/em><\/strong><\/h4>\n\n\n\n<p class=\"has-text-align-left\"><strong><em>Padre bueno,<br>te doy gracias por la vida,<br>regalo de tu amor.<br>Haz que la comparta con todos:<br>con mis hermanos, con mi familia,<br>con mis amigos,<br>tejiendo lazos como lo hizo Jes\u00fas.<br>Env\u00edame tu Esp\u00edritu Santo<br>para descubrir lo que quieres de m\u00ed.<br>Hazme cada d\u00eda m\u00e1s parecido a tu Hijo:<br>que sus sentimientos sean mis sentimientos,<br>que sus pensamientos<br>sean mis pensamientos,<br>que su proyecto sea mi proyecto,<br>que ame como \u00c9l am\u00f3.<br>Como a Mar\u00eda, Padre Bueno,<br>conc\u00e9denos a todos<br>un coraz\u00f3n d\u00f3cil a tu Palabra.<br>Am\u00e9n<\/em><\/strong><\/p>\n\n\n\n<h4 class=\"wp-block-heading has-text-align-left has-vivid-purple-color has-text-color has-link-color wp-elements-c4f9d7f4fe38dd9a9d20cb54ec6859ee\"><br><strong><em>Intenci\u00f3n:<\/em><\/strong><\/h4>\n\n\n\n<ul class=\"wp-block-list\">\n<li>Por las vocaciones y los formadores menesianos.<\/li>\n\n\n\n<li>Por los Grupos de J\u00f3venes de nuestros Centros.<\/li>\n\n\n\n<li>Por los hermanos de Italia y la comunidad de Ciboure (Francia)<\/li>\n\n\n\n<li>Por la Provincia Santa Teresa del Ni\u00f1o Jes\u00fas (Uganda, Sud\u00e1n del Sur)<\/li>\n<\/ul>\n\n\n\n<h4 class=\"wp-block-heading has-text-align-left has-vivid-purple-color has-text-color has-link-color wp-elements-c5aed6e667f07c38f5569ee2fe9e64a2\"><br><strong><em>Directorio 41:<\/em><\/strong><\/h4>\n\n\n\n<p class=\"has-text-align-left\">El Hermano pide \u201ccon humildad y perseverancia la gracia de la fidelidad\u00bb. A pesar de sus debilidades y limitaciones, avanza \u201ccon esa seguridad y esa honra que es la esperanza\u00bb, pues sabe \u201cde qui\u00e9n se ha fiado\u00bb.<\/p>\n\n\n\n<h4 class=\"wp-block-heading has-text-align-left has-vivid-purple-color has-text-color has-link-color wp-elements-07ee474fcb7ece15701e6d4dbc312b46\"><br><strong><em>Al H. Ambrosio Le Haiget, 1\u00ba de mayo de 1843:<\/em><\/strong><\/h4>\n\n\n\n<p class=\"has-text-align-left\">Si nunca fu\u00e9ramos contrariados y si todos nuestros esfuerzos fueran completamente exitosos, \u00bfd\u00f3nde estar\u00edan nuestros m\u00e9ritos? Lee la vida de los santos fundadores de las obras y la de los misioneros, e inf\u00f3rmate, rean\u00edmate por sus ejemplos.<\/p>\n\n\n\n<h4 class=\"wp-block-heading has-text-align-left has-vivid-purple-color has-text-color has-link-color wp-elements-a77aba329315af5c37d1ef3d7a73d551\"><br><strong><em>Difuntos: <\/em><\/strong><\/h4>\n\n\n\n<p class=\"has-text-align-left\"><img loading=\"lazy\" decoding=\"async\" width=\"150\" height=\"214\" class=\"wp-image-13226\" style=\"width: 150px;\" src=\"https:\/\/menesianosoy.org\/wp-content\/uploads\/2024\/05\/Anselmo-F.jpg\" alt=\"\" srcset=\"https:\/\/menesianosoy.org\/wp-content\/uploads\/2024\/05\/Anselmo-F.jpg 1123w, https:\/\/menesianosoy.org\/wp-content\/uploads\/2024\/05\/Anselmo-F-211x300.jpg 211w, https:\/\/menesianosoy.org\/wp-content\/uploads\/2024\/05\/Anselmo-F-719x1024.jpg 719w, https:\/\/menesianosoy.org\/wp-content\/uploads\/2024\/05\/Anselmo-F-768x1094.jpg 768w, https:\/\/menesianosoy.org\/wp-content\/uploads\/2024\/05\/Anselmo-F-1078x1536.jpg 1078w\" sizes=\"auto, (max-width: 150px) 85vw, 150px\" \/><br>2005: <strong>Isa\u00edas L\u00f3pez (Anselmo)<\/strong>: Naci\u00f3 en 1912 en Trevi\u00f1o (Burgos). Trabaj\u00f3 en Argentina desde el a\u00f1o 1941 hasta su muerte en Villa Gobernador G\u00e1lvez.<br><br>1974: Joseph Morvan (Num\u00e9rien)<br>1976: Wilfrid Lachance (Philippe-Joseph)<br>1990: Henri Vincent (Simplice-Joseph)<br><\/p>\n","protected":false},"excerpt":{"rendered":"<p>Oraci\u00f3n Padre bueno,te doy gracias por la vida,regalo de tu amor.Haz que la comparta con todos:con mis hermanos, con mi familia,con mis amigos,tejiendo lazos como lo hizo Jes\u00fas.Env\u00edame tu Esp\u00edritu Santopara descubrir lo que quieres de m\u00ed.Hazme cada d\u00eda m\u00e1s parecido a tu Hijo:que sus sentimientos sean mis sentimientos,que sus pensamientossean mis pensamientos,que su proyecto &hellip; <a href=\"https:\/\/menesianosoy.org\/index.php\/2024\/05\/25\/santa-juana-de-arco-2\/\" class=\"more-link\">Continue reading<span class=\"screen-reader-text\"> \u00abSanta Juana de Arco\u00bb<\/span><\/a><\/p>\n","protected":false},"author":3,"featured_media":0,"comment_status":"closed","ping_status":"closed","sticky":false,"template":"","format":"standard","meta":{"_acf_changed":false,"footnotes":""},"categories":[3],"tags":[],"class_list":["post-13221","post","type-post","status-publish","format-standard","hentry","category-calendario"],"acf":[],"_links":{"self":[{"href":"https:\/\/menesianosoy.org\/index.php\/wp-json\/wp\/v2\/posts\/13221","targetHints":{"allow":["GET"]}}],"collection":[{"href":"https:\/\/menesianosoy.org\/index.php\/wp-json\/wp\/v2\/posts"}],"about":[{"href":"https:\/\/menesianosoy.org\/index.php\/wp-json\/wp\/v2\/types\/post"}],"author":[{"embeddable":true,"href":"https:\/\/menesianosoy.org\/index.php\/wp-json\/wp\/v2\/users\/3"}],"replies":[{"embeddable":true,"href":"https:\/\/menesianosoy.org\/index.php\/wp-json\/wp\/v2\/comments?post=13221"}],"version-history":[{"count":4,"href":"https:\/\/menesianosoy.org\/index.php\/wp-json\/wp\/v2\/posts\/13221\/revisions"}],"predecessor-version":[{"id":13228,"href":"https:\/\/menesianosoy.org\/index.php\/wp-json\/wp\/v2\/posts\/13221\/revisions\/13228"}],"wp:attachment":[{"href":"https:\/\/menesianosoy.org\/index.php\/wp-json\/wp\/v2\/media?parent=13221"}],"wp:term":[{"taxonomy":"category","embeddable":true,"href":"https:\/\/menesianosoy.org\/index.php\/wp-json\/wp\/v2\/categories?post=13221"},{"taxonomy":"post_tag","embeddable":true,"href":"https:\/\/menesianosoy.org\/index.php\/wp-json\/wp\/v2\/tags?post=13221"}],"curies":[{"name":"wp","href":"https:\/\/api.w.org\/{rel}","templated":true}]}}