{"id":13287,"date":"2024-05-31T16:37:33","date_gmt":"2024-05-31T19:37:33","guid":{"rendered":"https:\/\/menesianosoy.org\/?p=13287"},"modified":"2024-05-31T17:19:33","modified_gmt":"2024-05-31T20:19:33","slug":"san-justino-2","status":"publish","type":"post","link":"https:\/\/menesianosoy.org\/index.php\/2024\/05\/31\/san-justino-2\/","title":{"rendered":"San Justino"},"content":{"rendered":"\n<p class=\"has-text-align-center has-blush-bordeaux-gradient-background has-background\"><strong>MES DE JUNIO<br>Consagrado al Sagrado Coraz\u00f3n de Jes\u00fas<\/strong><\/p>\n\n\n\n<p class=\"has-text-align-left\"><strong><em>Oremos para que los migrantes que huyen de las guerras o del hambre, obligados a viajes llenos de peligros y violencia, encuentren aceptaci\u00f3n y nuevas oportunidades de vida en sus pa\u00edses de acogida.<\/em><\/strong><\/p>\n\n\n\n<p class=\"has-text-align-left\"><br><strong><em>2014 &#8211; Clausura del 150 aniversario de la fundaci\u00f3n de la Provincia San Luis Gonzaga (Hait\u00ed).<\/em><\/strong><\/p>\n\n\n\n<h4 class=\"wp-block-heading has-text-align-left has-vivid-purple-color has-text-color has-link-color wp-elements-d7db2ffc8ebbc10abc0b559de040a9b9\"><br><strong><em>Intenciones:<\/em><\/strong><\/h4>\n\n\n\n<ul class=\"wp-block-list\">\n<li>Por la familia menesiana de San Borja.<\/li>\n\n\n\n<li>Por la comunidad de Aguilar de Campoo (Espa\u00f1a) y la de Mbeya (Tanzania).<\/li>\n\n\n\n<li>Por las personas obligadas a migrar de sus pa\u00edses.<\/li>\n\n\n\n<li>Por la provincia San Luis Gonzaga de Hait\u00ed.<\/li>\n<\/ul>\n\n\n\n<h4 class=\"wp-block-heading has-text-align-left has-vivid-purple-color has-text-color has-link-color wp-elements-bbba01db9640986f9480de6eb58b6a02\"><br><strong><em>Constituciones 1 a:<\/em><\/strong><\/h4>\n\n\n\n<p class=\"has-text-align-left\">La Congregaci\u00f3n de los Hermanos de la Instrucci\u00f3n Cristiana de Plo\u00ebrmel es una Congregaci\u00f3n laical, de derecho pontificio, fundada por Juan Mar\u00eda de la Mennais y Gabriel Deshayes.<\/p>\n\n\n\n<h4 class=\"wp-block-heading has-text-align-left has-vivid-purple-color has-text-color has-link-color wp-elements-0365f82f3fa8a3bc49ea71967ae8a0e4\"><br><strong><em>Al H. Yves H\u00e9relle, 15 de  marzo de 1833:<\/em><\/strong><\/h4>\n\n\n\n<p class=\"has-text-align-left\">La gran ilusi\u00f3n de los hombres, aun de los m\u00e1s piadosos, es buscar en este mundo una posici\u00f3n donde no haya nada que sufrir.<\/p>\n\n\n\n<h4 class=\"wp-block-heading has-text-align-left has-vivid-purple-color has-text-color has-link-color wp-elements-a77aba329315af5c37d1ef3d7a73d551\"><br><strong><em>Difuntos: <\/em><\/strong><\/h4>\n\n\n\n<p class=\"has-text-align-left\">1964: \u00c9phrem-Pierre (Morin)<br>1984: Pierre Drouad\u00e8ne (\u00c9douard-Marie)<br>1994: <strong>Antimo Garc\u00eda (Avelino)<\/strong>. Naci\u00f3 en Santa Gadea de Alfoz (Burgos) en 1907. Muri\u00f3 en Madrid.<\/p>\n","protected":false},"excerpt":{"rendered":"<p>MES DE JUNIOConsagrado al Sagrado Coraz\u00f3n de Jes\u00fas Oremos para que los migrantes que huyen de las guerras o del hambre, obligados a viajes llenos de peligros y violencia, encuentren aceptaci\u00f3n y nuevas oportunidades de vida en sus pa\u00edses de acogida. 2014 &#8211; Clausura del 150 aniversario de la fundaci\u00f3n de la Provincia San Luis &hellip; <a href=\"https:\/\/menesianosoy.org\/index.php\/2024\/05\/31\/san-justino-2\/\" class=\"more-link\">Continue reading<span class=\"screen-reader-text\"> \u00abSan Justino\u00bb<\/span><\/a><\/p>\n","protected":false},"author":3,"featured_media":0,"comment_status":"closed","ping_status":"closed","sticky":false,"template":"","format":"standard","meta":{"_acf_changed":false,"footnotes":""},"categories":[3],"tags":[],"class_list":["post-13287","post","type-post","status-publish","format-standard","hentry","category-calendario"],"acf":[],"_links":{"self":[{"href":"https:\/\/menesianosoy.org\/index.php\/wp-json\/wp\/v2\/posts\/13287","targetHints":{"allow":["GET"]}}],"collection":[{"href":"https:\/\/menesianosoy.org\/index.php\/wp-json\/wp\/v2\/posts"}],"about":[{"href":"https:\/\/menesianosoy.org\/index.php\/wp-json\/wp\/v2\/types\/post"}],"author":[{"embeddable":true,"href":"https:\/\/menesianosoy.org\/index.php\/wp-json\/wp\/v2\/users\/3"}],"replies":[{"embeddable":true,"href":"https:\/\/menesianosoy.org\/index.php\/wp-json\/wp\/v2\/comments?post=13287"}],"version-history":[{"count":6,"href":"https:\/\/menesianosoy.org\/index.php\/wp-json\/wp\/v2\/posts\/13287\/revisions"}],"predecessor-version":[{"id":13298,"href":"https:\/\/menesianosoy.org\/index.php\/wp-json\/wp\/v2\/posts\/13287\/revisions\/13298"}],"wp:attachment":[{"href":"https:\/\/menesianosoy.org\/index.php\/wp-json\/wp\/v2\/media?parent=13287"}],"wp:term":[{"taxonomy":"category","embeddable":true,"href":"https:\/\/menesianosoy.org\/index.php\/wp-json\/wp\/v2\/categories?post=13287"},{"taxonomy":"post_tag","embeddable":true,"href":"https:\/\/menesianosoy.org\/index.php\/wp-json\/wp\/v2\/tags?post=13287"}],"curies":[{"name":"wp","href":"https:\/\/api.w.org\/{rel}","templated":true}]}}