{"id":13316,"date":"2024-05-31T17:21:06","date_gmt":"2024-05-31T20:21:06","guid":{"rendered":"https:\/\/menesianosoy.org\/?p=13316"},"modified":"2026-01-10T22:03:19","modified_gmt":"2026-01-11T01:03:19","slug":"consagracion-2","status":"publish","type":"post","link":"https:\/\/menesianosoy.org\/index.php\/2024\/05\/31\/consagracion-2\/","title":{"rendered":"Consagraci\u00f3n"},"content":{"rendered":"\n<p class=\"has-text-align-left\">Cada vez que se re\u00fanen para el retiro, les hablo de la obra a la que est\u00e1n consagrados y pongo bajo sus ojos los motivos que deben convencerlos de su gran importancia; pero hoy, queridos hijos, ser\u00eda in\u00fatil insistir sobre este punto; los hechos de los que ustedes son testigos todos los d\u00edas hablan claramente, y prueban mejor que lo que yo podr\u00eda hacerlo con mis palabras que la conservaci\u00f3n de la fe en nuestra provincia de Breta\u00f1a depende del \u00e9xito de sus humildes trabajos.<\/p>\n\n\n\n<h4 class=\"wp-block-heading has-text-align-left has-vivid-red-color has-text-color has-link-color wp-elements-b2dff2ff018bdc81199da83a110b2682\"><br><strong>HIMNO<\/strong><\/h4>\n\n\n\n<figure class=\"wp-block-embed is-type-video is-provider-youtube wp-block-embed-youtube wp-embed-aspect-16-9 wp-has-aspect-ratio\"><div class=\"wp-block-embed__wrapper\">\n<iframe loading=\"lazy\" title=\"Esto que soy eso te doy - Eduardo Meana\" width=\"1140\" height=\"641\" src=\"https:\/\/www.youtube.com\/embed\/rQ93T9nmEqE?feature=oembed\" frameborder=\"0\" allow=\"accelerometer; autoplay; clipboard-write; encrypted-media; gyroscope; picture-in-picture; web-share\" referrerpolicy=\"strict-origin-when-cross-origin\" allowfullscreen><\/iframe>\n<\/div><\/figure>\n\n\n\n<p class=\"has-text-align-left\">A veces me pregunto: \u00ab\u00bfpor qu\u00e9 yo?\u00bb\u00a0<br>y s\u00f3lo me respondes: \u00abporque quiero\u00bb.\u00a0<br>Es un misterio grande que nos llames\u00a0<br>as\u00ed, tal como somos, a Tu encuentro.\u00a0<br><br>Entonces redescubro una verdad:\u00a0<br>mi vida, nuestra vida es Tu tesoro.\u00a0<br>Se trata entonces s\u00f3lo de ofrecerte\u00a0<br>con todo nuestro amor,\u00a0esto que somos.\u00a0<br><br><em>\u00bfQu\u00e9 te dar\u00e9?, \u00bfqu\u00e9 te daremos?,\u00a0<br>\u00a1Si todo, todo, es Tu regalo!\u00a0<br>Te ofrecer\u00e9, te ofreceremos\u00a0<br>esto que somos&#8230;\u00a0<br>Esto que soy, \u00a1eso te doy!\u00a0<br><\/em><br>Esto que soy, esto es lo que te doy.\u00a0<br>Esto que somos es lo que te damos\u00a0<br>T\u00fa no desprecias nuestra vida humilde\u00a0<br>se trata de poner todo en tus manos.\u00a0<br><br>Aqu\u00ed van mis trabajos y mi fe,\u00a0<br>mi canto, mis bajones y mis sue\u00f1os;\u00a0<br>y todas las personas que me diste\u00a0<br>desde mi coraz\u00f3n te las ofrezco.\u00a0 <br><br>Vi tanta gente un domingo de sol.\u00a0<br>Me conmovi\u00f3 el latir de tantas vidas&#8230;\u00a0<br>y adivin\u00e9 tu brazo gigantesco\u00a0<br>y s\u00e9 que sus historias recib\u00edas.\u00a0<br><br>Por eso tu altar luce vino y pan:\u00a0<br>Son signo y homenaje de la vida.\u00a0<br>Misterio de ofrecerte y recibirnos,\u00a0<br>Humanidad que Cristo diviniza.\u00a0<\/p>\n\n\n\n<h4 class=\"wp-block-heading has-vivid-red-color has-text-color has-link-color wp-elements-b669255451bdb6f32c479bb7d9532771\"><br><strong>SALMODIA<\/strong><\/h4>\n\n\n\n<p class=\"has-text-align-left\"><em>Ant\u00edfona 1<\/em><br><em>\u00a1S\u00ed! M\u00e1s que nunca sirvamos con amor a Aquel con quien nos hemos comprometido<\/em><\/p>\n\n\n\n<p class=\"has-text-align-left\"><strong>Salmo 83<\/strong><br><strong>A\u00f1oranza del templo<\/strong><\/p>\n\n\n\n<p class=\"has-text-align-left\">\u00a1Qu\u00e9 deseables son tus moradas,<br>Se\u00f1or de los ej\u00e9rcitos!<br>Mi alma se consume y anhela<br>los atrios del Se\u00f1or,<br>mi coraz\u00f3n y mi carne<br>se alegran por el Dios vivo.<br><br>Hasta el gorri\u00f3n ha encontrado una casa;<br>la golondrina, un nido<br>donde colocar sus polluelos:<br>tus altares, Se\u00f1or de los ej\u00e9rcitos,<br>Rey m\u00edo y Dios m\u00edo.<br><br>Dichosos los que viven en tu casa<br>alab\u00e1ndote siempre.<br>Dichosos los que encuentran en ti su fuerza<br>al preparar su peregrinaci\u00f3n:<br><br>cuando atraviesan \u00e1ridos valles,<br>los convierten en oasis,<br>como si la lluvia temprana<br>los cubriera de bendiciones;<br>caminan de altura en altura<br>hasta ver a Dios en Si\u00f3n.<br><br>Se\u00f1or de los ej\u00e9rcitos, escucha mi s\u00faplica;<br>ati\u00e9ndeme, Dios de Jacob.<br>F\u00edjate, \u00a1oh Dios!, en nuestro Escudo,<br>mira el rostro de tu Ungido.<br><br>Un solo d\u00eda en tu casa<br>vale m\u00e1s que otros mil,<br>y prefiero el umbral de la casa de Dios<br>a vivir con los malvados.<br><br>Porque el Se\u00f1or es sol y escudo,<br>\u00e9l da la gracia y la gloria,<br>el Se\u00f1or no niega sus bienes<br>a los de conducta intachable.<br><br>\u00a1Se\u00f1or de los ej\u00e9rcitos, dichoso el hombre<br>que conf\u00eda en ti!<br><br>Gloria al Padre, y al Hijo, y al Esp\u00edritu Santo.<br>Como era en el principio, ahora y siempre, por los siglos de los siglos. Am\u00e9n.<\/p>\n\n\n\n<p class=\"has-text-align-left\"><em>Ant\u00edfona 1<\/em><br><em>\u00a1S\u00ed! M\u00e1s que nunca sirvamos con amor a Aquel con quien nos hemos comprometido.<\/em><\/p>\n\n\n\n<p class=\"has-text-align-left\"><br><em>Ant\u00edfona 2<\/em><br><em>Nos hemos comprometido por medio de promesas que nada ni nadie, en adelante, podr\u00e1 romper.<\/em><\/p>\n\n\n\n<p class=\"has-text-align-left\"><strong>Salmo 111<\/strong><br><strong>Felicidad del justo<\/strong><\/p>\n\n\n\n<p class=\"has-text-align-left\">Dichoso quien teme al Se\u00f1or<br>y ama de coraz\u00f3n sus mandatos.<br>Su linaje ser\u00e1 poderoso en la tierra,<br>la descendencia del justo ser\u00e1 bendita.<br><br>En su casa habr\u00e1 riquezas y abundancia,<br>su caridad es constante, sin falta.<br>En las tinieblas brilla como una luz<br>el que es justo, clemente y compasivo.<br><br>Dichoso el que se apiada y presta,<br>y administra rectamente sus asuntos.<br>El justo jam\u00e1s vacilar\u00e1,<br>su recuerdo ser\u00e1 perpetuo.<br><br>No temer\u00e1 las malas noticias,<br>su coraz\u00f3n est\u00e1 firme en el Se\u00f1or.<br>Su coraz\u00f3n est\u00e1 seguro, sin temor,<br>hasta que vea derrotados a sus enemigos.<br><br>Reparte limosna a los pobres;<br>su caridad es constante, sin falta,<br>y alzar\u00e1 la frente con dignidad.<br><br>El malvado, al verlo, se irritar\u00e1,<br>rechinar\u00e1 los dientes hasta consumirse.<br>La ambici\u00f3n del malvado fracasar\u00e1.<br><br>Gloria al Padre, y al Hijo, y al Esp\u00edritu Santo.<br>Como era en el principio, ahora y siempre, por los siglos de los siglos. Am\u00e9n.<\/p>\n\n\n\n<p class=\"has-text-align-left\"><em>Ant\u00edfona 2<\/em><br><em>Nos hemos comprometido por medio de promesas que nada ni nadie, en adelante, podr\u00e1 romper.<\/em><\/p>\n\n\n\n<h4 class=\"wp-block-heading has-text-align-left has-vivid-red-color has-text-color has-link-color wp-elements-fcde06674c39089f6263c592c9d05b84\"><br><strong>PALABRAS DE JUAN MAR\u00cdA DE LA MENNAIS<\/strong><\/h4>\n\n\n\n<p class=\"has-text-align-left\"><img decoding=\"async\" class=\"wp-image-4140\" style=\"width: 150px;\" src=\"https:\/\/menesianosoy.org\/wp-content\/uploads\/2023\/09\/Juanma.jpg\" alt=\"\"><br>Al menos durante este tiempo de retiro, reflexionen seriamente en esto, mis queridos hijos y no vean solamente su vocaci\u00f3n en relaci\u00f3n con sus intereses, sino consideren tambi\u00e9n los lazos esenciales que su estado les hace contraer con una multitud de ni\u00f1os cuya suerte eterna est\u00e1, en cierto modo, en sus manos; miren si quieren que ellos vivan o si quieren que mueran; y piensen que al pronunciar su sentencia pronuncian la de ustedes.<\/p>\n\n\n\n<h4 class=\"wp-block-heading has-text-align-left has-vivid-red-color has-text-color has-link-color wp-elements-d84c1c5deb2c398d176f6e4da7a3623e\"><br><strong>C\u00c1NTICO DE MAR\u00cdA<\/strong><\/h4>\n\n\n\n<p class=\"has-text-align-left\"><em>Ant\u00edfona<\/em><br><em>Env\u00eda trabajadores a tu campo, pero no a los tibios y relajados, no a hombres ambiciosos de un vil salario, prontos a traicionar a Jesucristo y su causa.<\/em><\/p>\n\n\n\n<figure class=\"wp-block-embed is-type-video is-provider-youtube wp-block-embed-youtube wp-embed-aspect-16-9 wp-has-aspect-ratio\"><div class=\"wp-block-embed__wrapper\">\n<iframe loading=\"lazy\" title=\"MARAVILLAS HIZO EN M\u00cd\" width=\"1140\" height=\"641\" src=\"https:\/\/www.youtube.com\/embed\/WT5TB0tWGeg?feature=oembed\" frameborder=\"0\" allow=\"accelerometer; autoplay; clipboard-write; encrypted-media; gyroscope; picture-in-picture; web-share\" referrerpolicy=\"strict-origin-when-cross-origin\" allowfullscreen><\/iframe>\n<\/div><\/figure>\n\n\n\n<p class=\"has-text-align-left\">Maravillas hizo en m\u00ed;<br>mi alma canta de gozo<br>pues al ver mi peque\u00f1ez<br>se detuvieron sus ojos.<br>Y el que es Santo y Poderoso<br>hoy aguarda por mi s\u00ed.<br>Mi alma canta de gozo:<br>Maravillas hizo en m\u00ed.<br><br>Maravillas hizo en m\u00ed;<br>del alma brota mi canto.<br>El Se\u00f1or me ha amado<br>m\u00e1s que a los lirios del campo.<br>Por el Esp\u00edritu Santo,<br>\u00c9l habita hoy en m\u00ed.<br>No cese nunca mi canto.<br>Maravillas hizo en m\u00ed.<\/p>\n\n\n\n<p class=\"has-text-align-left\"><em>Ant\u00edfona<\/em><br><em>Env\u00eda trabajadores a tu campo, pero no a los tibios y relajados, no a hombres ambiciosos de un vil salario, prontos a traicionar a Jesucristo y su causa.<\/em><\/p>\n\n\n\n<h4 class=\"wp-block-heading has-text-align-left has-vivid-red-color has-text-color has-link-color wp-elements-2349e3b0875642a836af1fada0779cdc\"><br><strong>PRECES<\/strong><\/h4>\n\n\n\n<p class=\"has-text-align-left\">A cada intenci\u00f3n respondemos:<\/p>\n\n\n\n<p class=\"has-text-align-left\"><strong><em>Cons\u00e1granos, Se\u00f1or, para servirte<\/em><\/strong><\/p>\n\n\n\n<p class=\"has-text-align-left\">-. Se\u00f1or, que siempre nos miremos en relaci\u00f3n a tu llamado.<br>-. Se\u00f1or, que seamos conscientes de la gran misi\u00f3n que nos has confiado.<br>-. Se\u00f1or, convoca a otros para hacerte presente en medio de los ni\u00f1os y j\u00f3venes.<br>-. Se\u00f1or que vivamos con alegr\u00eda el servicio al que nos has consagrado.<br>-. Se\u00f1or, que te anunciemos como la perla preciosa que hemos encontrado.<br>-. Se\u00f1or, que viv\u00edamos alegremente nuestra cotidiana entrega a ti, en los ni\u00f1os y j\u00f3venes de hoy.<\/p>\n\n\n\n<h4 class=\"wp-block-heading has-text-align-left has-vivid-red-color has-text-color has-link-color wp-elements-c588dd1899926ffed9ac638782b18f9c\"><br><strong>PADRE NUESTRO<\/strong><\/h4>\n\n\n\n<h4 class=\"wp-block-heading has-text-align-left has-vivid-red-color has-text-color has-link-color wp-elements-514c6a6524d7219a450838fbf2f2c9d3\"><br><strong>ORACI\u00d3N<\/strong><\/h4>\n\n\n\n<p class=\"has-text-align-left\">Jes\u00fas levant\u00f3 los ojos al cielo y dijo: Cons\u00e1gralos en la verdad, tu palabra es verdad. As\u00ed como t\u00fa me enviaste al mundo, yo tambi\u00e9n los env\u00edo al mundo. Por ellos me consagro, para que tambi\u00e9n ellos sean consagrados en la verdad. No ruego solamente por ellos, sino tambi\u00e9n por los que, gracias a su palabra, creer\u00e1n en m\u00ed (Jn 17, 17-20). Por el mismo Cristo nuestro Se\u00f1or, am\u00e9n.<br><br><\/p>\n","protected":false},"excerpt":{"rendered":"<p>Cada vez que se re\u00fanen para el retiro, les hablo de la obra a la que est\u00e1n consagrados y pongo bajo sus ojos los motivos que deben convencerlos de su gran importancia; pero hoy, queridos hijos, ser\u00eda in\u00fatil insistir sobre este punto; los hechos de los que ustedes son testigos todos los d\u00edas hablan claramente, &hellip; <a href=\"https:\/\/menesianosoy.org\/index.php\/2024\/05\/31\/consagracion-2\/\" class=\"more-link\">Continue reading<span class=\"screen-reader-text\"> \u00abConsagraci\u00f3n\u00bb<\/span><\/a><\/p>\n","protected":false},"author":3,"featured_media":13313,"comment_status":"closed","ping_status":"closed","sticky":false,"template":"","format":"standard","meta":{"_acf_changed":false,"footnotes":""},"categories":[16],"tags":[],"class_list":["post-13316","post","type-post","status-publish","format-standard","has-post-thumbnail","hentry","category-visperas"],"acf":[],"_links":{"self":[{"href":"https:\/\/menesianosoy.org\/index.php\/wp-json\/wp\/v2\/posts\/13316","targetHints":{"allow":["GET"]}}],"collection":[{"href":"https:\/\/menesianosoy.org\/index.php\/wp-json\/wp\/v2\/posts"}],"about":[{"href":"https:\/\/menesianosoy.org\/index.php\/wp-json\/wp\/v2\/types\/post"}],"author":[{"embeddable":true,"href":"https:\/\/menesianosoy.org\/index.php\/wp-json\/wp\/v2\/users\/3"}],"replies":[{"embeddable":true,"href":"https:\/\/menesianosoy.org\/index.php\/wp-json\/wp\/v2\/comments?post=13316"}],"version-history":[{"count":12,"href":"https:\/\/menesianosoy.org\/index.php\/wp-json\/wp\/v2\/posts\/13316\/revisions"}],"predecessor-version":[{"id":31238,"href":"https:\/\/menesianosoy.org\/index.php\/wp-json\/wp\/v2\/posts\/13316\/revisions\/31238"}],"wp:featuredmedia":[{"embeddable":true,"href":"https:\/\/menesianosoy.org\/index.php\/wp-json\/wp\/v2\/media\/13313"}],"wp:attachment":[{"href":"https:\/\/menesianosoy.org\/index.php\/wp-json\/wp\/v2\/media?parent=13316"}],"wp:term":[{"taxonomy":"category","embeddable":true,"href":"https:\/\/menesianosoy.org\/index.php\/wp-json\/wp\/v2\/categories?post=13316"},{"taxonomy":"post_tag","embeddable":true,"href":"https:\/\/menesianosoy.org\/index.php\/wp-json\/wp\/v2\/tags?post=13316"}],"curies":[{"name":"wp","href":"https:\/\/api.w.org\/{rel}","templated":true}]}}