{"id":13545,"date":"2024-06-07T18:47:57","date_gmt":"2024-06-07T21:47:57","guid":{"rendered":"https:\/\/menesianosoy.org\/?p=13545"},"modified":"2025-06-06T16:14:39","modified_gmt":"2025-06-06T19:14:39","slug":"tratado-de-union","status":"publish","type":"post","link":"https:\/\/menesianosoy.org\/index.php\/2024\/06\/07\/tratado-de-union\/","title":{"rendered":"Tratado de uni\u00f3n"},"content":{"rendered":"\n<p class=\"has-text-align-left\"><em>Este tratado obligaba a cada Hermano a una obediencia absoluta hacia los dos Superiores, sin prever siquiera el caso en el que las \u00f3rdenes fueran contradictorias. Pero los dos Fundadores se llevaban&nbsp; admirablemente y se amaban:&#8230; eso fue de maravilla.<\/em><\/p>\n\n\n\n<h4 class=\"wp-block-heading has-text-align-left has-vivid-red-color has-text-color has-link-color wp-elements-a47b6d78a2634a730c1f65116c0fc760\"><br><strong>OFERTORIO<\/strong><\/h4>\n\n\n\n<p class=\"has-text-align-left\"><strong><em>Jes\u00fas, t\u00fa has dicho: <br>Dejen que los ni\u00f1os se acerquen a m\u00ed.<br>T\u00fa me has inspirado el deseo de dedicar mi vida<br>a los ni\u00f1os y j\u00f3venes para llevarlos a ti.<br>D\u00edgnate bendecir mi vocaci\u00f3n,<br>as\u00edsteme en todos mis trabajos de hoy.<br>Derrama sobre m\u00ed,<br>sobre todos mis hermanos<br>y sobre los que trabajamos <br>en esta obra educativa,<br>el Esp\u00edritu de fuerza, <br>de caridad y de humildad<br>para que nada nos aparte de tu servicio.<br>Haz que hoy cumpla con celo <br>el ministerio educativo<br>al que me has consagrado.<br>Hazme perseverar hasta el fin<br>para alcanzar as\u00ed la salvaci\u00f3n <br>que nos has prometido. Am\u00e9n.<\/em><\/strong><\/p>\n\n\n\n<h4 class=\"wp-block-heading has-text-align-left has-vivid-red-color has-text-color has-link-color wp-elements-b2dff2ff018bdc81199da83a110b2682\"><br><strong>HIMNO<\/strong><\/h4>\n\n\n\n<figure class=\"wp-block-embed is-type-video is-provider-youtube wp-block-embed-youtube wp-embed-aspect-4-3 wp-has-aspect-ratio\"><div class=\"wp-block-embed__wrapper\">\n<iframe loading=\"lazy\" title=\"menesianos rompiendo barreras\" width=\"1140\" height=\"855\" src=\"https:\/\/www.youtube.com\/embed\/j2Rhz56CeqY?start=17&#038;feature=oembed\" frameborder=\"0\" allow=\"accelerometer; autoplay; clipboard-write; encrypted-media; gyroscope; picture-in-picture; web-share\" referrerpolicy=\"strict-origin-when-cross-origin\" allowfullscreen><\/iframe>\n<\/div><\/figure>\n\n\n\n<p class=\"has-text-align-left\">Mil setecientos ochenta aqu\u00ed comenz\u00f3,<br>una historia que brot\u00f3 desde el coraz\u00f3n.<br><br>Un camino que un ni\u00f1o franc\u00e9s emprendi\u00f3,<br>la Breta\u00f1a principio de revoluci\u00f3n.<br><br>Una vida dispuesta a ayudar a los dem\u00e1s,<br>un destino que Dios solo conocer\u00e1.<br><br>A los ni\u00f1os que se propuso ayudar,<br>y segu\u00eda con su revoluci\u00f3n,<br>a trav\u00e9s de la educaci\u00f3n.<br><br>\u00c9l rompi\u00f3 barreras se acerc\u00f3 al que no ten\u00eda.<br>\u00c1ngel que nos acompa\u00f1a, y apasiona con su vida,<br>haciendo caminos, siguiendo sus huellas,<br>compartiendo lazos, somos todos Menesianos.<br><br>Una mirada distinta Juan Mar\u00eda mostr\u00f3.<br>La realidad que viv\u00eda a \u00e9l le conmovi\u00f3.<br><br>Sus valores forjaron los lazos de uni\u00f3n,<br>de los ni\u00f1os y j\u00f3venes que Dios le dio.<br><br>Un proyecto de vida, servicio y amor,<br>donde el \u00faltimo joven siempre cont\u00f3.<br><br>Nuestro \u00e1ngel atento que nos acompa\u00f1\u00f3,<br>en hermanos, maestros gracias por su ilusi\u00f3n,<br>y hacen brillar nuestro coraz\u00f3n.<br><br>\u00c9l rompi\u00f3 barreras se acerc\u00f3 al que no ten\u00eda.<br>\u00c1ngel que nos acompa\u00f1a, y apasiona con su vida,<br>haciendo caminos, siguiendo sus huellas,<br>compartiendo lazos, somos todos Menesianos. (2)<\/p>\n\n\n\n<h4 class=\"wp-block-heading has-text-align-left has-vivid-red-color has-text-color has-link-color wp-elements-9f402b585241a7def6c79732a7112ebd\"><br><strong>SALMODIA<\/strong><\/h4>\n\n\n\n<p class=\"has-text-align-left\"><em>Ant\u00edfona 1<\/em><br><em>Las obras de Dios no crecen m\u00e1s que en la sombra, y es por la noche cuando cae el roc\u00edo del cielo<\/em><\/p>\n\n\n\n<p class=\"has-text-align-left\"><strong>Salmo 110<\/strong><br><strong>Doy gracias al Se\u00f1or de todo coraz\u00f3n&nbsp;<\/strong><\/p>\n\n\n\n<p class=\"has-text-align-left\">Doy gracias al Se\u00f1or de todo coraz\u00f3n,&nbsp;<br>en compa\u00f1\u00eda de los rectos, en la asamblea.&nbsp;<br>Grandes son las obras del Se\u00f1or,&nbsp;<br>dignas de estudio para los que las aman.&nbsp;<br><br>Esplendor y belleza son su obra,&nbsp;<br>su generosidad dura por siempre;&nbsp;<br>ha hecho maravillas memorables,&nbsp;<br>el Se\u00f1or es piadoso y clemente.&nbsp;<br><br>El da alimento a sus fieles,&nbsp;<br>recordando siempre su alianza;&nbsp;<br>mostr\u00f3 a su pueblo la fuerza de su obrar,&nbsp;<br>d\u00e1ndoles la heredad de los gentiles.&nbsp;<br><br>Justicia y verdad son las obras de sus manos,&nbsp;<br>todos sus preceptos merecen confianza:&nbsp;<br>son estables para siempre jam\u00e1s,&nbsp;<br>se han de cumplir con verdad y rectitud.&nbsp;<br><br>Envi\u00f3 la redenci\u00f3n a su pueblo,&nbsp;<br>ratific\u00f3 para siempre su alianza,&nbsp;<br>su nombre es sagrado y temible.&nbsp;<br><br>Primicia de la sabidur\u00eda es el temor del Se\u00f1or,&nbsp;<br>tienen buen juicio los que lo practican;&nbsp;<br>la alabanza del Se\u00f1or dura por siempre.<\/p>\n\n\n\n<p class=\"has-text-align-left\">Gloria al Padre, y al Hijo, y al Esp\u00edritu Santo.<br>Como era en el principio, ahora y siempre, por los siglos de los siglos. Am\u00e9n.<\/p>\n\n\n\n<p class=\"has-text-align-left\"><em>Ant\u00edfona 1<\/em><br><em>Las obras de Dios no crecen m\u00e1s que en la sombra, y es por la noche cuando cae el roc\u00edo del cielo<\/em><\/p>\n\n\n\n<p class=\"has-text-align-left\"><br><em>Ant\u00edfona 2<\/em><br><em>Poco a poco, el grano de mostaza, se ha transformado en un gran \u00e1rbol, bajo el que vienen a cobijarse&nbsp; gran cantidad de ni\u00f1os.<\/em><\/p>\n\n\n\n<p class=\"has-text-align-left\"><strong>Salmo 24<\/strong><br><strong>Oraci\u00f3n por todas clases de necesidades<\/strong><\/p>\n\n\n\n<p class=\"has-text-align-left\">A ti, Se\u00f1or, levanto mi alma;&nbsp;<br>Dios m\u00edo, en ti conf\u00edo&nbsp;<br>no quede yo defraudado,&nbsp;<br>que no triunfen de m\u00ed mis enemigos,&nbsp;<br>pues los que esperan en ti no quedan defraudados,&nbsp;<br>mientras que el fracaso malogra a los traidores.&nbsp;<br><br>Se\u00f1or, ens\u00e9\u00f1ame tus caminos,&nbsp;<br>instr\u00fayeme en tus sendas:&nbsp;<br>haz que camine con lealtad;&nbsp;<br>ens\u00e9\u00f1ame, porque t\u00fa eres mi Dios y Salvador,&nbsp;<br>y todo el d\u00eda te estoy esperando.&nbsp;<br><br>Recuerda, Se\u00f1or, que tu ternura&nbsp;<br>y tu misericordia son eternas;&nbsp;<br>no te acuerdes de los pecados&nbsp;<br>ni de las maldades de mi juventud;&nbsp;<br>acu\u00e9rdate de m\u00ed con misericordia,&nbsp;<br>por tu bondad, Se\u00f1or.&nbsp;<br><br>El Se\u00f1or es bueno y es recto,&nbsp;<br>y ense\u00f1a el camino a los pecadores;&nbsp;<br>hace caminar a los humildes con rectitud,&nbsp;<br>ense\u00f1a su camino a los humildes.&nbsp;<br><br>Las sendas del Se\u00f1or son misericordia y lealtad&nbsp;<br>para los que guardan su alianza y sus mandatos.&nbsp;<br>Por el honor de tu nombre, Se\u00f1or,&nbsp;<br>perdona mis culpas, que son muchas.&nbsp;<br><br>\u00bfHay alguien que tema al Se\u00f1or?&nbsp;<br>\u00c9l le ense\u00f1ar\u00e1 el camino escogido:&nbsp;<br>su alma vivir\u00e1 feliz,&nbsp;<br>su descendencia poseer\u00e1 la tierra.&nbsp;<br><br>El Se\u00f1or se conf\u00eda con sus fieles,&nbsp;<br>y les da a conocer su alianza.&nbsp;<br>Tengo los ojos puestos en el Se\u00f1or,&nbsp;<br>porque \u00c9l saca mis pies de la red.&nbsp;<br><br>M\u00edrame, oh Dios, y ten piedad de m\u00ed,&nbsp;<br>que estoy solo y afligido.&nbsp;<br>Ensancha mi coraz\u00f3n oprimido&nbsp;<br>y s\u00e1came de mis tribulaciones.&nbsp;<br><br>Mira mis trabajos y mis penas&nbsp;<br>y perdona todos mis pecados;&nbsp;<br>mira cu\u00e1ntos son mis enemigos,&nbsp;<br>que me detestan con odio cruel.&nbsp;<br><br>Guarda mi vida y l\u00edbrame,&nbsp;<br>no quede yo defraudado de haber acudido a ti.&nbsp;<br>La inocencia y la rectitud me proteger\u00e1n,&nbsp;<br>porque espero en ti.&nbsp;<br><br>Salva, oh Dios, a Israel&nbsp;<br>de todos sus peligros.<\/p>\n\n\n\n<p class=\"has-text-align-left\">Gloria al Padre, y al Hijo, y al Esp\u00edritu Santo.<br>Como era en el principio, ahora y siempre, por los siglos de los siglos. Am\u00e9n.<\/p>\n\n\n\n<p class=\"has-text-align-left\"><em>Ant\u00edfona 2<\/em><br><em>Poco a poco, el grano de mostaza, se ha transformado en un gran \u00e1rbol, bajo el que vienen a cobijarse&nbsp; gran cantidad de ni\u00f1os.<\/em><\/p>\n\n\n\n<h4 class=\"wp-block-heading has-text-align-left has-vivid-red-color has-text-color has-link-color wp-elements-885964fb42e91f18b4b6ac24fe1dd0db\"><br><strong>TRATADO DE UNI\u00d3N<\/strong><\/h4>\n\n\n\n<p class=\"has-text-align-left\"><img loading=\"lazy\" decoding=\"async\" width=\"150\" height=\"191\" class=\"wp-image-3553\" style=\"width: 150px;\" src=\"https:\/\/menesianosoy.org\/wp-content\/uploads\/2023\/09\/6-JUIN.jpg\" alt=\"\"><br><em>En el nombre de la Santa Trinidad, Padre, Hijo y Esp\u00edritu Santo, Nosotros, Juan Mar\u00eda Robert de la Mennais, vicario general de Saint Brieuc y Gabriel Deshayes, vicario general de la di\u00f3cesis de Vannes y p\u00e1rroco de Auray; animados por el deseo de procurar a los hijos del pueblo, especialmente los de las zonas rurales de Breta\u00f1a, maestros s\u00f3lidamente piadosos; hemos decidido formar provisionalmente en Saint Brieuc y en Auray dos noviciados de j\u00f3venes que seguir\u00e1n&nbsp; lo m\u00e1s posible la regla de los hermanos de las Escuelas Cristianas y se servir\u00e1n de su m\u00e9todo de Ense\u00f1anza.<br>Pero considerando que esta buena obra naciente no podr\u00eda crecer y consolidarse m\u00e1s que con tiempo, y que cada uno de nosotros puede morir antes de la \u00e9poca en que esta buena obra est\u00e9 suficientemente desarrollada para sostenerse por s\u00ed misma hemos acordado lo que sigue:<br>1\u00ba Las dos casas de noviciado que se establecen, una en Saint Brieuc y otra en Auray, ser\u00e1n dirigidas as\u00ed, la primera por el Se\u00f1or de la Mennais, la segunda por el Se\u00f1or, Deshayes<br>2\u00ba Las dos casa tendr\u00e1n la misma regla, el mismo m\u00e9todo de ense\u00f1anza y no formar\u00e1n m\u00e1s que una.<br>3\u00ba. Cada uno de nosotros tendr\u00e1 la direcci\u00f3n y vigilancia de todos los hermanos colocados en su di\u00f3cesis&nbsp; y de los que \u00e9l coloque en otra di\u00f3cesis.<br>4\u00ba Cuando juzguemos oportuno, elegiremos entre los hermanos un superior y dos asistentes y designaremos la casa en que han de vivir. En el caso en que las elecciones no se hayan hecho antes de la muerte de uno de nosotros, o que el otro por cualquier causa no pueda tomar parte en las elecciones o en las medidas que haya que tomar para el bien de la Sociedad ser\u00e1n hechos por uno solo.<br>5\u00ba Nos ocuparemos por encontrar lo m\u00e1s pronto posible una casa central para las dos di\u00f3cesis que no est\u00e9 muy separada de una carretera principal, pero en el campo en tanto que sea posible.<br>6\u00ba Cada uno de nosotros tomar\u00e1 las medidas necesarias para que a su muerte los recursos que le queden entre manos para su sostenimiento, pasen al que sobreviva que los juntar\u00e1 a los suyos para el mantenimiento de la Sociedad. Hecho dos veces en St. Brieuc, Domingo de la Trinidad (6 de junio de 1819)<\/em><\/p>\n\n\n\n<h5 class=\"wp-block-heading has-text-align-left has-small-font-size\">Sugerencia: dar gracias al Se\u00f1or por esta iniciativa colaborativa y lo que ella ha generado en la historia.<\/h5>\n\n\n\n<h4 class=\"wp-block-heading has-text-align-left has-vivid-red-color has-text-color has-link-color wp-elements-559c1b5d6130a65db4463bb1766154a9\"><br><strong>C\u00c1NTICO EVANG\u00c9LICO<\/strong><\/h4>\n\n\n\n<p class=\"has-text-align-left\">Ant\u00edfona:<br><em>La Providencia me hab\u00eda inspirado el pensamiento de crear una Congregaci\u00f3n de Hermanos para los pueblos peque\u00f1os y las aldeas que no pueden tener a Hermanos de las Escuelas Cristianas.<\/em><\/p>\n\n\n\n<figure class=\"wp-block-embed is-type-video is-provider-youtube wp-block-embed-youtube wp-embed-aspect-4-3 wp-has-aspect-ratio\"><div class=\"wp-block-embed__wrapper\">\n<iframe loading=\"lazy\" title=\"Benedictus\" width=\"1140\" height=\"855\" src=\"https:\/\/www.youtube.com\/embed\/Yu7QmhdHrw8?feature=oembed\" frameborder=\"0\" allow=\"accelerometer; autoplay; clipboard-write; encrypted-media; gyroscope; picture-in-picture; web-share\" referrerpolicy=\"strict-origin-when-cross-origin\" allowfullscreen><\/iframe>\n<\/div><\/figure>\n\n\n\n<p class=\"has-text-align-left\">Bendito sea el Se\u00f1or, el Dios de Israel,<br>porque ha visitado a su pueblo<br>con su salvaci\u00f3n.<br><br>Dios ha suscitado una fuerza de salvaci\u00f3n<br>en la casa de su siervo David,<br>seg\u00fan lo hab\u00eda dicho en tiempos antiguos<br>por medio de los profetas,<br>profetas que hablaban por \u00e9l.<br><br>De los enemigos nuestro Dios nos rescatar\u00e1<br>y de aquellos que nos odian tambi\u00e9n.<br>Recordar\u00e1 su alianza y sus juramentos<br>ser\u00e1 fiel a sus promesas,<br>promesas que le hizo a Abraham.<br><br>Dios va a concedernos que, libres y sin temor,<br>y arrancados de los que hacen mal,<br>unidos en su Reino le estemos sirviendo,<br>con santidad y justicia,<br>por siglos y siglos sin fin.<br><br>A ti ni\u00f1o te llamar\u00e1n profeta del Se\u00f1or,<br>porque preparar\u00e1s sus caminos,<br>pregonando la paz y el perd\u00f3n.<br><br>En su misericordia nuestro Dios nos visitar\u00e1<br>como sol que nos ilumina,<br>gui\u00e1ndonos por senderos de paz.<br><br>Gloria al Padre Eterno, gloria al Dios Hijo Jes\u00fas,<br>gloria al Esp\u00edritu Santo, por los siglos y siglos sin fin.<\/p>\n\n\n\n<p class=\"has-text-align-left\">Ant\u00edfona:<br><em>La Providencia me hab\u00eda inspirado el pensamiento de crear una Congregaci\u00f3n de Hermanos para los pueblos peque\u00f1os y las aldeas que no pueden tener a Hermanos de las Escuelas Cristianas<br><\/em>&nbsp;&nbsp;&nbsp;&nbsp;&nbsp;&nbsp;&nbsp;&nbsp;&nbsp;&nbsp;&nbsp;&nbsp;&nbsp;&nbsp;&nbsp;<\/p>\n\n\n\n<h4 class=\"wp-block-heading has-text-align-left has-vivid-red-color has-text-color has-link-color wp-elements-25bf678173374b0907e9daf399d98381\"><strong>PRECES<\/strong><\/h4>\n\n\n\n<p class=\"has-text-align-left\">A cada intenci\u00f3n respondemos:<\/p>\n\n\n\n<p class=\"has-text-align-left\"><strong>Gracias, Se\u00f1or, por confiar en nosotros<\/strong><\/p>\n\n\n\n<p class=\"has-text-align-left\">-. Por contar con Juan Mar\u00eda de la Mennais y Gabriel Deshayes para fundar la Congregaci\u00f3n.<\/p>\n\n\n\n<p class=\"has-text-align-left\">-. Por dar a trav\u00e9s de ellos la respuesta que necesitaba la Breta\u00f1a de ese momento.<\/p>\n\n\n\n<p class=\"has-text-align-left\">-. Por abrir con ellos un espacio de salvaci\u00f3n para miles de ni\u00f1os y j\u00f3venes.<\/p>\n\n\n\n<p class=\"has-text-align-left\">-. Por querer contar con nosotros en el momento presente para seguir haciendo Reino desde la educaci\u00f3n.<\/p>\n\n\n\n<p class=\"has-text-align-left\">-. Por invitarnos a confiar en la familia menesiana como cuerpo para la misi\u00f3n en el momento actual.<\/p>\n\n\n\n<p class=\"has-text-align-left\">-. Por seguir llamando a nuevos j\u00f3venes a vivir como menesianos, ya como hermanos ya como laicos menesianos.<\/p>\n\n\n\n<h4 class=\"wp-block-heading has-text-align-left has-vivid-red-color has-text-color has-link-color wp-elements-c588dd1899926ffed9ac638782b18f9c\"><br><strong>PADRE NUESTRO<\/strong><\/h4>\n\n\n\n<h4 class=\"wp-block-heading has-text-align-left has-vivid-red-color has-text-color has-link-color wp-elements-89577afc60daa5a5866840229b341eb2\"><br><strong>ORACI\u00d3N POR EL BICENTENARIO<\/strong><\/h4>\n\n\n\n<p class=\"has-text-align-left\">Se\u00f1or Jes\u00fas, hace 200 a\u00f1os,<br>Juan Mar\u00eda de la Mennais y Gabriel Deshayes<br>vivieron el desamparo <br>de los ni\u00f1os y de los j\u00f3venes<br><em>\u201cque eran como ovejas sin pastor\u201d.<\/em><br>Ilum\u00ednanos y haznos descubrir hoy<br>el grito de los que esperan <br>pastores de coraz\u00f3n generoso.<br>Concede a todos los miembros <br>de la Familia Menesiana<br>apoyarse en tu misericordia,<br>en la unidad de una \u00fanica Familia.<br>Y danos la paz y la alegr\u00eda <br>de escribir una nueva p\u00e1gina para la misi\u00f3n.<br>Que con la oraci\u00f3n a Mar\u00eda,<br>caminemos juntos por los caminos de la paz<br>y que anunciemos con gozo<br>la Buena Nueva a los pobres.<br>\u00a1Dios s\u00f3lo en el tiempo<br>Dios s\u00f3lo en la eternidad!<\/p>\n","protected":false},"excerpt":{"rendered":"<p>Este tratado obligaba a cada Hermano a una obediencia absoluta hacia los dos Superiores, sin prever siquiera el caso en el que las \u00f3rdenes fueran contradictorias. Pero los dos Fundadores se llevaban&nbsp; admirablemente y se amaban:&#8230; eso fue de maravilla. OFERTORIO Jes\u00fas, t\u00fa has dicho: Dejen que los ni\u00f1os se acerquen a m\u00ed.T\u00fa me has &hellip; <a href=\"https:\/\/menesianosoy.org\/index.php\/2024\/06\/07\/tratado-de-union\/\" class=\"more-link\">Continue reading<span class=\"screen-reader-text\"> \u00abTratado de uni\u00f3n\u00bb<\/span><\/a><\/p>\n","protected":false},"author":3,"featured_media":13468,"comment_status":"closed","ping_status":"closed","sticky":false,"template":"","format":"standard","meta":{"_acf_changed":false,"footnotes":""},"categories":[15],"tags":[],"class_list":["post-13545","post","type-post","status-publish","format-standard","has-post-thumbnail","hentry","category-laudes"],"acf":[],"_links":{"self":[{"href":"https:\/\/menesianosoy.org\/index.php\/wp-json\/wp\/v2\/posts\/13545","targetHints":{"allow":["GET"]}}],"collection":[{"href":"https:\/\/menesianosoy.org\/index.php\/wp-json\/wp\/v2\/posts"}],"about":[{"href":"https:\/\/menesianosoy.org\/index.php\/wp-json\/wp\/v2\/types\/post"}],"author":[{"embeddable":true,"href":"https:\/\/menesianosoy.org\/index.php\/wp-json\/wp\/v2\/users\/3"}],"replies":[{"embeddable":true,"href":"https:\/\/menesianosoy.org\/index.php\/wp-json\/wp\/v2\/comments?post=13545"}],"version-history":[{"count":8,"href":"https:\/\/menesianosoy.org\/index.php\/wp-json\/wp\/v2\/posts\/13545\/revisions"}],"predecessor-version":[{"id":23926,"href":"https:\/\/menesianosoy.org\/index.php\/wp-json\/wp\/v2\/posts\/13545\/revisions\/23926"}],"wp:featuredmedia":[{"embeddable":true,"href":"https:\/\/menesianosoy.org\/index.php\/wp-json\/wp\/v2\/media\/13468"}],"wp:attachment":[{"href":"https:\/\/menesianosoy.org\/index.php\/wp-json\/wp\/v2\/media?parent=13545"}],"wp:term":[{"taxonomy":"category","embeddable":true,"href":"https:\/\/menesianosoy.org\/index.php\/wp-json\/wp\/v2\/categories?post=13545"},{"taxonomy":"post_tag","embeddable":true,"href":"https:\/\/menesianosoy.org\/index.php\/wp-json\/wp\/v2\/tags?post=13545"}],"curies":[{"name":"wp","href":"https:\/\/api.w.org\/{rel}","templated":true}]}}