{"id":13614,"date":"2024-06-08T17:18:24","date_gmt":"2024-06-08T20:18:24","guid":{"rendered":"https:\/\/menesianosoy.org\/?p=13614"},"modified":"2024-06-08T17:42:32","modified_gmt":"2024-06-08T20:42:32","slug":"10o-domingo-durante-el-ano-2","status":"publish","type":"post","link":"https:\/\/menesianosoy.org\/index.php\/2024\/06\/08\/10o-domingo-durante-el-ano-2\/","title":{"rendered":"10\u00ba Domingo durante el a\u00f1o"},"content":{"rendered":"\n<p class=\"has-text-align-left\"><strong><em>1973 &#8211; Bendici\u00f3n de la Casa Generalicia en Roma.<\/em><\/strong><\/p>\n\n\n\n<h4 class=\"wp-block-heading has-vivid-purple-color has-text-color has-link-color wp-elements-55f7cc516f335fc51988dc690daee4da\"><br><strong><em>Oraci\u00f3n<\/em><\/strong><\/h4>\n\n\n\n<p class=\"has-text-align-left\"><strong><em>Se\u00f1or Jes\u00fas, al comenzar el d\u00eda,<br>te ofrecemos nuestra vida entera.<br>Que el amor fraterno reine entre todos<br>los que formamos comunidad.<br>Que cada uno se sienta feliz<br>con la alegr\u00eda de los dem\u00e1s,<br>y sufra con sus penas.<br>Que todos nos prestemos ayuda mutua<br>para ir a Dios y realizar su obra cada d\u00eda.<br>Que no existan jam\u00e1s entre nosotros<br>ni contiendas ni rivalidades,<br>ni secretas envidias, ni palabras duras.<br>Aparta de nosotros, Se\u00f1or, todo lo que hiere,<br>todo lo que divide,<br>todo lo que altera la caridad.<br>Haz, Se\u00f1or, que hoy y siempre<br>intentemos ayudarnos<br>unos a otros a ser santos.<br>Que todos vivamos hoy con dulzura,<br>paciencia, humildad<br>y fidelidad a tu Palabra.<br>(Regla de 1835)<\/em><\/strong><\/p>\n\n\n\n<h4 class=\"wp-block-heading has-text-align-left has-vivid-purple-color has-text-color has-link-color wp-elements-d7db2ffc8ebbc10abc0b559de040a9b9\"><br><strong><em>Intenciones:<\/em><\/strong><\/h4>\n\n\n\n<ul class=\"wp-block-list\">\n<li>Por la comunidad de la casa General en Roma<\/li>\n\n\n\n<li>Por la comunidad del centro educativo San Dami\u00e1n de Villa G. G\u00e1lvez.<\/li>\n\n\n\n<li>Por la comunidad de Santo Domingo (Espa\u00f1a) y la de Mubende (Uganda).<\/li>\n\n\n\n<li>Por las vocaciones menesianas.<\/li>\n<\/ul>\n\n\n\n<h4 class=\"wp-block-heading has-text-align-left has-vivid-purple-color has-text-color has-link-color wp-elements-0336fa5635c6a7addfd097e9636cde05\"><br><strong><em>Constituciones 7:<\/em><\/strong><\/h4>\n\n\n\n<p class=\"has-text-align-left\">El Hermano manifiesta este compromiso por la profesi\u00f3n p\u00fablica de los tres votos de religi\u00f3n, consagraci\u00f3n particular que tiene sus ra\u00edces en la del Bautismo y la expresa con m\u00e1s plenitud. Desde ese mismo instante, ofrece a Dios toda su vida.<\/p>\n\n\n\n<h4 class=\"wp-block-heading has-text-align-left has-vivid-purple-color has-text-color has-link-color wp-elements-b0ab2c2274d21679fc02dbc16e03773b\"><br><strong><em>A los sacerdotes de Saint M\u00e9en. Sobre los medios para conservar los frutos del retiro:<\/em><\/strong><\/h4>\n\n\n\n<p class=\"has-text-align-left\">Procuremos mantener el alma de alguna manera entre las manos, bajo la mirada de Dios, para que no obre m\u00e1s que por su Esp\u00edritu y por el movimiento de la gracia.<\/p>\n\n\n\n<h4 class=\"wp-block-heading has-text-align-left has-vivid-purple-color has-text-color has-link-color wp-elements-a77aba329315af5c37d1ef3d7a73d551\"><br><strong><em>Difuntos: <\/em><\/strong><\/h4>\n\n\n\n<p class=\"has-text-align-left\">1963: Germain Antoine Poupon<br>2005: Maurice Plourde (Mathieu)<br>2007: Gerard Brodeur (Gerard Marie)<\/p>\n\n\n\n<p class=\"has-vivid-green-cyan-background-color has-background\"><\/p>\n","protected":false},"excerpt":{"rendered":"<p>1973 &#8211; Bendici\u00f3n de la Casa Generalicia en Roma. Oraci\u00f3n Se\u00f1or Jes\u00fas, al comenzar el d\u00eda,te ofrecemos nuestra vida entera.Que el amor fraterno reine entre todoslos que formamos comunidad.Que cada uno se sienta felizcon la alegr\u00eda de los dem\u00e1s,y sufra con sus penas.Que todos nos prestemos ayuda mutuapara ir a Dios y realizar su obra &hellip; <a href=\"https:\/\/menesianosoy.org\/index.php\/2024\/06\/08\/10o-domingo-durante-el-ano-2\/\" class=\"more-link\">Continue reading<span class=\"screen-reader-text\"> \u00ab10\u00ba Domingo durante el a\u00f1o\u00bb<\/span><\/a><\/p>\n","protected":false},"author":3,"featured_media":0,"comment_status":"closed","ping_status":"closed","sticky":false,"template":"","format":"standard","meta":{"_acf_changed":false,"footnotes":""},"categories":[3],"tags":[],"class_list":["post-13614","post","type-post","status-publish","format-standard","hentry","category-calendario"],"acf":[],"_links":{"self":[{"href":"https:\/\/menesianosoy.org\/index.php\/wp-json\/wp\/v2\/posts\/13614","targetHints":{"allow":["GET"]}}],"collection":[{"href":"https:\/\/menesianosoy.org\/index.php\/wp-json\/wp\/v2\/posts"}],"about":[{"href":"https:\/\/menesianosoy.org\/index.php\/wp-json\/wp\/v2\/types\/post"}],"author":[{"embeddable":true,"href":"https:\/\/menesianosoy.org\/index.php\/wp-json\/wp\/v2\/users\/3"}],"replies":[{"embeddable":true,"href":"https:\/\/menesianosoy.org\/index.php\/wp-json\/wp\/v2\/comments?post=13614"}],"version-history":[{"count":4,"href":"https:\/\/menesianosoy.org\/index.php\/wp-json\/wp\/v2\/posts\/13614\/revisions"}],"predecessor-version":[{"id":13633,"href":"https:\/\/menesianosoy.org\/index.php\/wp-json\/wp\/v2\/posts\/13614\/revisions\/13633"}],"wp:attachment":[{"href":"https:\/\/menesianosoy.org\/index.php\/wp-json\/wp\/v2\/media?parent=13614"}],"wp:term":[{"taxonomy":"category","embeddable":true,"href":"https:\/\/menesianosoy.org\/index.php\/wp-json\/wp\/v2\/categories?post=13614"},{"taxonomy":"post_tag","embeddable":true,"href":"https:\/\/menesianosoy.org\/index.php\/wp-json\/wp\/v2\/tags?post=13614"}],"curies":[{"name":"wp","href":"https:\/\/api.w.org\/{rel}","templated":true}]}}