{"id":1370,"date":"2023-08-20T12:36:15","date_gmt":"2023-08-20T15:36:15","guid":{"rendered":"https:\/\/menesianosoy.org\/?p=1370"},"modified":"2023-08-24T07:55:25","modified_gmt":"2023-08-24T10:55:25","slug":"san-bartolome","status":"publish","type":"post","link":"https:\/\/menesianosoy.org\/index.php\/2023\/08\/20\/san-bartolome\/","title":{"rendered":"San Bartolom\u00e9"},"content":{"rendered":"\n<p class=\"has-text-align-left has-white-background-color has-background\"><em>Apocalipsis 21, 9-14<br>Salmo 144, 10-13. 17-18<\/em><\/p>\n\n\n\n<h4 class=\"wp-block-heading has-vivid-cyan-blue-color has-text-color\">Evangelio: Juan 1, 45-51<\/h4>\n\n\n\n<p class=\"has-text-align-left\"><strong>Felipe encontr\u00f3 a Natanael y le dijo: Hemos hallado a aquel de quien se habla en la Ley de Mois\u00e9s y en los Profetas: Es Jes\u00fas, el hijo de Jos\u00e9 de Nazaret.<br>Natanael le dijo: \u00bfAcaso puede salir algo bueno de Nazaret?<br>Ven y ver\u00e1s, le dijo Felipe.<br>Al ver llegar a Natanael, Jes\u00fas dijo: \u00c9ste es un verdadero israelita, un hombre sin doblez.<br>\u00bfDe d\u00f3nde me conoces?, le pregunt\u00f3 Natanael.<br>Jes\u00fas le respondi\u00f3: Yo te vi antes que Felipe te llamara, cuando estabas debajo de la higuera.<br>Natanael le respondi\u00f3: Maestro, t\u00fa eres el hijo de Dios, t\u00fa eres el Rey de Israel.<br>Jes\u00fas continu\u00f3: \u00bfPorque te dije: \u00abTe vi debajo de la higuera\u00bb, crees? Ver\u00e1s cosas m\u00e1s grandes todav\u00eda.<br>Y agreg\u00f3: Les aseguro que ver\u00e1n el cielo abierto, y a los \u00e1ngeles de Dios subir y bajar sobre el Hijo del hombre.<\/strong><\/p>\n\n\n\n<figure class=\"wp-block-image size-full\"><img loading=\"lazy\" decoding=\"async\" width=\"500\" height=\"357\" src=\"https:\/\/menesianosoy.org\/wp-content\/uploads\/2023\/08\/descarga-2.jpg\" alt=\"\" class=\"wp-image-1394\" srcset=\"https:\/\/menesianosoy.org\/wp-content\/uploads\/2023\/08\/descarga-2.jpg 500w, https:\/\/menesianosoy.org\/wp-content\/uploads\/2023\/08\/descarga-2-300x214.jpg 300w\" sizes=\"auto, (max-width: 500px) 85vw, 500px\" \/><\/figure>\n\n\n\n<h4 class=\"wp-block-heading has-vivid-cyan-blue-color has-text-color\"><br>Reflexi\u00f3n<\/h4>\n\n\n\n<p class=\"has-text-align-left\">Natanael es llamado Bartolom\u00e9 en los dem\u00e1s Evangelios y siempre aparece muy unido a Felipe. Jes\u00fas hab\u00eda llamado a Felipe, dici\u00e9ndole \u201cs\u00edgueme\u201d y \u00e9l, al encontrar a su amigo Natanael se lo comenta. Natanael sab\u00eda que de Nazaret nunca hab\u00eda salido nada bueno y se lo dice. Pero sigue a su amigo, quiz\u00e1s m\u00e1s por curiosidad, que por convencimiento. <br><br>Jes\u00fas lo sorprende con su comentario y Natanael se da cuenta de que est\u00e1 frente a alguien muy especial. Sus reticencias dejan lugar a una certeza: est\u00e1 frente al esperado, a aqu\u00e9l que deb\u00eda venir y que todos anhelaban que ya apareciera, porque la vida era muy dura para todos y necesitaban respirar un aire de vida nuevo. Natanael se descubre conocido y reconocido por ese hombre especial. Es una experiencia gratificante para \u00e9l, sentir que alguien tan importante lo conoce. Y, por su parte, responde de la misma manera, reconoci\u00e9ndolo. <br><br>\u00a1Qu\u00e9 importante el ser reconocido por los dem\u00e1s! \u00a1El saber que alguien me conoce, me acepta como soy, me quiere sin exigirme ser de otro modo, es una experiencia tan bonita! Es la experiencia que todo cristiano debe tener con Dios: sentirse amado, llamado, abrazado por su amor. Si nunca hemos experimentado esa cercan\u00eda amante del Se\u00f1or, ser\u00e1 dif\u00edcil mantenerse firmes tras sus huellas. Natanael despu\u00e9s de ese d\u00eda y de esa experiencia, no lo dej\u00f3 nunca m\u00e1s y termin\u00f3 su vida entreg\u00e1ndola en el martirio.<\/p>\n\n\n\n<h4 class=\"wp-block-heading has-text-align-left has-vivid-cyan-blue-color has-text-color\"><br>M\u00e1xima<\/h4>\n\n\n\n<p class=\"has-text-align-left\"><strong>Dios me conoce y me ama<\/strong><\/p>\n\n\n\n<h4 class=\"wp-block-heading has-text-align-left has-vivid-cyan-blue-color has-text-color\"><br>Palabras de Juan Mar\u00eda de la Mennais<\/h4>\n\n\n\n<p class=\"has-text-align-left has-pale-cyan-blue-background-color has-background\">Como ha sucedido en todos los tiempos, siempre ha elegido como instrumentos, a los que no eran nada, cuando ha querido realizar grandes cosas, con el fin de que s\u00f3lo su mano sea reconocida. Por eso ha puesto sus ojos sobre nosotros, por eso hemos sido elegidos para establecer en estos desdichados d\u00edas una congregaci\u00f3n que debe rendir a la Iglesia servicios tan importantes y tan numerosos. (Apertura del retiro de 1826)&nbsp;<\/p>\n\n\n\n<h4 class=\"wp-block-heading has-vivid-cyan-blue-color has-text-color\"><br>Canci\u00f3n<\/h4>\n\n\n\n<p class=\"has-text-align-left\">Surge Valent\u00eda &#8211; Colegio Mayor P. Jos\u00e9 Kentenich<\/p>\n\n\n\n<figure class=\"wp-block-embed is-type-video is-provider-youtube wp-block-embed-youtube wp-embed-aspect-16-9 wp-has-aspect-ratio\"><div class=\"wp-block-embed__wrapper\">\n<iframe loading=\"lazy\" title=\"Surge Valent\u00eda-  Colegio Mayor letra\" width=\"1140\" height=\"641\" src=\"https:\/\/www.youtube.com\/embed\/CgWjGbb0iQg?feature=oembed\" frameborder=\"0\" allow=\"accelerometer; autoplay; clipboard-write; encrypted-media; gyroscope; picture-in-picture; web-share\" allowfullscreen><\/iframe>\n<\/div><\/figure>\n\n\n\n<p><strong>SURGE VALENT\u00cdA \u2013 Rodrigo Correa<\/strong><\/p>\n\n\n\n<p>Hoy acepto seguirte,<br>dejar viejas certezas atr\u00e1s,<br>arriesgar mis verdades,<br>abrazar la inquietud, ir m\u00e1s all\u00e1.<br><br>Tus brazos extendidos<br>marcan el horizonte al final;<br>encuentro tu mirada,<br>escapo del temor<br>que me ancla en mi barca.<br><br>Pero dudo y espero<br>que el viento sople menos,<br>que el sol alumbre m\u00e1s.<br><br>Surge valent\u00eda,<br>disipa las dudas de este coraz\u00f3n,<br>que teme al cruzar<br>las fronteras que limitan lo conocido,<br>all\u00e1, mar adentro, sobre el agua caminar.<br><br>En tus huellas mis pasos,<br>en tus manos la fuerza del mar.<br>Como t\u00fa quiero amar las miserias del mundo,<br>Como t\u00fa, a mi debilidad.<br><br>Pero dudo y espero<br>que el viento sople menos,<br>que el sol alumbre m\u00e1s.<br><br>Surge valent\u00eda, disipa las dudas<br>de este coraz\u00f3n que teme al cruzar<br>las fronteras que limitan lo conocido,<br>all\u00e1, mar adentro, sobre el agua caminar.<br><br>Surge valent\u00eda<br>y despunta en m\u00ed tu modo,<br>tus huellas, tus llagas,<br>tu forma de amar,<br>y cuando ya cansado, peligre tropezar.<br><br>Surge valent\u00eda \u2026<\/p>\n\n\n\n<p class=\"has-vivid-cyan-blue-background-color has-background\"><\/p>\n\n\n\n<figure class=\"wp-block-image size-full\"><img decoding=\"async\" src=\"https:\/\/menesianosoy.org\/wp-content\/uploads\/2023\/08\/oracion-y-logo-1.jpg\" alt=\"\" class=\"wp-image-1640\"\/><\/figure>\n","protected":false},"excerpt":{"rendered":"<p>Apocalipsis 21, 9-14Salmo 144, 10-13. 17-18 Evangelio: Juan 1, 45-51 Felipe encontr\u00f3 a Natanael y le dijo: Hemos hallado a aquel de quien se habla en la Ley de Mois\u00e9s y en los Profetas: Es Jes\u00fas, el hijo de Jos\u00e9 de Nazaret.Natanael le dijo: \u00bfAcaso puede salir algo bueno de Nazaret?Ven y ver\u00e1s, le dijo &hellip; <a href=\"https:\/\/menesianosoy.org\/index.php\/2023\/08\/20\/san-bartolome\/\" class=\"more-link\">Continue reading<span class=\"screen-reader-text\"> \u00abSan Bartolom\u00e9\u00bb<\/span><\/a><\/p>\n","protected":false},"author":3,"featured_media":0,"comment_status":"closed","ping_status":"closed","sticky":false,"template":"","format":"standard","meta":{"_acf_changed":false,"footnotes":""},"categories":[9],"tags":[],"class_list":["post-1370","post","type-post","status-publish","format-standard","hentry","category-evangelio"],"acf":[],"_links":{"self":[{"href":"https:\/\/menesianosoy.org\/index.php\/wp-json\/wp\/v2\/posts\/1370","targetHints":{"allow":["GET"]}}],"collection":[{"href":"https:\/\/menesianosoy.org\/index.php\/wp-json\/wp\/v2\/posts"}],"about":[{"href":"https:\/\/menesianosoy.org\/index.php\/wp-json\/wp\/v2\/types\/post"}],"author":[{"embeddable":true,"href":"https:\/\/menesianosoy.org\/index.php\/wp-json\/wp\/v2\/users\/3"}],"replies":[{"embeddable":true,"href":"https:\/\/menesianosoy.org\/index.php\/wp-json\/wp\/v2\/comments?post=1370"}],"version-history":[{"count":20,"href":"https:\/\/menesianosoy.org\/index.php\/wp-json\/wp\/v2\/posts\/1370\/revisions"}],"predecessor-version":[{"id":1642,"href":"https:\/\/menesianosoy.org\/index.php\/wp-json\/wp\/v2\/posts\/1370\/revisions\/1642"}],"wp:attachment":[{"href":"https:\/\/menesianosoy.org\/index.php\/wp-json\/wp\/v2\/media?parent=1370"}],"wp:term":[{"taxonomy":"category","embeddable":true,"href":"https:\/\/menesianosoy.org\/index.php\/wp-json\/wp\/v2\/categories?post=1370"},{"taxonomy":"post_tag","embeddable":true,"href":"https:\/\/menesianosoy.org\/index.php\/wp-json\/wp\/v2\/tags?post=1370"}],"curies":[{"name":"wp","href":"https:\/\/api.w.org\/{rel}","templated":true}]}}