{"id":13804,"date":"2024-06-15T18:13:43","date_gmt":"2024-06-15T21:13:43","guid":{"rendered":"https:\/\/menesianosoy.org\/?p=13804"},"modified":"2024-06-15T18:21:06","modified_gmt":"2024-06-15T21:21:06","slug":"martes-de-la-11a-semana-durante-el-ano-2","status":"publish","type":"post","link":"https:\/\/menesianosoy.org\/index.php\/2024\/06\/15\/martes-de-la-11a-semana-durante-el-ano-2\/","title":{"rendered":"Martes de la 11\u00aa semana durante el a\u00f1o"},"content":{"rendered":"\n<h4 class=\"wp-block-heading has-text-align-left has-vivid-purple-color has-text-color has-link-color wp-elements-5e82b038dc8ab1546c3a8e37b6986319\"><br><em><strong>Oraci\u00f3n:<\/strong><\/em><\/h4>\n\n\n\n<p class=\"has-text-align-left\"><strong><em>Cuidar\u00e9 a mis hermanos,<br>pues con ellos vivo y camino.<br>Ellos me dan aire fresco<br>y con ellos soy menesiano.<br>Preparar\u00e9 con ilusi\u00f3n y mimo,<br>mi regazo para la acogida,<br>mis manos para la compa\u00f1\u00eda,<br>Mis entra\u00f1as para la misericordia.<br>Velar\u00e9 para que no salgan de m\u00ed<br>palabras duras, ni gestos vanidosos.<br>No criticar\u00e9 sus man\u00edas,<br>no trivializar\u00e9 sus problemas,<br>no los encasillar\u00e9 en mis cuadr\u00edculas,<br>no envidiar\u00e9 sus triunfos,<br>ni me alegrar\u00e9 de sus fallos. Am\u00e9n<\/em><\/strong><\/p>\n\n\n\n<h4 class=\"wp-block-heading has-text-align-left has-vivid-purple-color has-text-color has-link-color wp-elements-d7db2ffc8ebbc10abc0b559de040a9b9\"><br><strong><em>Intenciones:<\/em><\/strong><\/h4>\n\n\n\n<ul class=\"wp-block-list\">\n<li>Por la familia menesiana de San Borja.<\/li>\n\n\n\n<li>Por el noviciado de Rimenze (Sud\u00e1n del Sur) y la comunidad de Kupang (Indonesia).<\/li>\n\n\n\n<li>Por la Provincia San Miguel Arc\u00e1ngel (Kenia &#8211; Tanzania)<\/li>\n\n\n\n<li>Por nuestros enfermos, en especial Agust\u00edn.<\/li>\n<\/ul>\n\n\n\n<h4 class=\"wp-block-heading has-text-align-left has-vivid-purple-color has-text-color has-link-color wp-elements-eea5cf250cdd54853466462ba05ea866\"><br><strong><em>Constituciones 15 a:<\/em><\/strong><\/h4>\n\n\n\n<p class=\"has-text-align-left\">Para participar m\u00e1s \u00edntimamente en la pobreza de Cristo, que escogi\u00f3 vivir pobre entre los pobres, y para desprender su coraz\u00f3n de lo que poseen y de lo que son, los Hermanos hacen el voto de pobreza.<\/p>\n\n\n\n<h4 class=\"wp-block-heading has-text-align-left has-vivid-purple-color has-text-color has-link-color wp-elements-a4a9ec0484f028781dea0488ac2e91de\"><br><strong><em>Al H. Andr\u00e9s Labousse, 24 de mayo de 1824:<\/em><\/strong><\/h4>\n\n\n\n<p class=\"has-text-align-left\">\u00bfCu\u00e1ndo ser\u00e1s completamente de Dios? \u00bfPor qu\u00e9 te niegas a ofrecerle los peque\u00f1os sacrificios que te pide?<\/p>\n\n\n\n<h4 class=\"wp-block-heading has-vivid-purple-color has-text-color has-link-color wp-elements-d56c7b2de237b14cd29c1ec180441b3a\"><br><strong><em>Difuntos: <\/em><\/strong><\/h4>\n\n\n\n<p class=\"has-text-align-left\">1976: Mathias Gerbeau (L\u00e9onidas-Joseph)<br>1988: Auguste Bergeron (Archange-Marie)<br>1998: Pierre-Marie Le Cheviller (Gu\u00e9rin-Marie)<br>2008: Jean-Paul Larocque (Gustave-Joseph). <br>2012: Pierre Tousignant<br>2023: <strong>C\u00e9sar Calvo Fern\u00e1ndez.<\/strong> Naci\u00f3 en 1947 en Espinosa de Villagonzalo (Palencia). Falleci\u00f3 en<br>Aguilar de Campo.<\/p>\n","protected":false},"excerpt":{"rendered":"<p>Oraci\u00f3n: Cuidar\u00e9 a mis hermanos,pues con ellos vivo y camino.Ellos me dan aire frescoy con ellos soy menesiano.Preparar\u00e9 con ilusi\u00f3n y mimo,mi regazo para la acogida,mis manos para la compa\u00f1\u00eda,Mis entra\u00f1as para la misericordia.Velar\u00e9 para que no salgan de m\u00edpalabras duras, ni gestos vanidosos.No criticar\u00e9 sus man\u00edas,no trivializar\u00e9 sus problemas,no los encasillar\u00e9 en mis cuadr\u00edculas,no &hellip; <a href=\"https:\/\/menesianosoy.org\/index.php\/2024\/06\/15\/martes-de-la-11a-semana-durante-el-ano-2\/\" class=\"more-link\">Continue reading<span class=\"screen-reader-text\"> \u00abMartes de la 11\u00aa semana durante el a\u00f1o\u00bb<\/span><\/a><\/p>\n","protected":false},"author":3,"featured_media":0,"comment_status":"closed","ping_status":"closed","sticky":false,"template":"","format":"standard","meta":{"_acf_changed":false,"footnotes":""},"categories":[3],"tags":[],"class_list":["post-13804","post","type-post","status-publish","format-standard","hentry","category-calendario"],"acf":[],"_links":{"self":[{"href":"https:\/\/menesianosoy.org\/index.php\/wp-json\/wp\/v2\/posts\/13804","targetHints":{"allow":["GET"]}}],"collection":[{"href":"https:\/\/menesianosoy.org\/index.php\/wp-json\/wp\/v2\/posts"}],"about":[{"href":"https:\/\/menesianosoy.org\/index.php\/wp-json\/wp\/v2\/types\/post"}],"author":[{"embeddable":true,"href":"https:\/\/menesianosoy.org\/index.php\/wp-json\/wp\/v2\/users\/3"}],"replies":[{"embeddable":true,"href":"https:\/\/menesianosoy.org\/index.php\/wp-json\/wp\/v2\/comments?post=13804"}],"version-history":[{"count":3,"href":"https:\/\/menesianosoy.org\/index.php\/wp-json\/wp\/v2\/posts\/13804\/revisions"}],"predecessor-version":[{"id":13809,"href":"https:\/\/menesianosoy.org\/index.php\/wp-json\/wp\/v2\/posts\/13804\/revisions\/13809"}],"wp:attachment":[{"href":"https:\/\/menesianosoy.org\/index.php\/wp-json\/wp\/v2\/media?parent=13804"}],"wp:term":[{"taxonomy":"category","embeddable":true,"href":"https:\/\/menesianosoy.org\/index.php\/wp-json\/wp\/v2\/categories?post=13804"},{"taxonomy":"post_tag","embeddable":true,"href":"https:\/\/menesianosoy.org\/index.php\/wp-json\/wp\/v2\/tags?post=13804"}],"curies":[{"name":"wp","href":"https:\/\/api.w.org\/{rel}","templated":true}]}}