{"id":13940,"date":"2024-06-21T18:18:24","date_gmt":"2024-06-21T21:18:24","guid":{"rendered":"https:\/\/menesianosoy.org\/?p=13940"},"modified":"2024-06-21T18:29:50","modified_gmt":"2024-06-21T21:29:50","slug":"12-domingo-durante-el-ano-2","status":"publish","type":"post","link":"https:\/\/menesianosoy.org\/index.php\/2024\/06\/21\/12-domingo-durante-el-ano-2\/","title":{"rendered":"12\u00b0 Domingo durante el a\u00f1o"},"content":{"rendered":"\n<h4 class=\"wp-block-heading has-text-align-left has-vivid-purple-color has-text-color has-link-color wp-elements-ee387d0d5662abedfabb7986a324d730\"><br><strong><em>Oraci\u00f3n:<\/em><\/strong><\/h4>\n\n\n\n<p class=\"has-text-align-left\"><strong><em>Se\u00f1or Jes\u00fas, al comenzar el d\u00eda,<br>te ofrecemos nuestra vida entera.<br>Que el amor fraterno reine entre todos<br>los que formamos comunidad.<br>Que cada uno se sienta feliz<br>con la alegr\u00eda de los dem\u00e1s,<br>y sufra con sus penas.<br>Que todos nos prestemos ayuda mutua<br>para ir a Dios y realizar su obra cada d\u00eda.<br>Que no existan jam\u00e1s entre nosotros<br>ni contiendas ni rivalidades,<br>ni secretas envidias, ni palabras duras.<br>Aparta de nosotros, Se\u00f1or, todo lo que hiere,<br>todo lo que divide,<br>todo lo que altera la caridad.<br>Haz, Se\u00f1or, que hoy y siempre<br>intentemos ayudarnos<br>unos a otros a ser santos.<br>Que todos vivamos hoy con dulzura,<br>paciencia, humildad<br>y fidelidad a tu Palabra.<br>(Regla de 1835)<\/em><\/strong><\/p>\n\n\n\n<h4 class=\"wp-block-heading has-text-align-left has-vivid-purple-color has-text-color has-link-color wp-elements-d7db2ffc8ebbc10abc0b559de040a9b9\"><br><strong><em>Intenciones:<\/em><\/strong><\/h4>\n\n\n\n<ul class=\"wp-block-list\">\n<li>Por la familia menesiana del Centro Educacional de Culipr\u00e1n.<\/li>\n\n\n\n<li>Por la comunidad de Zamora (Espa\u00f1a) y la de San Romualdo (Canad\u00e1)<\/li>\n\n\n\n<li>Por el Distrito San Francisco Javier (Indonesia, Jap\u00f3n, Filipinas)<\/li>\n\n\n\n<li>Por las vocaciones religiosas, sacerdotales y de laicos en la Iglesia<\/li>\n<\/ul>\n\n\n\n<h4 class=\"wp-block-heading has-text-align-left has-vivid-purple-color has-text-color has-link-color wp-elements-0fbfc3172b21482fd9a8107ecc675301\"><br><strong><em>Constituciones 18:<\/em><\/strong><\/h4>\n\n\n\n<p class=\"has-text-align-left\">Los que no hacen esta renuncia conservan la mera propiedad de su patrimonio y la capacidad de adquirir otros bienes por herencia o donaci\u00f3n; pero deben ceder la administraci\u00f3n, el usufructo y el uso de sus bienes a quien lo deseen, incluso a su Instituto si lo prefieren. Esta cesi\u00f3n debe hacerse por escrito antes de la primera profesi\u00f3n si tienen ya bienes, o cuando los adquieran.<\/p>\n\n\n\n<h4 class=\"wp-block-heading has-text-align-left has-vivid-purple-color has-text-color has-link-color wp-elements-a6677c18516b917122a0788b64fbde10\"><br><strong><em>Al padre \u00c9vain, 29 de mayo de 1842:<\/em><\/strong><\/h4>\n\n\n\n<p class=\"has-text-align-left\">Recomiende a menudo a los Hermanos que est\u00e9n en guardia contra los prejuicios que a veces se apoderan de la mente, sin que nos demos cuenta y contra la celosa desconfianza que perturba la paz, amarga el esp\u00edritu y rompe la uni\u00f3n de los corazones, uni\u00f3n tan necesaria, uni\u00f3n tan preciosa.<\/p>\n\n\n\n<h4 class=\"wp-block-heading has-text-align-left has-vivid-purple-color has-text-color has-link-color wp-elements-a77aba329315af5c37d1ef3d7a73d551\"><br><strong><em>Difuntos: <\/em><\/strong><\/h4>\n\n\n\n<p class=\"has-text-align-left\">1990: Ulysse Saint-Martin (Jules-Joseph)<br>1994: Alexandre Desrochers (Marc-Alexandre)<br>2003: Joseph Milot (Simon-Marie)<br>2004: Mathieu Kerou\u00e9dan (Corentin-Pierre)<br>2006: Lionel Morneau (Omer-Marie)<br>2019: Juan Guimard (Barth\u00e9l\u00e9my-Joseph). Naci\u00f3 en 1925 en S\u00e9rent (Francia). Muri\u00f3 en Palencia.<\/p>\n","protected":false},"excerpt":{"rendered":"<p>Oraci\u00f3n: Se\u00f1or Jes\u00fas, al comenzar el d\u00eda,te ofrecemos nuestra vida entera.Que el amor fraterno reine entre todoslos que formamos comunidad.Que cada uno se sienta felizcon la alegr\u00eda de los dem\u00e1s,y sufra con sus penas.Que todos nos prestemos ayuda mutuapara ir a Dios y realizar su obra cada d\u00eda.Que no existan jam\u00e1s entre nosotrosni contiendas ni &hellip; <a href=\"https:\/\/menesianosoy.org\/index.php\/2024\/06\/21\/12-domingo-durante-el-ano-2\/\" class=\"more-link\">Continue reading<span class=\"screen-reader-text\"> \u00ab12\u00b0 Domingo durante el a\u00f1o\u00bb<\/span><\/a><\/p>\n","protected":false},"author":3,"featured_media":0,"comment_status":"closed","ping_status":"closed","sticky":false,"template":"","format":"standard","meta":{"_acf_changed":false,"footnotes":""},"categories":[3],"tags":[],"class_list":["post-13940","post","type-post","status-publish","format-standard","hentry","category-calendario"],"acf":[],"_links":{"self":[{"href":"https:\/\/menesianosoy.org\/index.php\/wp-json\/wp\/v2\/posts\/13940","targetHints":{"allow":["GET"]}}],"collection":[{"href":"https:\/\/menesianosoy.org\/index.php\/wp-json\/wp\/v2\/posts"}],"about":[{"href":"https:\/\/menesianosoy.org\/index.php\/wp-json\/wp\/v2\/types\/post"}],"author":[{"embeddable":true,"href":"https:\/\/menesianosoy.org\/index.php\/wp-json\/wp\/v2\/users\/3"}],"replies":[{"embeddable":true,"href":"https:\/\/menesianosoy.org\/index.php\/wp-json\/wp\/v2\/comments?post=13940"}],"version-history":[{"count":2,"href":"https:\/\/menesianosoy.org\/index.php\/wp-json\/wp\/v2\/posts\/13940\/revisions"}],"predecessor-version":[{"id":13944,"href":"https:\/\/menesianosoy.org\/index.php\/wp-json\/wp\/v2\/posts\/13940\/revisions\/13944"}],"wp:attachment":[{"href":"https:\/\/menesianosoy.org\/index.php\/wp-json\/wp\/v2\/media?parent=13940"}],"wp:term":[{"taxonomy":"category","embeddable":true,"href":"https:\/\/menesianosoy.org\/index.php\/wp-json\/wp\/v2\/categories?post=13940"},{"taxonomy":"post_tag","embeddable":true,"href":"https:\/\/menesianosoy.org\/index.php\/wp-json\/wp\/v2\/tags?post=13940"}],"curies":[{"name":"wp","href":"https:\/\/api.w.org\/{rel}","templated":true}]}}