{"id":14246,"date":"2024-07-05T16:05:04","date_gmt":"2024-07-05T19:05:04","guid":{"rendered":"https:\/\/menesianosoy.org\/?p=14246"},"modified":"2024-07-06T08:56:51","modified_gmt":"2024-07-06T11:56:51","slug":"santificacion","status":"publish","type":"post","link":"https:\/\/menesianosoy.org\/index.php\/2024\/07\/05\/santificacion\/","title":{"rendered":"Santificaci\u00f3n"},"content":{"rendered":"\n<p class=\"has-text-align-left has-black-color has-text-color has-link-color wp-elements-ef773c44695d6cffa5df4677a794c737\">\u00a1Ojal\u00e1 no lo olviden! Su obra es bella, santa, porque tiene por objeto hacer no sabios sino santos. Su ministerio es sublime, divino, porque no se proponen \u00fanicamente dar a los ni\u00f1os que les son confiados los cuidados relativos a los intereses de la tierra, sino que son llamados a hacer de estos ni\u00f1os disc\u00edpulos de Jesucristo, herederos de su reino y de su gloria. (A. 305)<\/p>\n\n\n\n<h4 class=\"wp-block-heading has-text-align-left has-vivid-red-color has-text-color has-link-color wp-elements-cc78d6442d0ddb215b7f2c04a69f0716\"><br><strong>OFRECIMIENTO<\/strong><\/h4>\n\n\n\n<p class=\"has-text-align-left\"><strong><em>Jes\u00fas, t\u00fa has dicho: <br>dejen que los ni\u00f1os se acerquen a m\u00ed.<br>T\u00fa me has inspirado el deseo de dedicar mi vida<br>a los ni\u00f1os y j\u00f3venes para llevarlos a ti.<br>D\u00edgnate bendecir mi vocaci\u00f3n,<br>as\u00edsteme en todos mis trabajos de hoy.<br>Derrama sobre m\u00ed,<br>sobre todos mis hermanos<br>y sobre los que trabajamos en esta obra educativa,<br>el Esp\u00edritu de fuerza, de caridad y de humildad,<br>para que nada nos aparte de tu servicio.<br>Haz que hoy cumpla con celo el ministerio educativo<br>al que me has consagrado.<br>Hazme perseverar hasta el fin<br>para alcanzar as\u00ed la salvaci\u00f3n <br>que nos has prometido. Am\u00e9n.<\/em><\/strong><\/p>\n\n\n\n<h4 class=\"wp-block-heading has-text-align-left has-vivid-red-color has-text-color has-link-color wp-elements-b2dff2ff018bdc81199da83a110b2682\"><br><strong>HIMNO<\/strong><\/h4>\n\n\n\n<figure class=\"wp-block-embed is-type-video is-provider-youtube wp-block-embed-youtube wp-embed-aspect-4-3 wp-has-aspect-ratio\"><div class=\"wp-block-embed__wrapper\">\n<iframe loading=\"lazy\" title=\"Todos somos menesianos\" width=\"1140\" height=\"855\" src=\"https:\/\/www.youtube.com\/embed\/cW-5J-pEdeY?feature=oembed\" frameborder=\"0\" allow=\"accelerometer; autoplay; clipboard-write; encrypted-media; gyroscope; picture-in-picture; web-share\" referrerpolicy=\"strict-origin-when-cross-origin\" allowfullscreen><\/iframe>\n<\/div><\/figure>\n\n\n\n<p class=\"has-text-align-left\">Herederos del carisma<br>que ha dejado Juan Mar\u00eda,<br>vivirlo es el desaf\u00edo,<br>en la escuela cada d\u00eda.<br><br>Una escuela que sea Templo,<br>Hospital, Casa de Pan,<br>cual Taller para la vida,<br>Frontera, calor de Hogar.<br><br><em>Con el lema de Dios Solo<\/em><br><em>y sinti\u00e9ndonos hermanos,<\/em><br><em>compartamos la tarea:<\/em><br><em>\u00a1Todos somos menesianos!<\/em><br><br>Dar a conocer a Cristo<br>con el ejemplo en la aulas;<br>y ser luz entre los hombres<br>predicando con el alma.<br><br>De los j\u00f3venes y ni\u00f1os,<br>como \u00e1ngeles custodios<br>velando por su futuro,<br>enlazando fe y estudio.<\/p>\n\n\n\n<h4 class=\"wp-block-heading has-vivid-red-color has-text-color has-link-color wp-elements-b669255451bdb6f32c479bb7d9532771\"><br><strong>SALMODIA<\/strong><\/h4>\n\n\n\n<p class=\"has-text-align-left\">Ant\u00edfona 1<br><em>No te consideres como un instructor profano, sino como un misionero encargado de establecer el reino de Dios en las almas.<\/em><\/p>\n\n\n\n<p class=\"has-text-align-left\"><em><strong>Salmo 24<\/strong><br><strong>Oraci\u00f3n por todas clases de necesidades<\/strong><\/em><\/p>\n\n\n\n<p class=\"has-text-align-left\">A ti, Se\u00f1or, levanto mi alma;&nbsp;<br>Dios m\u00edo, en ti conf\u00edo&nbsp;<br>no quede yo defraudado,&nbsp;<br>que no triunfen de m\u00ed mis enemigos,&nbsp;<br>pues los que esperan en ti no quedan defraudados,&nbsp;<br>mientras que el fracaso malogra a los traidores.&nbsp;<br><br>Se\u00f1or, ens\u00e9\u00f1ame tus caminos,&nbsp;<br>instr\u00fayeme en tus sendas:&nbsp;<br>haz que camine con lealtad;&nbsp;<br>ens\u00e9\u00f1ame, porque t\u00fa eres mi Dios y Salvador,&nbsp;<br>y todo el d\u00eda te estoy esperando.&nbsp;<br><br>Recuerda, Se\u00f1or, que tu ternura&nbsp;<br>y tu misericordia son eternas;&nbsp;<br>no te acuerdes de los pecados&nbsp;<br>ni de las maldades de mi juventud;&nbsp;<br>acu\u00e9rdate de m\u00ed con misericordia,&nbsp;<br>por tu bondad, Se\u00f1or.&nbsp;<br><br>El Se\u00f1or es bueno y es recto,&nbsp;<br>y ense\u00f1a el camino a los pecadores;&nbsp;<br>hace caminar a los humildes con rectitud,&nbsp;<br>ense\u00f1a su camino a los humildes.&nbsp;<br><br>Las sendas del Se\u00f1or son misericordia y lealtad&nbsp;<br>para los que guardan su alianza y sus mandatos.&nbsp;<br>Por el honor de tu nombre, Se\u00f1or,&nbsp;<br>perdona mis culpas, que son muchas.&nbsp;<br><br>\u00bfHay alguien que tema al Se\u00f1or?<br>\u00c9l le ense\u00f1ar\u00e1 el camino escogido:&nbsp;<br>su alma vivir\u00e1 feliz,&nbsp;<br>su descendencia poseer\u00e1 la tierra.&nbsp;<br><br>El Se\u00f1or se conf\u00eda con sus fieles,&nbsp;<br>y les da a conocer su alianza.&nbsp;<br>Tengo los ojos puestos en el Se\u00f1or,&nbsp;<br>porque El saca mis pies de la red.&nbsp;<br><br>M\u00edrame, oh Dios, y ten piedad de m\u00ed,&nbsp;<br>que estoy solo y afligido.&nbsp;<br>Ensancha mi coraz\u00f3n oprimido&nbsp;<br>y s\u00e1came de mis tribulaciones.&nbsp;<br><br>Mira mis trabajos y mis penas&nbsp;<br>y perdona todos mis pecados;&nbsp;<br>mira cu\u00e1ntos son mis enemigos,&nbsp;<br>que me detestan con odio cruel.&nbsp;<br><br>Guarda mi vida y l\u00edbrame,&nbsp;<br>no quede yo defraudado de haber acudido a ti.&nbsp;<br>La inocencia y la rectitud me proteger\u00e1n,&nbsp;<br>porque espero en ti.&nbsp;<br><br>Salva, oh Dios, a Israel&nbsp;<br>de todos sus peligros.<\/p>\n\n\n\n<p>Gloria al Padre, y al Hijo, y al Esp\u00edritu Santo.<br>Como era en el principio, ahora y siempre, por los siglos de los siglos. Am\u00e9n.<\/p>\n\n\n\n<p class=\"has-text-align-left\">Ant\u00edfona 1<br><em>No te consideres como un instructor profano, sino como un misionero encargado de establecer el reino de Dios en las almas.<\/em><\/p>\n\n\n\n<p class=\"has-text-align-left\"><br>Ant\u00edfona 2<br><em>Establecer el reino en las almas es tu vocaci\u00f3n, y ser\u00e1 haciendo santos como te santificar\u00e1s t\u00fa mismo.<\/em><\/p>\n\n\n\n<p class=\"has-text-align-left\"><em><strong>El amor de Dios por Israel<\/strong><br><strong>C\u00e1ntico de Os 11<\/strong><\/em><\/p>\n\n\n\n<p class=\"has-text-align-left\">Cuando Israel era ni\u00f1o, yo lo am\u00e9,<br>y de Egipto llam\u00e9 a mi hijo.<br>Pero cuanto m\u00e1s los llamaba,<br>m\u00e1s se alejaban de m\u00ed;<br>ofrec\u00edan sacrificios a los Baales y<br>quemaban incienso a los \u00eddolos.<br>\u00a1Y yo hab\u00eda ense\u00f1ado a caminar a Efra\u00edm,<br>lo tomaba por los brazos!<br><br>Pero ellos no reconocieron que yo los cuidaba.<br>Yo los atra\u00eda con lazos humanos,<br>con ataduras de amor;<br>era para ellos como los que alzan<br>a una criatura contra sus mejillas,<br>me inclinaba hacia \u00e9l y le daba de comer.<br><br>\u00bfC\u00f3mo voy a abandonarte, Efra\u00edm?<br>\u00bfC\u00f3mo voy a entregarte, Israel?<br>\u00bfC\u00f3mo voy a tratarte como a Adm\u00e1 o<br>a dejarte igual que Sebo\u00edm?<br><br>Mi coraz\u00f3n se subleva contra m\u00ed y<br>se enciende toda mi ternura:<br>no dar\u00e9 libre curso al ardor de mi ira,<br>no destruir\u00e9 otra vez a Efra\u00edm.<br><br>Porque yo soy Dios, no un hombre:<br>soy el Santo en medio de ti,<br>y no vendr\u00e9 con furor.<br><br>Ellos ir\u00e1n detr\u00e1s del Se\u00f1or;<br>\u00e9l rugir\u00e1 como un le\u00f3n,<br>y cuando se ponga a rugir,<br>sus hijos vendr\u00e1n temblando del Occidente.<br><br>Vendr\u00e1n temblando desde Egipto como un p\u00e1jaro,<br>y como una paloma, desde el pa\u00eds de Asiria;<br>y yo los har\u00e9 habitar en sus casas \u2013or\u00e1culo del Se\u00f1or\u2013.<br><br>Gloria al Padre, y al Hijo, y al Esp\u00edritu Santo.<br>Como era en el principio, ahora y siempre, por los siglos de los siglos. Am\u00e9n.<\/p>\n\n\n\n<p class=\"has-text-align-left\">Ant\u00edfona 2<br><em>Establecer el reino en las almas es tu vocaci\u00f3n, y ser\u00e1 haciendo santos como te santificar\u00e1s t\u00fa mismo.<\/em><\/p>\n\n\n\n<h4 class=\"wp-block-heading has-text-align-left has-vivid-red-color has-text-color has-link-color wp-elements-2cb2ff7eb3dec2801b51b1010b8c2d4a\"><br><strong>PALABRAS DE JUAN MAR\u00cdA<\/strong><\/h4>\n\n\n\n<p class=\"has-text-align-left\"><img decoding=\"async\" class=\"wp-image-4140\" style=\"width: 150px;\" src=\"https:\/\/menesianosoy.org\/wp-content\/uploads\/2023\/09\/Juanma.jpg\" alt=\"\"><br><em>Hijos m\u00edos, comprendan mejor la importancia de sus funciones, la santidad de su estado, la naturaleza, la grandeza y la amplitud de sus deberes para con la Iglesia y sus miembros. Bajo este aspecto, puedo compararlos a los sacerdotes. Nosotros no somos sacerdotes para nosotros mismos, ustedes no son Hermanos para ustedes. Un religioso que se retira en la clausura para vivir all\u00ed en la soledad, puede permanecer o salir sin que resulte un bien o un mal m\u00e1s que para \u00e9l. Pero la salvaci\u00f3n de un Hermano va unida a la salvaci\u00f3n de los dem\u00e1s. Cuando el \u00faltimo d\u00eda estemos delante del tribunal supremo \u00bfcu\u00e1les ser\u00e1n nuestras excusas si vemos caer en el infierno a una sola alma que hubi\u00e9ramos podido preservar por medio de nuestros cuidados caritativos y por medio de nuestro celo? \u00bfQu\u00e9 responderemos?(Apertura de un retiro 1840 \u2013La vocaci\u00f3n)<\/em><\/p>\n\n\n\n<h4 class=\"wp-block-heading has-text-align-left has-vivid-red-color has-text-color has-link-color wp-elements-ff437a2c541f883465836446eaca1f12\"><br><strong>C\u00c1NTICO DE ZACAR\u00cdAS <\/strong><\/h4>\n\n\n\n<p class=\"has-text-align-left\">Ant\u00edfona<br><em>Tienes una hermosa misi\u00f3n, y bendigo a Dios por hab\u00e9rtela dado, porque, trabajando en la santificaci\u00f3n de los ni\u00f1os que te han sido confiados, trabajas en tu propia santificaci\u00f3n.<\/em><\/p>\n\n\n\n<figure class=\"wp-block-embed is-type-video is-provider-youtube wp-block-embed-youtube wp-embed-aspect-4-3 wp-has-aspect-ratio\"><div class=\"wp-block-embed__wrapper\">\n<iframe loading=\"lazy\" title=\"Lucas 1: Benedictus\" width=\"1140\" height=\"855\" src=\"https:\/\/www.youtube.com\/embed\/fL5THwl0UmE?feature=oembed\" frameborder=\"0\" allow=\"accelerometer; autoplay; clipboard-write; encrypted-media; gyroscope; picture-in-picture; web-share\" referrerpolicy=\"strict-origin-when-cross-origin\" allowfullscreen><\/iframe>\n<\/div><\/figure>\n\n\n\n<p class=\"has-text-align-left\">Bendito sea el Se\u00f1or, el Dios de Israel,<br>porque ha visitado a su pueblo<br>con su salvaci\u00f3n.<br><br>Dios ha suscitado una fuerza de salvaci\u00f3n<br>en la casa de su siervo David,<br>seg\u00fan lo hab\u00eda dicho en tiempos antiguos<br>por medio de los profetas,<br>profetas que hablaban por \u00e9l.<br><br>De los enemigos nuestro Dios nos rescatar\u00e1<br>y de aquellos que nos odian tambi\u00e9n.<br>Recordar\u00e1 su alianza y sus juramentos<br>ser\u00e1 fiel a sus promesas,<br>promesas que le hizo a Abraham.<br><br>Dios va a concedernos que, libres y sin temor,<br>y arrancados de los que hacen mal,<br>unidos en su Reino le estemos sirviendo,<br>con santidad y justicia,<br>por siglos y siglos sin fin.<br><br>A ti ni\u00f1o te llamar\u00e1n profeta del Se\u00f1or,<br>porque preparar\u00e1s sus caminos,<br>pregonando la paz y el perd\u00f3n.<br><br>En su misericordia nuestro Dios nos visitar\u00e1<br>como sol que nos ilumina,<br>gui\u00e1ndonos por senderos de paz.<br><br>Gloria al Padre Eterno, gloria al Dios Hijo Jes\u00fas,<br>gloria al Esp\u00edritu Santo, por los siglos y siglos sin fin.<\/p>\n\n\n\n<p class=\"has-text-align-left\"><br>Ant\u00edfona<br><em>Tienes una hermosa misi\u00f3n, y bendigo a Dios por hab\u00e9rtela dado, porque, trabajando en la santificaci\u00f3n de los ni\u00f1os que te han sido confiados, trabajas en tu propia santificaci\u00f3n.<\/em><\/p>\n\n\n\n<h4 class=\"wp-block-heading has-text-align-left has-vivid-red-color has-text-color has-link-color wp-elements-2349e3b0875642a836af1fada0779cdc\"><br><strong>PRECES<\/strong><\/h4>\n\n\n\n<p class=\"has-text-align-left\">A cada intenci\u00f3n respondemos:<\/p>\n\n\n\n<p class=\"has-text-align-left\"><strong>Se\u00f1or, haciendo santos seremos santos<\/strong><\/p>\n\n\n\n<p class=\"has-text-align-left\">-. Que nuestra misi\u00f3n educativa no pierda nunca a Jesucristo como raz\u00f3n de ser.<\/p>\n\n\n\n<p class=\"has-text-align-left\">-. Que eduquemos a los ni\u00f1os y j\u00f3venes como Jesucristo lo har\u00eda, con cari\u00f1o y firmeza.<\/p>\n\n\n\n<p class=\"has-text-align-left\">-. Que siempre busquemos, con ocasi\u00f3n o sin ella, dar testimonio de Jesucristo en la misi\u00f3n educativa.<\/p>\n\n\n\n<p class=\"has-text-align-left\">-. Que como Familia Menesiana hagamos de los centros educativos plataformas de anuncio de la Buena Noticia del Reino.<\/p>\n\n\n\n<p class=\"has-text-align-left\">-. Que nuestra educaci\u00f3n predisponga a los estudiantes para que el Esp\u00edritu pueda moldear en ellos la imagen de Jesucristo y vivan sus actitudes.<\/p>\n\n\n\n<h4 class=\"wp-block-heading has-text-align-left has-vivid-red-color has-text-color has-link-color wp-elements-c588dd1899926ffed9ac638782b18f9c\"><br><strong>PADRE NUESTRO<\/strong><\/h4>\n\n\n\n<h4 class=\"wp-block-heading has-text-align-left has-vivid-red-color has-text-color has-link-color wp-elements-6060ddbf41f6599a0a8289353dc65e2e\"><br><strong>ORACI\u00d3N FINAL<\/strong><\/h4>\n\n\n\n<p class=\"has-text-align-left\">Se\u00f1or Jes\u00fas, te damos gracias por la sublime vocaci\u00f3n que nos has regalado. Danos tu Esp\u00edritu para que pasemos por el mundo haciendo el bien que t\u00fa mismo hiciste y que nuestra educaci\u00f3n evangelice hoy a todos y nos ocupemos m\u00e1s de hacer santos que sabios. Por Jesucristo nuestro Se\u00f1or, que vive y reina en unidad con el Esp\u00edritu Santo, por los siglos de los siglos. Am\u00e9n.<\/p>\n","protected":false},"excerpt":{"rendered":"<p>\u00a1Ojal\u00e1 no lo olviden! Su obra es bella, santa, porque tiene por objeto hacer no sabios sino santos. Su ministerio es sublime, divino, porque no se proponen \u00fanicamente dar a los ni\u00f1os que les son confiados los cuidados relativos a los intereses de la tierra, sino que son llamados a hacer de estos ni\u00f1os disc\u00edpulos &hellip; <a href=\"https:\/\/menesianosoy.org\/index.php\/2024\/07\/05\/santificacion\/\" class=\"more-link\">Continue reading<span class=\"screen-reader-text\"> \u00abSantificaci\u00f3n\u00bb<\/span><\/a><\/p>\n","protected":false},"author":3,"featured_media":14257,"comment_status":"closed","ping_status":"closed","sticky":false,"template":"","format":"standard","meta":{"_acf_changed":false,"footnotes":""},"categories":[15],"tags":[],"class_list":["post-14246","post","type-post","status-publish","format-standard","has-post-thumbnail","hentry","category-laudes"],"acf":[],"_links":{"self":[{"href":"https:\/\/menesianosoy.org\/index.php\/wp-json\/wp\/v2\/posts\/14246","targetHints":{"allow":["GET"]}}],"collection":[{"href":"https:\/\/menesianosoy.org\/index.php\/wp-json\/wp\/v2\/posts"}],"about":[{"href":"https:\/\/menesianosoy.org\/index.php\/wp-json\/wp\/v2\/types\/post"}],"author":[{"embeddable":true,"href":"https:\/\/menesianosoy.org\/index.php\/wp-json\/wp\/v2\/users\/3"}],"replies":[{"embeddable":true,"href":"https:\/\/menesianosoy.org\/index.php\/wp-json\/wp\/v2\/comments?post=14246"}],"version-history":[{"count":9,"href":"https:\/\/menesianosoy.org\/index.php\/wp-json\/wp\/v2\/posts\/14246\/revisions"}],"predecessor-version":[{"id":14272,"href":"https:\/\/menesianosoy.org\/index.php\/wp-json\/wp\/v2\/posts\/14246\/revisions\/14272"}],"wp:featuredmedia":[{"embeddable":true,"href":"https:\/\/menesianosoy.org\/index.php\/wp-json\/wp\/v2\/media\/14257"}],"wp:attachment":[{"href":"https:\/\/menesianosoy.org\/index.php\/wp-json\/wp\/v2\/media?parent=14246"}],"wp:term":[{"taxonomy":"category","embeddable":true,"href":"https:\/\/menesianosoy.org\/index.php\/wp-json\/wp\/v2\/categories?post=14246"},{"taxonomy":"post_tag","embeddable":true,"href":"https:\/\/menesianosoy.org\/index.php\/wp-json\/wp\/v2\/tags?post=14246"}],"curies":[{"name":"wp","href":"https:\/\/api.w.org\/{rel}","templated":true}]}}