{"id":14330,"date":"2024-07-07T16:24:51","date_gmt":"2024-07-07T19:24:51","guid":{"rendered":"https:\/\/menesianosoy.org\/?p=14330"},"modified":"2024-07-07T17:22:03","modified_gmt":"2024-07-07T20:22:03","slug":"virgen-de-itati-santa-amabile-wisenteiner","status":"publish","type":"post","link":"https:\/\/menesianosoy.org\/index.php\/2024\/07\/07\/virgen-de-itati-santa-amabile-wisenteiner\/","title":{"rendered":"Virgen de Itat\u00ed \u2013 Santa Amabile Wisenteiner"},"content":{"rendered":"\n<figure class=\"wp-block-image size-full\"><img loading=\"lazy\" decoding=\"async\" width=\"300\" height=\"400\" src=\"https:\/\/menesianosoy.org\/wp-content\/uploads\/2024\/07\/Virgen_de_itati_3.jpg\" alt=\"\" class=\"wp-image-14333\" srcset=\"https:\/\/menesianosoy.org\/wp-content\/uploads\/2024\/07\/Virgen_de_itati_3.jpg 300w, https:\/\/menesianosoy.org\/wp-content\/uploads\/2024\/07\/Virgen_de_itati_3-225x300.jpg 225w\" sizes=\"auto, (max-width: 300px) 85vw, 300px\" \/><\/figure>\n\n\n\n<h4 class=\"wp-block-heading has-text-align-left has-luminous-vivid-orange-color has-text-color has-link-color wp-elements-e4bd5569b5946f9af8d2f5f34d43a771\"><br><strong><em>Lecturas de la feria:<\/em><\/strong><\/h4>\n\n\n\n<p class=\"has-text-align-left\"><strong><em>Oseas 8, 4-7. 11-13<br>Salmo 115, 3-10<\/em><\/strong><\/p>\n\n\n\n<h4 class=\"wp-block-heading has-text-align-left has-vivid-cyan-blue-color has-text-color has-link-color wp-elements-63745e51f3beb9bd2205b5e5501901e7\"><br><strong>Evangelio: Mateo 9, 32-38<\/strong><\/h4>\n\n\n\n<p class=\"has-text-align-left\"><strong><em>Le presentaron a Jes\u00fas un mudo que estaba endemoniado.<br>El demonio fue expulsado y el mudo comenz\u00f3 a hablar.<br>La multitud, admirada, comentaba: Jam\u00e1s se vio nada igual en Israel.<br>Pero los fariseos dec\u00edan: \u00c9l expulsa a los demonios por obra del Pr\u00edncipe de los demonios.<br>Jes\u00fas recorr\u00eda todas las ciudades y los pueblos, ense\u00f1ando en las sinagogas, proclamando la Buena Noticia del Reino y curando todas las enfermedades y dolencias.<br>Al ver a la multitud, tuvo compasi\u00f3n, porque estaban fatigados y abatidos, como ovejas que no tienen pastor.<br>Entonces dijo a sus disc\u00edpulos:<br>La cosecha es abundante, pero los trabajadores son pocos. Rueguen al due\u00f1o de los sembrados que env\u00ede trabajadores para la cosecha.<\/em><\/strong><\/p>\n\n\n\n<figure class=\"wp-block-image size-full\"><img loading=\"lazy\" decoding=\"async\" width=\"448\" height=\"309\" src=\"https:\/\/menesianosoy.org\/wp-content\/uploads\/2024\/07\/La-mies-es-mucha.jpg\" alt=\"\" class=\"wp-image-14346\" srcset=\"https:\/\/menesianosoy.org\/wp-content\/uploads\/2024\/07\/La-mies-es-mucha.jpg 448w, https:\/\/menesianosoy.org\/wp-content\/uploads\/2024\/07\/La-mies-es-mucha-300x207.jpg 300w\" sizes=\"auto, (max-width: 448px) 85vw, 448px\" \/><\/figure>\n\n\n\n<p class=\"has-text-align-left\">Despu\u00e9s de que expuls\u00f3 al demonio el mudo comenz\u00f3 a hablar . As\u00ed sucede con nuestra alma: aspira dones espirituales muy elevados y nosotros la tenemos callada con un demonio que le impide hablar todas las cosas buenas de Dios. Este demonio seguramente es nuestro orgullo y soberbia que nos mantiene tan irreconciliables con Dios como lo pudiesen estar la noche y el d\u00eda al mismo tiempo. Sin embargo, para superar estos obst\u00e1culos que nos impiden ser santos s\u00f3lo nos queda la esperanza de ser curados por Cristo. S\u00f3lo con su presencia permitiremos dejar hablar a nuestra alma todas esas palabras bellas que quiere transmitir de Dios, del perd\u00f3n, del consuelo, del amor, de la paz.<br><br>Hoy d\u00eda Cristo no se olvida de nosotros. \u00c9l desea seguir curando enfermos y expulsando demonios, pero \u00able faltan\u00bb pies y manos, \u00able faltan\u00bb corazones y bocas, \u00able falta\u00bb la fuerza corporal de la juventud para que todos queden sanos. Podr\u00eda permitir que el mundo se convirtiese en un instante pero no lo hace por respeto a nuestra libertad, el don m\u00e1s grande despu\u00e9s de nuestra fe.<br><br>Qu\u00e9 hermosa lecci\u00f3n sacar\u00edamos de este evangelio si nos di\u00e9semos cuenta de esta compasi\u00f3n que siente Jesucristo por nosotros. Compasi\u00f3n de ver a tantas ovejas sin pastor y que sienten la necesidad de recibir la salud pero que no pueden por falta de esos pastores entregados y generosos. Pidamos a Cristo que nos env\u00ede hombres y mujeres que no teman dar su vida para seguir a Cristo incondicionalmente. (Catholic .net)<\/p>\n\n\n\n<p class=\"has-text-align-left\"><strong><em>M\u00c1XIMA<br>Env\u00eda, misioneros, Se\u00f1or<\/em><\/strong><\/p>\n\n\n\n<h4 class=\"wp-block-heading has-text-align-left has-vivid-cyan-blue-color has-text-color has-link-color wp-elements-fc106bf8187ed34fa9151c6c240c10b4\"><br><strong>Palabras de Juan Mar\u00eda<\/strong><\/h4>\n\n\n\n<p class=\"has-text-align-left\"><img decoding=\"async\" class=\"wp-image-14340\" style=\"width: 150px;\" src=\"https:\/\/menesianosoy.org\/wp-content\/uploads\/2024\/07\/JM.jpg\" alt=\"\"><br><em>\u201cDios est\u00e1 siempre cerca de los que trabajan por su gloria: Lucha con nosotros cuando luchamos por \u00e9l; si la intenci\u00f3n es recta, no tenemos nada que temer\u201d. (Memorial 19)<\/em><\/p>\n\n\n\n<figure class=\"wp-block-embed is-type-video is-provider-youtube wp-block-embed-youtube wp-embed-aspect-16-9 wp-has-aspect-ratio\"><div class=\"wp-block-embed__wrapper\">\n<iframe loading=\"lazy\" title=\"Vayan y Hagan | Filocalia\" width=\"1140\" height=\"641\" src=\"https:\/\/www.youtube.com\/embed\/TIJeYg91Gog?feature=oembed\" frameborder=\"0\" allow=\"accelerometer; autoplay; clipboard-write; encrypted-media; gyroscope; picture-in-picture; web-share\" referrerpolicy=\"strict-origin-when-cross-origin\" allowfullscreen><\/iframe>\n<\/div><\/figure>\n\n\n\n<p class=\"has-text-align-left\">El Se\u00f1or nos envi\u00f3<br>a cumplir con la Misi\u00f3n:<br>En el mundo anunciar la Verdad.<br>Bautizar y ense\u00f1ar<br>la Palabra a los dem\u00e1s<br>y el poder de Dios trino obrar\u00e1.<br>Con nosotros estar\u00e1<br>Cristo siempre hasta el final.<br>Testigos del amor,<br>oigamos hoy su voz:<br><br>Vayan y hagan<br>disc\u00edpulos en las naciones.<br>Vayan y hagan.<br>Vayan y hagan<br>disc\u00edpulos en las naciones.<br>Vayan y hagan.<br><br>Vamos de dos en dos<br>sin dinero o provisi\u00f3n,<br>entregados confiemos en Dios.<br>\u00c9l pondr\u00e1 en nuestra voz<br>las palabras del Amor<br>y milagros en nuestra labor.<br>Mensajeros de la Paz,<br>sembradores del perd\u00f3n,<br>testigos del amor,<br>sigamos hoy su voz.<\/p>\n\n\n\n<p class=\"has-vivid-purple-color has-vivid-purple-background-color has-text-color has-background has-link-color wp-elements-d0e245b996c1b130f989ddcdbf42c4b9\"><\/p>\n\n\n\n<h4 class=\"wp-block-heading has-text-align-left has-luminous-vivid-orange-color has-text-color has-link-color wp-elements-1d34cdb1c2cd81c057bd405c016a999d\"><br><strong>Lecturas de la fiesta:<\/strong><\/h4>\n\n\n\n<p class=\"has-text-align-left\"><strong><em>Isa\u00edas 7, 10-14<br>Lucas 1, 46-55 (Salmo)<\/em><\/strong><\/p>\n\n\n\n<h4 class=\"wp-block-heading has-text-align-left has-vivid-cyan-blue-color has-text-color has-link-color wp-elements-092c98c818a553b5f364b5258482edac\"><strong>Evangelio: Lucas 1, 39-47<\/strong><\/h4>\n\n\n\n<p class=\"has-text-align-left\"><strong><em>En aquellos d\u00edas, Mar\u00eda parti\u00f3 y fue sin demora a un pueblo de la monta\u00f1a de Jud\u00e1.<br>Entr\u00f3 en la casa de Zacar\u00edas y salud\u00f3 a Isabel.<br>Apenas esta oy\u00f3 el saludo de Mar\u00eda, el ni\u00f1o salt\u00f3 de alegr\u00eda en su seno, e Isabel, llena del Esp\u00edritu Santo, exclam\u00f3:<br>\u00a1T\u00fa eres bendita entre todas las mujeres y bendito es el fruto de tu vientre!<br>\u00bfQui\u00e9n soy yo, para que la madre de mi Se\u00f1or venga a visitarme?<br>Apenas o\u00ed tu saludo, el ni\u00f1o salt\u00f3 de alegr\u00eda en mi seno.<br>Feliz de ti por haber cre\u00eddo que se cumplir\u00e1 lo que te fue anunciado de parte del Se\u00f1or.<br>Mar\u00eda dijo entonces:<br>Mi alma canta la grandeza del Se\u00f1or, y mi esp\u00edritu se estremece de gozo en Dios, mi salvador.<\/em><\/strong><\/p>\n\n\n\n<figure class=\"wp-block-image size-full\"><img loading=\"lazy\" decoding=\"async\" width=\"400\" height=\"318\" src=\"https:\/\/menesianosoy.org\/wp-content\/uploads\/2024\/07\/image.jpg\" alt=\"\" class=\"wp-image-14354\" srcset=\"https:\/\/menesianosoy.org\/wp-content\/uploads\/2024\/07\/image.jpg 400w, https:\/\/menesianosoy.org\/wp-content\/uploads\/2024\/07\/image-300x239.jpg 300w\" sizes=\"auto, (max-width: 400px) 85vw, 400px\" \/><\/figure>\n\n\n\n<p>Si Mar\u00eda hubiera pensado en su bien y seguridad hubiese rechazado la invitaci\u00f3n del \u00e1ngel. Al aceptar se complic\u00f3 tremendamente la vida. Conociendo las costumbres y leyes de la sociedad jud\u00eda de la \u00e9poca, que eran dur\u00edsimas con la mujer ad\u00faltera, sab\u00eda que la muerte por apedreamiento no era una quimera. Posiblemente haya presenciado o se haya enterado de ajusticiamientos de este tipo.<br><br>Pero Mar\u00eda no piensa ego\u00edstamente en ella, es capaz de olvidarse de s\u00ed. El hecho de ir a ayudar a la anciana Isabel, preocupada por lo complicado de un embarazo a esa edad, nos lo demuestra. Su amor no es rom\u00e1ntico, es bien concreto: Toma la decisi\u00f3n y viaja durante d\u00edas hasta llegar a Ain-Karin. Es un amor hecho de presencia. Isabel puede contar con ella.<br><br>\u00bfPueden los dem\u00e1s contar conmigo?<br>Mar\u00eda es parte de los llamados \u2018anawim\u2019, los \u2018pobres de Dios\u2019, los que ponen toda su confianza y esperanza en \u00c9l y lo esperan con paciencia y humildad, no gozando a nivel humano de prestigio o derechos. La espiritualidad de estos pobres de Yahv\u00e9 se puede resumir en las palabras del Salmo 37: <em>\u201cPermanece delante de Dios en silencio y espera en \u00c9l\u201d.<\/em><\/p>\n\n\n\n<h4 class=\"wp-block-heading has-text-align-left has-vivid-cyan-blue-color has-text-color has-link-color wp-elements-f100dfd3860a4604441e8378a214dd1c\"><br><strong>Palabras de Gabriel Deshayes<\/strong><\/h4>\n\n\n\n<p class=\"has-text-align-left\"><img decoding=\"async\" class=\"wp-image-639\" style=\"width: 150px;\" src=\"https:\/\/menesianosoy.org\/wp-content\/uploads\/2023\/08\/Sans-titre-11-1-2.jpg\" alt=\"\"><br><em>Justos y pecadores, pongan en Mar\u00eda toda su confianza. Ella tiene el poder y la voluntad de obtenerles todas las gracias que pidan por su intercesi\u00f3n. Caminen siguiendo sus huellas, ustedes pueden hacerlo, sobre todo ayudados por su poderosa protecci\u00f3n. Ella no la niega jam\u00e1s a quienes quieren sinceramente ser imitadores de sus virtudes. Dir\u00edjanse hoy a Mar\u00eda y d\u00edganle con sentimientos de la m\u00e1s viva confianza: Santa Mar\u00eda, Madre de Dios, ruega por nosotros. (1805)<\/em><\/p>\n\n\n\n<h4 class=\"wp-block-heading has-text-align-left has-vivid-cyan-blue-color has-text-color has-link-color wp-elements-07ceef056645671f439889baa9571a3c\"><br>Como Mar\u00eda en la Visitaci\u00f3n &#8211; Germ\u00e1n Pravia<\/h4>\n\n\n\n<figure class=\"wp-block-embed is-type-video is-provider-youtube wp-block-embed-youtube wp-embed-aspect-16-9 wp-has-aspect-ratio\"><div class=\"wp-block-embed__wrapper\">\n<iframe loading=\"lazy\" title=\"Como Mar\u00eda en la Visitaci\u00f3n\" width=\"1140\" height=\"641\" src=\"https:\/\/www.youtube.com\/embed\/qhI123w4M1c?feature=oembed\" frameborder=\"0\" allow=\"accelerometer; autoplay; clipboard-write; encrypted-media; gyroscope; picture-in-picture; web-share\" referrerpolicy=\"strict-origin-when-cross-origin\" allowfullscreen><\/iframe>\n<\/div><\/figure>\n\n\n\n<p class=\"has-text-align-left\">El mundo es nuestra casa<br>y es de todos;<br>personas con la misma dignidad.<br>Anestesiados por la indiferencia<br>vamos perdiendo nuestra humanidad.<br>La vida clama hoy.<br>Vamos a escuchar<br>cu\u00e1nta injusticia grita al coraz\u00f3n.<br>A prisa hay que salir,<br>no hay por qu\u00e9 esperar,<br>como Mar\u00eda en la Visitaci\u00f3n.<br><br>Salgamos todos al encuentro de la vida.<br>La vida clama y dentro de ella clama Dios.<br>El mismo esp\u00edritu nos sopla y nos env\u00eda<br>a regalar, a puro encuentro, bendici\u00f3n. <br>Salgamos todos al encuentro de la vida.<br>Se encuentra herida, amenazada del poder,<br>y esperanzada no se queda y m\u00e1s camina<br>por anunciar que todo en \u00c9l va a renacer.<br><br>Queremos ser Iglesia en salida,<br>movidos s\u00f3lo por la compasi\u00f3n.<br>Las estructuras no ser\u00e1n excusas<br>para evitar el riesgo en la misi\u00f3n.<br>No vamos a esconder,<br>menos a enterrar,<br>talentos que el Maestro nos confi\u00f3.<br>A prisa hay que salir, no hay por qu\u00e9 esperar,<br>como Mar\u00eda en la Visitaci\u00f3n.<br><br>La vida desde adentro nos anima,<br>nos lleva y le llevamos al Se\u00f1or.<br>No habr\u00e1 monta\u00f1as, noches, ni fronteras<br>que frenen nuestra determinaci\u00f3n.<br>Urgencia del amor,<br>compromiso fiel con el proyecto<br>del Reino de Dios.<br>A prisa hay que salir, no hay por qu\u00e9 esperar,<br>como Mar\u00eda en la Visitaci\u00f3n.<br><br>Bendito el sol que nace de lo alto,<br>es solidario con nuestro clamor.<br>Como Mar\u00eda somos visitados.<br>S\u00f3lo es capaz de dar quien recibi\u00f3.<br>Unidos s\u00f3lo en \u00c9l,<br>en comunidad,<br>no cansa ni se cansa el amor.<br>A prisa hay que salir, no hay por qu\u00e9 esperar,<br>como Mar\u00eda en la Visitaci\u00f3n.<\/p>\n\n\n\n<p class=\"has-text-align-left has-luminous-vivid-orange-background-color has-background\"><\/p>\n\n\n\n<h5 class=\"wp-block-heading has-text-align-left has-small-font-size\">La advocaci\u00f3n de la VIRGEN DE ITAT\u00cd es muy popular en el Litoral argentino. Su imagen es la m\u00e1s antigua de las v\u00edrgenes criollas. En 1592 la estatua fue llevada por el misionero franciscano Luis de Bola\u00f1os a las reducciones de Yaguar\u00ed, en la provincia de Corrientes, donde se le construy\u00f3 un oratorio de piedra y paja, en el que Mar\u00eda de Itat\u00ed comenz\u00f3 a ser venerada por los indios guaran\u00edes. La leyenda cuenta que desapareci\u00f3 varias veces, siendo encontrada siempre sobre la misma piedra, a orilla del r\u00edo Paran\u00e1. Por eso se decidi\u00f3 construir su santuario en ese lugar, llamado Itat\u00ed. El 9 de julio se celebra que fue elegida reina y patrona de los correntinos y el 16 su coronaci\u00f3n pontificia. Hoy es lugar de peregrinaci\u00f3n de miles de fieles devotos.<\/h5>\n\n\n\n<h5 class=\"wp-block-heading has-text-align-left has-small-font-size\">AMABILIS WISENTEINER (Paulina del Coraz\u00f3n de Jes\u00fas Agonizante) (1865-1942) fue una religiosa italiana, radicada en Brasil. En 1895 fund\u00f3 la congregaci\u00f3n de las Hermanitas de la Inmaculada Concepci\u00f3n, dedicadas a cuidar a hu\u00e9rfanos y ancianos, especialmente de antiguos esclavos de los barrios pobres. En 1909 sufri\u00f3 la destituci\u00f3n de su cargo de superiora por el arzobispo de San Pablo y a partir de ah\u00ed se dedic\u00f3 de lleno al servicio humilde de los enfermos. La gente la reconoc\u00eda como la \u2018enfermera\u2019. Fue canonizada en el a\u00f1o 2002.<\/h5>\n","protected":false},"excerpt":{"rendered":"<p>Lecturas de la feria: Oseas 8, 4-7. 11-13Salmo 115, 3-10 Evangelio: Mateo 9, 32-38 Le presentaron a Jes\u00fas un mudo que estaba endemoniado.El demonio fue expulsado y el mudo comenz\u00f3 a hablar.La multitud, admirada, comentaba: Jam\u00e1s se vio nada igual en Israel.Pero los fariseos dec\u00edan: \u00c9l expulsa a los demonios por obra del Pr\u00edncipe de &hellip; <a href=\"https:\/\/menesianosoy.org\/index.php\/2024\/07\/07\/virgen-de-itati-santa-amabile-wisenteiner\/\" class=\"more-link\">Continue reading<span class=\"screen-reader-text\"> \u00abVirgen de Itat\u00ed \u2013 Santa Amabile Wisenteiner\u00bb<\/span><\/a><\/p>\n","protected":false},"author":3,"featured_media":0,"comment_status":"closed","ping_status":"closed","sticky":false,"template":"","format":"standard","meta":{"_acf_changed":false,"footnotes":""},"categories":[9],"tags":[],"class_list":["post-14330","post","type-post","status-publish","format-standard","hentry","category-evangelio"],"acf":[],"_links":{"self":[{"href":"https:\/\/menesianosoy.org\/index.php\/wp-json\/wp\/v2\/posts\/14330","targetHints":{"allow":["GET"]}}],"collection":[{"href":"https:\/\/menesianosoy.org\/index.php\/wp-json\/wp\/v2\/posts"}],"about":[{"href":"https:\/\/menesianosoy.org\/index.php\/wp-json\/wp\/v2\/types\/post"}],"author":[{"embeddable":true,"href":"https:\/\/menesianosoy.org\/index.php\/wp-json\/wp\/v2\/users\/3"}],"replies":[{"embeddable":true,"href":"https:\/\/menesianosoy.org\/index.php\/wp-json\/wp\/v2\/comments?post=14330"}],"version-history":[{"count":15,"href":"https:\/\/menesianosoy.org\/index.php\/wp-json\/wp\/v2\/posts\/14330\/revisions"}],"predecessor-version":[{"id":14357,"href":"https:\/\/menesianosoy.org\/index.php\/wp-json\/wp\/v2\/posts\/14330\/revisions\/14357"}],"wp:attachment":[{"href":"https:\/\/menesianosoy.org\/index.php\/wp-json\/wp\/v2\/media?parent=14330"}],"wp:term":[{"taxonomy":"category","embeddable":true,"href":"https:\/\/menesianosoy.org\/index.php\/wp-json\/wp\/v2\/categories?post=14330"},{"taxonomy":"post_tag","embeddable":true,"href":"https:\/\/menesianosoy.org\/index.php\/wp-json\/wp\/v2\/tags?post=14330"}],"curies":[{"name":"wp","href":"https:\/\/api.w.org\/{rel}","templated":true}]}}