{"id":14367,"date":"2024-07-07T17:52:04","date_gmt":"2024-07-07T20:52:04","guid":{"rendered":"https:\/\/menesianosoy.org\/?p=14367"},"modified":"2024-07-07T18:06:03","modified_gmt":"2024-07-07T21:06:03","slug":"san-agustin-zhao-rong-y-companeros-martires","status":"publish","type":"post","link":"https:\/\/menesianosoy.org\/index.php\/2024\/07\/07\/san-agustin-zhao-rong-y-companeros-martires\/","title":{"rendered":"Mi\u00e9rcoles de la 14\u00aa semana durante el a\u00f1o"},"content":{"rendered":"\n<p class=\"has-text-align-left\"><strong><em>Oseas 10, 1-3. 7-8. 12<br>Salmo 104, 2-7<\/em><\/strong><\/p>\n\n\n\n<h4 class=\"wp-block-heading has-vivid-cyan-blue-color has-text-color has-link-color wp-elements-05d1905d1f38f08190ad8158a4f4f5d0\"><br><strong>Evangelio: Mateo 10, 1-7<\/strong><\/h4>\n\n\n\n<p class=\"has-text-align-left\"><strong><em>Jes\u00fas convoc\u00f3 a sus doce disc\u00edpulos y les dio el poder de expulsar a los esp\u00edritus impuros y de curar cualquier enfermedad o dolencia. Los nombres de los doce Ap\u00f3stoles son: en primer lugar, Sim\u00f3n, de sobrenombre Pedro, y su hermano Andr\u00e9s; luego, Santiago, hijo de Zebedeo, y su hermano Juan; Felipe y Bartolom\u00e9; Tom\u00e1s y Mateo, el publicano; Santiago, hijo de Alfeo, y Tadeo; Sim\u00f3n, el Cananeo, y Judas Iscariote, el mismo que lo entreg\u00f3.<br><br>A estos Doce, Jes\u00fas los envi\u00f3 con las siguientes instrucciones: No vayan a regiones paganas, ni entren en ninguna ciudad de los samaritanos. Vayan, en cambio, a las ovejas perdidas del pueblo de Israel. Por el camino, proclamen que el Reino de los Cielos est\u00e1 cerca. Curen a los enfermos, resuciten a los muertos, purifiquen a los leprosos, expulsen a los demonios. Ustedes han recibido gratuitamente, den tambi\u00e9n gratuitamente.<\/em><\/strong><\/p>\n\n\n\n<figure class=\"wp-block-image size-full\"><img loading=\"lazy\" decoding=\"async\" width=\"400\" height=\"274\" src=\"https:\/\/menesianosoy.org\/wp-content\/uploads\/2024\/07\/Vayan-y-anuncien.jpg\" alt=\"\" class=\"wp-image-14372\" srcset=\"https:\/\/menesianosoy.org\/wp-content\/uploads\/2024\/07\/Vayan-y-anuncien.jpg 400w, https:\/\/menesianosoy.org\/wp-content\/uploads\/2024\/07\/Vayan-y-anuncien-300x206.jpg 300w\" sizes=\"auto, (max-width: 400px) 85vw, 400px\" \/><\/figure>\n\n\n\n<p class=\"has-text-align-left\">El texto de ayer terminaba pidiendo que Dios env\u00ede operarios a la mies, pues es mucha y se puede perder.<br>En los d\u00edas anteriores les dio a sus disc\u00edpulos ejemplos de su misi\u00f3n de liberaci\u00f3n, de acogida, de consuelo para los pobres y desvalidos del pueblo. Su paso y su presencia son una buena noticia para el pueblo m\u00e1s sufrido. <br><br>Ahora, viendo que \u201cla mies es mucha y los trabajadores pocos\u201d, elige obreros para trabajarla y los env\u00eda. Ellos tambi\u00e9n deben ser y llevar la buena noticia. Los llama \u2018ap\u00f3stoles\u2019 que significa \u2018enviados\u2019. Y, de hecho, seg\u00fan la versi\u00f3n de Mateo, los env\u00eda inmediatamente.<br><br>Mateo, que escribe para jud\u00edos convertidos, restringe el env\u00edo \u201ca las ovejas perdidas del pueblo de Israel\u201d. Es lo que Jes\u00fas le dice a la mujer cananea que le pide ayuda (Mt 15,24), y es esa mujer quien le hace descubrir que su misi\u00f3n es universal. Al final de su Evangelio el env\u00edo ser\u00e1 ya para \u201ctodos los pueblos\u201d (28, 19). Lucas dice que ya en ese momento \u201cfueron de pueblo en pueblo anunciando la Buena Noticia\u201d.<br><br>Y \u201cde pueblo en pueblo\u201d la Buena Nueva lleg\u00f3 a nosotros. Los ap\u00f3stoles de hoy somos nosotros, enviados para anunciar el Reino. Es Jes\u00fas quien nos da la autoridad para ir hacia lo que est\u00e1 m\u00e1s perdido y necesitado. Somos llamados por nuestro nombre, conocidos en nuestra historia, y a la vez con-vocados, llamados y enviados con otros, contando con los dones y fragilidades de cada uno para una misi\u00f3n bien concreta: Proclamar el Reino de Dios, favorecer la vida, sanarla de todo aquello que la atenaza, la bloquea y la da\u00f1a. <br><br>El Cap\u00edtulo de Distrito nos dijo que \u201cso\u00f1amos con una comunidad menesiana humanizada y humanizadora, que ve, se conmueve y act\u00faa en la frontera\u201d. (Tinaja 5, Frontera) Somos disc\u00edpulos-misioneros dir\u00e1 el documento de \u2018Aparecida\u2019: Seguimos a Jes\u00fas, hacemos experiencia de su presencia y, al mismo tiempo, lo anunciamos.<br><br>Recordemos lo que dice San Pablo:<br><em>\u201cSi anuncio el Evangelio, no lo hago para gloriarme: al contrario, es para m\u00ed una necesidad imperiosa. \u00a1Ay de m\u00ed si no predicara el Evangelio! Si yo realizara esta tarea por iniciativa propia, merecer\u00eda ser recompensado, pero si lo hago por necesidad, quiere decir que se me ha confiado una misi\u00f3n. \u00bfCu\u00e1l es entonces mi recompensa? Predicar gratuitamente la Buena Noticia, renunciando al derecho que esa Buena Noticia me confiere. En efecto, siendo libre, me hice esclavo de todos, para ganar al mayor n\u00famero posible. Me hice jud\u00edo con los jud\u00edos para ganar a los jud\u00edos; me somet\u00ed a la Ley, con los que est\u00e1n sometidos a ella, a fin de ganar a los que est\u00e1n sometidos a la Ley. Y con los que no est\u00e1n sometidos a la Ley, yo, que no vivo al margen de la Ley de Dios, me hice como uno de ellos, a fin de ganar a los que no est\u00e1n sometidos a la Ley. Y me hice d\u00e9bil con los d\u00e9biles, para ganar a los d\u00e9biles. Me hice todo para todos, para ganar por lo menos a algunos, a cualquier precio. Y todo esto, por amor a la Buena Noticia, a fin de poder participar de sus bienes\u201d (1\u00baCor 9, 16-23)<\/em><\/p>\n\n\n\n<p class=\"has-text-align-left\"><br><strong><em>MAXIMA<br>Somos enviados por Jes\u00fas<\/em><\/strong><\/p>\n\n\n\n<h4 class=\"wp-block-heading has-text-align-left has-vivid-cyan-blue-color has-text-color has-link-color wp-elements-fc106bf8187ed34fa9151c6c240c10b4\"><br><strong>Palabras de Juan Mar\u00eda<\/strong><\/h4>\n\n\n\n<p class=\"has-text-align-left\"><img decoding=\"async\" class=\"wp-image-14340\" style=\"width: 150px;\" src=\"https:\/\/menesianosoy.org\/wp-content\/uploads\/2024\/07\/JM.jpg\" alt=\"\"><br><em>\u00a1Sublime vocaci\u00f3n! \u00a1Es la misma de Jesucristo! No ha dejado el seno de su Padre m\u00e1s que para hacer lo que ustedes hacen a ejemplo suyo. La escritura nos dice que ha pasado haciendo el bien, ense\u00f1ando a los pobres, dando vista a los ciegos, enderezando a los rengos, curando a los enfermos. Y ustedes tambi\u00e9n ense\u00f1an la verdadera doctrina a los que la ignoraban completamente, y que, privados de sus ense\u00f1anzas siempre la desconocer\u00edan; y ustedes tambi\u00e9n hacen prodigios en el orden espiritual; esos ni\u00f1os a los que abren los ojos a las divinas luces, a los que ense\u00f1an a conocer a Dios y el camino que lleva al cielo. (Apertura del retiro a los hermanos)<\/em><\/p>\n\n\n\n<figure class=\"wp-block-embed is-type-video is-provider-youtube wp-block-embed-youtube wp-embed-aspect-16-9 wp-has-aspect-ratio\"><div class=\"wp-block-embed__wrapper\">\n<iframe loading=\"lazy\" title=\"Yo los envi\u0301o, son parte de esta historia.\" width=\"1140\" height=\"641\" src=\"https:\/\/www.youtube.com\/embed\/1Ey1X7I4oIw?feature=oembed\" frameborder=\"0\" allow=\"accelerometer; autoplay; clipboard-write; encrypted-media; gyroscope; picture-in-picture; web-share\" referrerpolicy=\"strict-origin-when-cross-origin\" allowfullscreen><\/iframe>\n<\/div><\/figure>\n\n\n\n<p class=\"has-text-align-left\">Tengo una invitaci\u00f3n<br>para continuar la historia<br>de mi vida y de los dem\u00e1s,<br>transformando este mundo<br>en mi hogar, para amar.<br><br>Yo lo escuch\u00e9 y digo que s\u00ed<br>a sus palabras que llegaron a mi alma.<br><br><em>Yo los env\u00edo,<\/em><br><em>son parte de esta historia (bis)<\/em><br><br>Vamos creando lazos<br>con Jes\u00fas a nuestro lado,<br>sinti\u00e9ndonos hermanos,<br>caminando a la frontera sin dudar<br>para amar.<br><br>Menesiano, ven\u00ed, digamos que s\u00ed,<br>a escribir otra p\u00e1gina en la historia<\/p>\n","protected":false},"excerpt":{"rendered":"<p>Oseas 10, 1-3. 7-8. 12Salmo 104, 2-7 Evangelio: Mateo 10, 1-7 Jes\u00fas convoc\u00f3 a sus doce disc\u00edpulos y les dio el poder de expulsar a los esp\u00edritus impuros y de curar cualquier enfermedad o dolencia. Los nombres de los doce Ap\u00f3stoles son: en primer lugar, Sim\u00f3n, de sobrenombre Pedro, y su hermano Andr\u00e9s; luego, Santiago, &hellip; <a href=\"https:\/\/menesianosoy.org\/index.php\/2024\/07\/07\/san-agustin-zhao-rong-y-companeros-martires\/\" class=\"more-link\">Continue reading<span class=\"screen-reader-text\"> \u00abMi\u00e9rcoles de la 14\u00aa semana durante el a\u00f1o\u00bb<\/span><\/a><\/p>\n","protected":false},"author":3,"featured_media":0,"comment_status":"closed","ping_status":"closed","sticky":false,"template":"","format":"standard","meta":{"_acf_changed":false,"footnotes":""},"categories":[9],"tags":[],"class_list":["post-14367","post","type-post","status-publish","format-standard","hentry","category-evangelio"],"acf":[],"_links":{"self":[{"href":"https:\/\/menesianosoy.org\/index.php\/wp-json\/wp\/v2\/posts\/14367","targetHints":{"allow":["GET"]}}],"collection":[{"href":"https:\/\/menesianosoy.org\/index.php\/wp-json\/wp\/v2\/posts"}],"about":[{"href":"https:\/\/menesianosoy.org\/index.php\/wp-json\/wp\/v2\/types\/post"}],"author":[{"embeddable":true,"href":"https:\/\/menesianosoy.org\/index.php\/wp-json\/wp\/v2\/users\/3"}],"replies":[{"embeddable":true,"href":"https:\/\/menesianosoy.org\/index.php\/wp-json\/wp\/v2\/comments?post=14367"}],"version-history":[{"count":5,"href":"https:\/\/menesianosoy.org\/index.php\/wp-json\/wp\/v2\/posts\/14367\/revisions"}],"predecessor-version":[{"id":14379,"href":"https:\/\/menesianosoy.org\/index.php\/wp-json\/wp\/v2\/posts\/14367\/revisions\/14379"}],"wp:attachment":[{"href":"https:\/\/menesianosoy.org\/index.php\/wp-json\/wp\/v2\/media?parent=14367"}],"wp:term":[{"taxonomy":"category","embeddable":true,"href":"https:\/\/menesianosoy.org\/index.php\/wp-json\/wp\/v2\/categories?post=14367"},{"taxonomy":"post_tag","embeddable":true,"href":"https:\/\/menesianosoy.org\/index.php\/wp-json\/wp\/v2\/tags?post=14367"}],"curies":[{"name":"wp","href":"https:\/\/api.w.org\/{rel}","templated":true}]}}