{"id":14466,"date":"2024-07-12T09:55:18","date_gmt":"2024-07-12T12:55:18","guid":{"rendered":"https:\/\/menesianosoy.org\/?p=14466"},"modified":"2024-07-13T18:36:24","modified_gmt":"2024-07-13T21:36:24","slug":"domingo-xv-durante-el-ano-2","status":"publish","type":"post","link":"https:\/\/menesianosoy.org\/index.php\/2024\/07\/12\/domingo-xv-durante-el-ano-2\/","title":{"rendered":"Domingo XV durante el a\u00f1o"},"content":{"rendered":"\n<h4 class=\"wp-block-heading has-vivid-purple-color has-text-color has-link-color wp-elements-290a5c7c4bab7117622a256aa92a54bf\"><br><strong><em>Oraci\u00f3n:<\/em><\/strong><\/h4>\n\n\n\n<p class=\"has-text-align-left\"><strong><em>Se\u00f1or Jes\u00fas, al comenzar el d\u00eda,<br>te ofrecemos nuestra vida entera.<br>Que el amor fraterno reine entre todos<br>los que formamos comunidad.<br>Que cada uno se sienta feliz<br>con la alegr\u00eda de los dem\u00e1s,<br>y sufra con sus penas.<br>Que todos nos prestemos ayuda mutua<br>para ir a Dios y realizar su obra cada d\u00eda.<br>Que no existan jam\u00e1s entre nosotros<br>ni contiendas ni rivalidades,<br>ni secretas envidias, ni palabras duras.<br>Aparta de nosotros, Se\u00f1or, todo lo que hiere,<br>todo lo que divide,<br>todo lo que altera la caridad.<br>Haz, Se\u00f1or, que hoy y siempre<br>intentemos ayudarnos<br>unos a otros a ser santos.<br>Que todos vivamos hoy con dulzura,<br>paciencia, humildad<br>y fidelidad a tu Palabra.<br>(Regla de 1835)<\/em><\/strong><\/p>\n\n\n\n<h4 class=\"wp-block-heading has-text-align-left has-vivid-purple-color has-text-color has-link-color wp-elements-d7db2ffc8ebbc10abc0b559de040a9b9\"><br><strong><em>Intenciones:<\/em><\/strong><\/h4>\n\n\n\n<ul class=\"wp-block-list\">\n<li>Por el eterno descanso de Luz Julliet, sobrina de Yamil.<\/li>\n\n\n\n<li>Por el curso de formaci\u00f3n de Hermanos que se preparan a la profesi\u00f3n perpetua, en especial por el H. Walter.<\/li>\n\n\n\n<li>Por las vocaciones menesianas de laicos y hermanos.<\/li>\n\n\n\n<li>Por la comunidad de Portugalete (Espa\u00f1a) y la de Pointe-du-Lac en Qu\u00e9bec (Canad\u00e1).<\/li>\n<\/ul>\n\n\n\n<h4 class=\"wp-block-heading has-text-align-left has-vivid-purple-color has-text-color has-link-color wp-elements-49b00b8bd14127ed3135a275a0504a9b\"><br><strong><em>Constituciones 37:<\/em><\/strong><\/h4>\n\n\n\n<p class=\"has-text-align-left\">Con sencillez y alegr\u00eda, los Hermanos aceptan compartir cuanto son, cuanto hacen y cuanto tienen. Sin haberse escogido, procuran conocerse y amarse con todo el afecto del coraz\u00f3n de Cristo. D\u00eda tras d\u00eda, van edificando la Comunidad con la abnegaci\u00f3n y el don generoso de s\u00ed mismos.<\/p>\n\n\n\n<h4 class=\"wp-block-heading has-text-align-left has-vivid-purple-color has-text-color has-link-color wp-elements-d791cbb98a88176a742bb6c02c55c6e7\"><br><strong><em>Al H. Ambrosio Le Haiget, 15 de enero de 1839:<\/em><\/strong><\/h4>\n\n\n\n<p class=\"has-text-align-left\">El sentimiento tan vivo que tienes de tus miserias es bueno siempre que en lugar de entregarte al desaliento, recurras a Dios con una gran confianza y cuentes con su ayuda.<\/p>\n\n\n\n<h4 class=\"wp-block-heading has-text-align-left has-vivid-purple-color has-text-color has-link-color wp-elements-a77aba329315af5c37d1ef3d7a73d551\"><br><strong><em>Difuntos: <\/em><\/strong><\/h4>\n\n\n\n<p class=\"has-text-align-left\"><img loading=\"lazy\" decoding=\"async\" width=\"139\" height=\"187\" class=\"wp-image-14469\" style=\"width: 139px;\" src=\"https:\/\/menesianosoy.org\/wp-content\/uploads\/2024\/07\/Victorino.png\" alt=\"\"><br>2004: <strong>Ignacio Arberas (Victorino)<\/strong>. Naci\u00f3 en Abecia (Alava) en 1933. Trabaj\u00f3 en Argentina y Uruguay desde el a\u00f1o 1960 hasta su muerte en Villa Gobernador G\u00e1lvez, Argentina.<br><br>1897: El H.<strong> Cipriano (Chevreau)<\/strong>, Superior General (1861-1897).<br>2018: <strong>Francisco Javier Revilla<\/strong>. Naci\u00f3 en 1962 en Nestar (Palencia). Muri\u00f3 en Palencia.<\/p>\n","protected":false},"excerpt":{"rendered":"<p>Oraci\u00f3n: Se\u00f1or Jes\u00fas, al comenzar el d\u00eda,te ofrecemos nuestra vida entera.Que el amor fraterno reine entre todoslos que formamos comunidad.Que cada uno se sienta felizcon la alegr\u00eda de los dem\u00e1s,y sufra con sus penas.Que todos nos prestemos ayuda mutuapara ir a Dios y realizar su obra cada d\u00eda.Que no existan jam\u00e1s entre nosotrosni contiendas ni &hellip; <a href=\"https:\/\/menesianosoy.org\/index.php\/2024\/07\/12\/domingo-xv-durante-el-ano-2\/\" class=\"more-link\">Continue reading<span class=\"screen-reader-text\"> \u00abDomingo XV durante el a\u00f1o\u00bb<\/span><\/a><\/p>\n","protected":false},"author":3,"featured_media":0,"comment_status":"closed","ping_status":"closed","sticky":false,"template":"","format":"standard","meta":{"_acf_changed":false,"footnotes":""},"categories":[3],"tags":[],"class_list":["post-14466","post","type-post","status-publish","format-standard","hentry","category-calendario"],"acf":[],"_links":{"self":[{"href":"https:\/\/menesianosoy.org\/index.php\/wp-json\/wp\/v2\/posts\/14466","targetHints":{"allow":["GET"]}}],"collection":[{"href":"https:\/\/menesianosoy.org\/index.php\/wp-json\/wp\/v2\/posts"}],"about":[{"href":"https:\/\/menesianosoy.org\/index.php\/wp-json\/wp\/v2\/types\/post"}],"author":[{"embeddable":true,"href":"https:\/\/menesianosoy.org\/index.php\/wp-json\/wp\/v2\/users\/3"}],"replies":[{"embeddable":true,"href":"https:\/\/menesianosoy.org\/index.php\/wp-json\/wp\/v2\/comments?post=14466"}],"version-history":[{"count":7,"href":"https:\/\/menesianosoy.org\/index.php\/wp-json\/wp\/v2\/posts\/14466\/revisions"}],"predecessor-version":[{"id":14480,"href":"https:\/\/menesianosoy.org\/index.php\/wp-json\/wp\/v2\/posts\/14466\/revisions\/14480"}],"wp:attachment":[{"href":"https:\/\/menesianosoy.org\/index.php\/wp-json\/wp\/v2\/media?parent=14466"}],"wp:term":[{"taxonomy":"category","embeddable":true,"href":"https:\/\/menesianosoy.org\/index.php\/wp-json\/wp\/v2\/categories?post=14466"},{"taxonomy":"post_tag","embeddable":true,"href":"https:\/\/menesianosoy.org\/index.php\/wp-json\/wp\/v2\/tags?post=14466"}],"curies":[{"name":"wp","href":"https:\/\/api.w.org\/{rel}","templated":true}]}}