{"id":14513,"date":"2024-07-13T20:21:49","date_gmt":"2024-07-13T23:21:49","guid":{"rendered":"https:\/\/menesianosoy.org\/?p=14513"},"modified":"2024-07-14T09:07:24","modified_gmt":"2024-07-14T12:07:24","slug":"virgen-maria-del-carmen-andres-de-soveral-y-companeros-martires-2","status":"publish","type":"post","link":"https:\/\/menesianosoy.org\/index.php\/2024\/07\/13\/virgen-maria-del-carmen-andres-de-soveral-y-companeros-martires-2\/","title":{"rendered":"Virgen Mar\u00eda del Carmen \u2013 Andr\u00e9s de Soveral y compa\u00f1eros m\u00e1rtires"},"content":{"rendered":"\n<h4 class=\"wp-block-heading has-text-align-left has-vivid-purple-color has-text-color has-link-color wp-elements-ee387d0d5662abedfabb7986a324d730\"><br><strong><em>Oraci\u00f3n:<\/em><\/strong><\/h4>\n\n\n\n<p class=\"has-text-align-left\"><strong><em>Santa Mar\u00eda, Se\u00f1ora nuestra,<br>nos refugiamos en el regazo de tu misericordia.<br>Bajo tu bendita protecci\u00f3n<br>y tu especial custodia,<br>ponemos confiadamente, hoy y cada d\u00eda<br>y en la hora de nuestra muerte,<br>nuestra alma y nuestro cuerpo,<br>nuestras esperanzas y consuelos,<br>nuestras angustias y miserias,<br>nuestra vida y nuestra muerte,<br>para que, por tu intercesi\u00f3n y tus m\u00e9ritos,<br>todas nuestras obras se dirijan y ordenen<br>conforme a tu voluntad<br>y a la de tu divino Hijo. Am\u00e9n<\/em><\/strong><\/p>\n\n\n\n<h4 class=\"wp-block-heading has-text-align-left has-vivid-purple-color has-text-color has-link-color wp-elements-d7db2ffc8ebbc10abc0b559de040a9b9\"><br><strong><em>Intenciones:<\/em><\/strong><\/h4>\n\n\n\n<ul class=\"wp-block-list\">\n<li>Por el curso de formaci\u00f3n de Hermanos que se preparan a la profesi\u00f3n perpetua.<\/li>\n\n\n\n<li>Por el pueblo chileno en el d\u00eda de su Patrona.<\/li>\n\n\n\n<li>Por las comunidades menesianas de laicos y hermanos en Chile.<\/li>\n\n\n\n<li>Para que surja un nuevo esp\u00edritu misionero en nuestra Congregaci\u00f3n.<\/li>\n<\/ul>\n\n\n\n<h4 class=\"wp-block-heading has-text-align-left has-vivid-purple-color has-text-color has-link-color wp-elements-6e950b55411bb6d0b06815b80e61b407\"><br>Constituciones 39:<\/h4>\n\n\n\n<p class=\"has-text-align-left\">Los Hermanos adaptan su residencia y establecen su reglamento de modo que se favorezca la oraci\u00f3n, el trabajo y la vida en com\u00fan.<\/p>\n\n\n\n<h4 class=\"wp-block-heading has-text-align-left has-vivid-purple-color has-text-color has-link-color wp-elements-d2c16a79a849482e69e004ae5e18033d\"><br><strong><em>Al Hno. Ambrosio Le Haiguet el 11 de julio de 1830:<\/em><\/strong><\/h4>\n\n\n\n<p class=\"has-text-align-left\">Reanima tu fervor, y como buen religioso, som\u00e9tete en todas las cosas con una perfecta resignaci\u00f3n a la santa voluntad de Dios.<\/p>\n\n\n\n<h4 class=\"wp-block-heading has-text-align-left has-vivid-purple-color has-text-color has-link-color wp-elements-a77aba329315af5c37d1ef3d7a73d551\"><br><strong><em>Difuntos: <\/em><\/strong><\/h4>\n\n\n\n<p class=\"has-text-align-left\">1948: Joseph Marie Foutel (Damien). Naci\u00f3 en 1887 en Pleugu\u00e9neuc. Fue a Espa\u00f1a en 1904. Muri\u00f3 en Plo\u00ebrmel.<br>1969: Yves Bouroullec (Am\u00e9d\u00e9e)<br>1992: Joseph Rivard Colman<br>2020: Yves Leroux (Jean-Bernard)<br>2020: Yves Leroux (Jean-Bernard).<\/p>\n","protected":false},"excerpt":{"rendered":"<p>Oraci\u00f3n: Santa Mar\u00eda, Se\u00f1ora nuestra,nos refugiamos en el regazo de tu misericordia.Bajo tu bendita protecci\u00f3ny tu especial custodia,ponemos confiadamente, hoy y cada d\u00eday en la hora de nuestra muerte,nuestra alma y nuestro cuerpo,nuestras esperanzas y consuelos,nuestras angustias y miserias,nuestra vida y nuestra muerte,para que, por tu intercesi\u00f3n y tus m\u00e9ritos,todas nuestras obras se dirijan y &hellip; <a href=\"https:\/\/menesianosoy.org\/index.php\/2024\/07\/13\/virgen-maria-del-carmen-andres-de-soveral-y-companeros-martires-2\/\" class=\"more-link\">Continue reading<span class=\"screen-reader-text\"> \u00abVirgen Mar\u00eda del Carmen \u2013 Andr\u00e9s de Soveral y compa\u00f1eros m\u00e1rtires\u00bb<\/span><\/a><\/p>\n","protected":false},"author":3,"featured_media":0,"comment_status":"closed","ping_status":"closed","sticky":false,"template":"","format":"standard","meta":{"_acf_changed":false,"footnotes":""},"categories":[3],"tags":[],"class_list":["post-14513","post","type-post","status-publish","format-standard","hentry","category-calendario"],"acf":[],"_links":{"self":[{"href":"https:\/\/menesianosoy.org\/index.php\/wp-json\/wp\/v2\/posts\/14513","targetHints":{"allow":["GET"]}}],"collection":[{"href":"https:\/\/menesianosoy.org\/index.php\/wp-json\/wp\/v2\/posts"}],"about":[{"href":"https:\/\/menesianosoy.org\/index.php\/wp-json\/wp\/v2\/types\/post"}],"author":[{"embeddable":true,"href":"https:\/\/menesianosoy.org\/index.php\/wp-json\/wp\/v2\/users\/3"}],"replies":[{"embeddable":true,"href":"https:\/\/menesianosoy.org\/index.php\/wp-json\/wp\/v2\/comments?post=14513"}],"version-history":[{"count":10,"href":"https:\/\/menesianosoy.org\/index.php\/wp-json\/wp\/v2\/posts\/14513\/revisions"}],"predecessor-version":[{"id":14538,"href":"https:\/\/menesianosoy.org\/index.php\/wp-json\/wp\/v2\/posts\/14513\/revisions\/14538"}],"wp:attachment":[{"href":"https:\/\/menesianosoy.org\/index.php\/wp-json\/wp\/v2\/media?parent=14513"}],"wp:term":[{"taxonomy":"category","embeddable":true,"href":"https:\/\/menesianosoy.org\/index.php\/wp-json\/wp\/v2\/categories?post=14513"},{"taxonomy":"post_tag","embeddable":true,"href":"https:\/\/menesianosoy.org\/index.php\/wp-json\/wp\/v2\/tags?post=14513"}],"curies":[{"name":"wp","href":"https:\/\/api.w.org\/{rel}","templated":true}]}}