{"id":14571,"date":"2024-07-14T10:26:25","date_gmt":"2024-07-14T13:26:25","guid":{"rendered":"https:\/\/menesianosoy.org\/?p=14571"},"modified":"2024-07-14T10:33:15","modified_gmt":"2024-07-14T13:33:15","slug":"viernes-de-la-15o-semana-durante-el-ano-2","status":"publish","type":"post","link":"https:\/\/menesianosoy.org\/index.php\/2024\/07\/14\/viernes-de-la-15o-semana-durante-el-ano-2\/","title":{"rendered":"Viernes de la 15\u00ba semana durante el a\u00f1o"},"content":{"rendered":"\n<h4 class=\"wp-block-heading has-text-align-left has-luminous-vivid-orange-color has-text-color has-link-color wp-elements-ef1ed75ed096123edcb9ba5f87983a10\"><br>2013.- Llegada de los Hermanos menesianos a Sud\u00e1n del Sur<\/h4>\n\n\n\n<h4 class=\"wp-block-heading has-text-align-left has-vivid-purple-color has-text-color has-link-color wp-elements-ee387d0d5662abedfabb7986a324d730\"><br><strong><em>Oraci\u00f3n:<\/em><\/strong><\/h4>\n\n\n\n<p class=\"has-text-align-left\"><strong><em>Se\u00f1or, que has dicho:<br>Dejen que los ni\u00f1os vengan a M\u00ed.<br>T\u00fa me has inspirado el deseo<br>de dedicar mi vida<br>a los ni\u00f1os y j\u00f3venes<br>para llevarlos a Ti.<br>D\u00edgnate bendecir mi vocaci\u00f3n,<br>as\u00edsteme en mis trabajos de hoy,<br>derrama sobre m\u00ed,<br>sobre todos mis hermanos<br>y sobre todos los que trabajamos<br>en esta obra educativa,<br>el esp\u00edritu de fortaleza,<br>de caridad y de humildad,<br>para que nada nos aparte<br>de tu servicio.<br>Haz que hoy cumpla con celo<br>el ministerio educativo<br>al que nos has consagrado.<br>Hazme perseverar hasta el fin<br>para alcanzar as\u00ed<br>la salvaci\u00f3n que nos<br>has prometido. Am\u00e9n<\/em><\/strong><\/p>\n\n\n\n<h4 class=\"wp-block-heading has-text-align-left has-vivid-purple-color has-text-color has-link-color wp-elements-d7db2ffc8ebbc10abc0b559de040a9b9\"><br><strong><em>Intenciones:<\/em><\/strong><\/h4>\n\n\n\n<ul class=\"wp-block-list\">\n<li>Por la comunidad de Rimenza de Sud\u00e1n de Sur.<\/li>\n\n\n\n<li>Por el curso de formaci\u00f3n de Hermanos que se preparan a la profesi\u00f3n perpetua, en especial por el H. Walter.<\/li>\n\n\n\n<li>Por la familia menesiana del colegio Cardenal Copello de Buenos Aires<\/li>\n\n\n\n<li>Por la comunidad de Nanclares (Espa\u00f1a) y la de Sh\u00e9diac Cape (Canad\u00e1).<\/li>\n<\/ul>\n\n\n\n<h4 class=\"wp-block-heading has-text-align-left has-vivid-purple-color has-text-color has-link-color wp-elements-b6ba2f76e1123a579ba80c4e2f5d1bdc\"><br><strong><em>Constituciones 42 c:<\/em><\/strong><\/h4>\n\n\n\n<p class=\"has-text-align-left\">El Hermano busca a Dios en la verdad de su ser y de su acci\u00f3n, sostenido por la oraci\u00f3n comunitaria y por la que \u00e9l dirija privadamente al Padre \u00abque ve en lo secreto\u00bb.<\/p>\n\n\n\n<h4 class=\"wp-block-heading has-text-align-left has-vivid-purple-color has-text-color has-link-color wp-elements-037e479b62685ec48a6d6610dc13d7f0\"><br><strong><em>A la Srta. H\u00e9l\u00e8ne Lucini\u00e8re, 21 febrero de 1835:<\/em><\/strong><\/h4>\n\n\n\n<p class=\"has-text-align-left\">Mis penas se hacen cada vez m\u00e1s vivas; la esperanza huye delante de m\u00ed; no me queda m\u00e1s que la oraci\u00f3n, pero \u00e9sta es todopoderosa.<br><\/p>\n\n\n\n<h4 class=\"wp-block-heading has-text-align-left has-vivid-purple-color has-text-color has-link-color wp-elements-7014fd145c8f8a6ef8cb33323e9aa32d\"><em><strong>Difuntos: <\/strong><\/em><\/h4>\n\n\n\n<p class=\"has-text-align-left\">1997: Raymond Boursin (Samuel Joseph)<br>2010: Emmanuel Champalaune (Marce-Eug\u00e8ne) y Antoine Allain (Eug\u00e8ne-Gilbert)<br>2013: Evarist Ngowi y <strong>Lorenzo Mayoral<\/strong>. Naci\u00f3 en 1919 en Villahoz (Burgos). Muri\u00f3 en Bilbao.<\/p>\n","protected":false},"excerpt":{"rendered":"<p>2013.- Llegada de los Hermanos menesianos a Sud\u00e1n del Sur Oraci\u00f3n: Se\u00f1or, que has dicho:Dejen que los ni\u00f1os vengan a M\u00ed.T\u00fa me has inspirado el deseode dedicar mi vidaa los ni\u00f1os y j\u00f3venespara llevarlos a Ti.D\u00edgnate bendecir mi vocaci\u00f3n,as\u00edsteme en mis trabajos de hoy,derrama sobre m\u00ed,sobre todos mis hermanosy sobre todos los que trabajamosen esta &hellip; <a href=\"https:\/\/menesianosoy.org\/index.php\/2024\/07\/14\/viernes-de-la-15o-semana-durante-el-ano-2\/\" class=\"more-link\">Continue reading<span class=\"screen-reader-text\"> \u00abViernes de la 15\u00ba semana durante el a\u00f1o\u00bb<\/span><\/a><\/p>\n","protected":false},"author":3,"featured_media":0,"comment_status":"closed","ping_status":"closed","sticky":false,"template":"","format":"standard","meta":{"_acf_changed":false,"footnotes":""},"categories":[3],"tags":[],"class_list":["post-14571","post","type-post","status-publish","format-standard","hentry","category-calendario"],"acf":[],"_links":{"self":[{"href":"https:\/\/menesianosoy.org\/index.php\/wp-json\/wp\/v2\/posts\/14571","targetHints":{"allow":["GET"]}}],"collection":[{"href":"https:\/\/menesianosoy.org\/index.php\/wp-json\/wp\/v2\/posts"}],"about":[{"href":"https:\/\/menesianosoy.org\/index.php\/wp-json\/wp\/v2\/types\/post"}],"author":[{"embeddable":true,"href":"https:\/\/menesianosoy.org\/index.php\/wp-json\/wp\/v2\/users\/3"}],"replies":[{"embeddable":true,"href":"https:\/\/menesianosoy.org\/index.php\/wp-json\/wp\/v2\/comments?post=14571"}],"version-history":[{"count":3,"href":"https:\/\/menesianosoy.org\/index.php\/wp-json\/wp\/v2\/posts\/14571\/revisions"}],"predecessor-version":[{"id":14576,"href":"https:\/\/menesianosoy.org\/index.php\/wp-json\/wp\/v2\/posts\/14571\/revisions\/14576"}],"wp:attachment":[{"href":"https:\/\/menesianosoy.org\/index.php\/wp-json\/wp\/v2\/media?parent=14571"}],"wp:term":[{"taxonomy":"category","embeddable":true,"href":"https:\/\/menesianosoy.org\/index.php\/wp-json\/wp\/v2\/categories?post=14571"},{"taxonomy":"post_tag","embeddable":true,"href":"https:\/\/menesianosoy.org\/index.php\/wp-json\/wp\/v2\/tags?post=14571"}],"curies":[{"name":"wp","href":"https:\/\/api.w.org\/{rel}","templated":true}]}}