{"id":14680,"date":"2024-07-20T17:49:36","date_gmt":"2024-07-20T20:49:36","guid":{"rendered":"https:\/\/menesianosoy.org\/?p=14680"},"modified":"2024-07-20T17:56:05","modified_gmt":"2024-07-20T20:56:05","slug":"santa-brigida-2","status":"publish","type":"post","link":"https:\/\/menesianosoy.org\/index.php\/2024\/07\/20\/santa-brigida-2\/","title":{"rendered":"Santa Br\u00edgida"},"content":{"rendered":"\n<p class=\"has-text-align-left\"><strong><em>1946 &#8211; Feliz resultado de la Congregaci\u00f3n antepreparatoria, relativa a la heroicidad de las virtudes de nuestro Venerable Padre de la Mennais.<\/em><\/strong><\/p>\n\n\n\n<h4 class=\"wp-block-heading has-text-align-left has-vivid-purple-color has-text-color has-link-color wp-elements-ee387d0d5662abedfabb7986a324d730\"><br><strong><em>Oraci\u00f3n:<\/em><\/strong><\/h4>\n\n\n\n<p class=\"has-text-align-left\"><strong><em>Mar\u00eda, aceptaste ser la madre de Jes\u00fas,<br>El Hijo de Dios<br>y cumpliste fielmente<br>tu santa misi\u00f3n.<br>Intensa fue la vida de familia<br>en tu hogar de Nazaret.<br>Mar\u00eda, velaste con amor&nbsp;<br>por tu familia y por tu casa,<br>Fuiste ternura a manos llenas&nbsp;<br>hacia los tuyos,<br>Acunaste y guiaste los pasos&nbsp;<br>de Dios hecho ni\u00f1o,<br>Acompa\u00f1aste estremecida&nbsp;<br>su desarrollo y crecimiento<br>y lo viste partir, dispuesta&nbsp;<br>siempre a los planes de Dios.<br>Mar\u00eda, ens\u00e9\u00f1anos a valorar&nbsp;<br>y dignificar la vida de familia;<br>mu\u00e9stranos el camino<br>del di\u00e1logo&nbsp;y la comprensi\u00f3n;<br>haz que aprendamos a escucharnos<br>y a querernos incondicionalmente.<br>Mar\u00eda, cuida de cada una<br>de nuestras familias,<br>como cuidaste de tu familia de Nazaret.<\/em><\/strong><\/p>\n\n\n\n<h4 class=\"wp-block-heading has-vivid-purple-color has-text-color has-link-color wp-elements-09b85cada862174c71e39049e67b7549\"><br><strong><em>Intenciones:<\/em><\/strong><\/h4>\n\n\n\n<p>Por el curso de formaci\u00f3n de Hermanos que se preparan a la profesi\u00f3n perpetua<br>Por la beatificaci\u00f3n de Juan Mar\u00eda de la Mennais.<br>Por el Distrito San Pablo (Togo, Ben\u00edn, costa de Marfil, Senegal).<br>Por la familia menesiana de Huatusco (M\u00e9xico) y la comunidad de Shawinigan en Qu\u00e9bec (Canad\u00e1).<\/p>\n\n\n\n<h4 class=\"wp-block-heading has-text-align-left has-vivid-purple-color has-text-color has-link-color wp-elements-ce1b100c1883de0023905ff80d40cf85\"><br><strong><em>Constituciones 45:<\/em><\/strong><\/h4>\n\n\n\n<p class=\"has-text-align-left\">(Los Hermanos) consagran a la lectura espiritual, especialmente de la Sagrada Escritura, dos horas por semana como m\u00ednimo.<\/p>\n\n\n\n<h4 class=\"wp-block-heading has-text-align-left has-vivid-purple-color has-text-color has-link-color wp-elements-5bf6b6bb7fa22d4bfafb9172f1d1ea64\"><br><strong><em>A los sacerdotes de Saint-M\u00e9en, retiro de 1828:<\/em><\/strong><\/h4>\n\n\n\n<p class=\"has-text-align-left\">Es f\u00e1cil decir que se quiere ser todo de Dios, pero es raro que se quiera eso plenamente, fuertemente y sin dejar fluctuar una voluntad en la que la parte que se eleva hacia el cielo lucha contra la que se inclina a la tierra.<\/p>\n\n\n\n<h4 class=\"wp-block-heading has-vivid-purple-color has-text-color has-link-color wp-elements-d56c7b2de237b14cd29c1ec180441b3a\"><br><strong><em>Difuntos: <\/em><\/strong><\/h4>\n\n\n\n<p class=\"has-text-align-left\">1967: Th\u00e9odore-Pierre Boschet<br>1969: Corentin Menth\u00e9 (Bruno-Marie)<br>2012: Jean le Duff (Augustin-Herv\u00e9)<br>2020: Francis M\u00e9nard (Ren\u00e9)<\/p>\n","protected":false},"excerpt":{"rendered":"<p>1946 &#8211; Feliz resultado de la Congregaci\u00f3n antepreparatoria, relativa a la heroicidad de las virtudes de nuestro Venerable Padre de la Mennais. Oraci\u00f3n: Mar\u00eda, aceptaste ser la madre de Jes\u00fas,El Hijo de Diosy cumpliste fielmentetu santa misi\u00f3n.Intensa fue la vida de familiaen tu hogar de Nazaret.Mar\u00eda, velaste con amor&nbsp;por tu familia y por tu casa,Fuiste &hellip; <a href=\"https:\/\/menesianosoy.org\/index.php\/2024\/07\/20\/santa-brigida-2\/\" class=\"more-link\">Continue reading<span class=\"screen-reader-text\"> \u00abSanta Br\u00edgida\u00bb<\/span><\/a><\/p>\n","protected":false},"author":3,"featured_media":0,"comment_status":"closed","ping_status":"closed","sticky":false,"template":"","format":"standard","meta":{"_acf_changed":false,"footnotes":""},"categories":[3],"tags":[],"class_list":["post-14680","post","type-post","status-publish","format-standard","hentry","category-calendario"],"acf":[],"_links":{"self":[{"href":"https:\/\/menesianosoy.org\/index.php\/wp-json\/wp\/v2\/posts\/14680","targetHints":{"allow":["GET"]}}],"collection":[{"href":"https:\/\/menesianosoy.org\/index.php\/wp-json\/wp\/v2\/posts"}],"about":[{"href":"https:\/\/menesianosoy.org\/index.php\/wp-json\/wp\/v2\/types\/post"}],"author":[{"embeddable":true,"href":"https:\/\/menesianosoy.org\/index.php\/wp-json\/wp\/v2\/users\/3"}],"replies":[{"embeddable":true,"href":"https:\/\/menesianosoy.org\/index.php\/wp-json\/wp\/v2\/comments?post=14680"}],"version-history":[{"count":5,"href":"https:\/\/menesianosoy.org\/index.php\/wp-json\/wp\/v2\/posts\/14680\/revisions"}],"predecessor-version":[{"id":14689,"href":"https:\/\/menesianosoy.org\/index.php\/wp-json\/wp\/v2\/posts\/14680\/revisions\/14689"}],"wp:attachment":[{"href":"https:\/\/menesianosoy.org\/index.php\/wp-json\/wp\/v2\/media?parent=14680"}],"wp:term":[{"taxonomy":"category","embeddable":true,"href":"https:\/\/menesianosoy.org\/index.php\/wp-json\/wp\/v2\/categories?post=14680"},{"taxonomy":"post_tag","embeddable":true,"href":"https:\/\/menesianosoy.org\/index.php\/wp-json\/wp\/v2\/tags?post=14680"}],"curies":[{"name":"wp","href":"https:\/\/api.w.org\/{rel}","templated":true}]}}