{"id":14853,"date":"2024-07-29T18:30:21","date_gmt":"2024-07-29T21:30:21","guid":{"rendered":"https:\/\/menesianosoy.org\/?p=14853"},"modified":"2024-07-29T18:43:10","modified_gmt":"2024-07-29T21:43:10","slug":"san-ignacio-de-loyola-2","status":"publish","type":"post","link":"https:\/\/menesianosoy.org\/index.php\/2024\/07\/29\/san-ignacio-de-loyola-2\/","title":{"rendered":"San Ignacio de Loyola"},"content":{"rendered":"\n<p class=\"has-text-align-left\"><strong><em>1903 &#8211; Apertura en Lujua, cerca de Bilbao, del primer centro educativo menesiano en Espa\u00f1a.<\/em><\/strong><\/p>\n\n\n\n<h4 class=\"wp-block-heading has-text-align-left has-vivid-purple-color has-text-color has-link-color wp-elements-ee387d0d5662abedfabb7986a324d730\"><br><strong><em>Oraci\u00f3n:<\/em><\/strong><\/h4>\n\n\n\n<p class=\"has-text-align-left\"><strong><em>Se\u00f1or,<br>que puedas encontrar en nosotros<br>todas las perfecciones de tu Hijo,<br>que seamos,<br>en la medida que lo permita<br>la debilidad humana,<br>revestidos de Jesucristo,<br>que sigamos a Cristo<br>en todos sus caminos,<br>que juzguemos todas las cosas<br>como \u00e9l las juzga,<br>que amemos lo que \u00e9l ama,<br>que despreciemos lo que \u00e9l desprecia.<br>En una palabra,<br>que todos nuestros pensamientos<br>sean conformes a sus pensamientos<br>y que seamos su imagen viva. Am\u00e9n<br>(Juan Mar\u00eda)<\/em><\/strong><\/p>\n\n\n\n<h4 class=\"wp-block-heading has-text-align-left has-vivid-purple-color has-text-color has-link-color wp-elements-d7db2ffc8ebbc10abc0b559de040a9b9\"><br><strong><em>Intenciones:<\/em><\/strong><\/h4>\n\n\n\n<ul class=\"wp-block-list\">\n<li>Por los Hermanos y laicos de la Provincia del Pilar, Espa\u00f1a.<\/li>\n\n\n\n<li>Por el curso de formaci\u00f3n de los Hermanos que se preparan a la profesi\u00f3n perpetua, en especial por los Hnos. Walter y Louis. <\/li>\n\n\n\n<li>Por los jesuitas.<\/li>\n\n\n\n<li>Por los Hermanos y los Laicos comprometidos en actividades evangelizadoras.<\/li>\n\n\n\n<li>Por la comunidad de Derval-St Donatien (Francia)<\/li>\n<\/ul>\n\n\n\n<h4 class=\"wp-block-heading has-text-align-left has-vivid-purple-color has-text-color has-link-color wp-elements-24ec36d8be50bcfbe79801465afbed40\"><br><strong><em>Constituciones 51:<\/em><\/strong><\/h4>\n\n\n\n<p class=\"has-text-align-left\">Las aptitudes para la vida de Hermano y un atractivo por ella que haya resistido la prueba del tiempo, son signos de una invitaci\u00f3n del Se\u00f1or. La vocaci\u00f3n, que exige como respuesta el don total de s\u00ed mismo por amor, se clarifica y se cultiva con la ayuda de otras personas, instrumentos de la gracia de Dios.<\/p>\n\n\n\n<h4 class=\"wp-block-heading has-text-align-left has-vivid-purple-color has-text-color has-link-color wp-elements-415551c68dceaedfff08857780e2a1e6\"><br><strong><em>A la se\u00f1orita H\u00e9lene Lucini\u00e8re, 24 de enero de 1853:<\/em><\/strong><\/h4>\n\n\n\n<p class=\"has-text-align-left\">\u00a1Que se haga la santa voluntad de Dios! \u00a1Quiero trabajar en su gloria hasta la \u00faltima hora de mi \u00faltimo d\u00eda!<\/p>\n\n\n\n<h4 class=\"wp-block-heading has-text-align-left has-vivid-purple-color has-text-color has-link-color wp-elements-a77aba329315af5c37d1ef3d7a73d551\"><br><strong><em>Difuntos: <\/em><\/strong><\/h4>\n\n\n\n<p class=\"has-text-align-left\">1954: Th\u00e9ophile-Joseph Bid\u00e9<br>1971: G\u00e9rard Nadeau (Augustin-G\u00e9rard)<br>2005: Cassian Kihuru<br>2009: Fran\u00e7ois Louis Fournier (Louis-Ang\u00e9sile)<\/p>\n","protected":false},"excerpt":{"rendered":"<p>1903 &#8211; Apertura en Lujua, cerca de Bilbao, del primer centro educativo menesiano en Espa\u00f1a. Oraci\u00f3n: Se\u00f1or,que puedas encontrar en nosotrostodas las perfecciones de tu Hijo,que seamos,en la medida que lo permitala debilidad humana,revestidos de Jesucristo,que sigamos a Cristoen todos sus caminos,que juzguemos todas las cosascomo \u00e9l las juzga,que amemos lo que \u00e9l ama,que despreciemos &hellip; <a href=\"https:\/\/menesianosoy.org\/index.php\/2024\/07\/29\/san-ignacio-de-loyola-2\/\" class=\"more-link\">Continue reading<span class=\"screen-reader-text\"> \u00abSan Ignacio de Loyola\u00bb<\/span><\/a><\/p>\n","protected":false},"author":3,"featured_media":0,"comment_status":"closed","ping_status":"closed","sticky":false,"template":"","format":"standard","meta":{"_acf_changed":false,"footnotes":""},"categories":[3],"tags":[],"class_list":["post-14853","post","type-post","status-publish","format-standard","hentry","category-calendario"],"acf":[],"_links":{"self":[{"href":"https:\/\/menesianosoy.org\/index.php\/wp-json\/wp\/v2\/posts\/14853","targetHints":{"allow":["GET"]}}],"collection":[{"href":"https:\/\/menesianosoy.org\/index.php\/wp-json\/wp\/v2\/posts"}],"about":[{"href":"https:\/\/menesianosoy.org\/index.php\/wp-json\/wp\/v2\/types\/post"}],"author":[{"embeddable":true,"href":"https:\/\/menesianosoy.org\/index.php\/wp-json\/wp\/v2\/users\/3"}],"replies":[{"embeddable":true,"href":"https:\/\/menesianosoy.org\/index.php\/wp-json\/wp\/v2\/comments?post=14853"}],"version-history":[{"count":3,"href":"https:\/\/menesianosoy.org\/index.php\/wp-json\/wp\/v2\/posts\/14853\/revisions"}],"predecessor-version":[{"id":14857,"href":"https:\/\/menesianosoy.org\/index.php\/wp-json\/wp\/v2\/posts\/14853\/revisions\/14857"}],"wp:attachment":[{"href":"https:\/\/menesianosoy.org\/index.php\/wp-json\/wp\/v2\/media?parent=14853"}],"wp:term":[{"taxonomy":"category","embeddable":true,"href":"https:\/\/menesianosoy.org\/index.php\/wp-json\/wp\/v2\/categories?post=14853"},{"taxonomy":"post_tag","embeddable":true,"href":"https:\/\/menesianosoy.org\/index.php\/wp-json\/wp\/v2\/tags?post=14853"}],"curies":[{"name":"wp","href":"https:\/\/api.w.org\/{rel}","templated":true}]}}