{"id":14887,"date":"2024-07-30T16:18:26","date_gmt":"2024-07-30T19:18:26","guid":{"rendered":"https:\/\/menesianosoy.org\/?p=14887"},"modified":"2024-07-30T17:00:14","modified_gmt":"2024-07-30T20:00:14","slug":"san-eusebio-de-vercelli-san-pedro-julian-eymard","status":"publish","type":"post","link":"https:\/\/menesianosoy.org\/index.php\/2024\/07\/30\/san-eusebio-de-vercelli-san-pedro-julian-eymard\/","title":{"rendered":"San Eusebio de Vercelli \u2013 San Pedro Juli\u00e1n Eymard"},"content":{"rendered":"\n<h4 class=\"wp-block-heading has-text-align-left has-vivid-purple-color has-text-color has-link-color wp-elements-ee387d0d5662abedfabb7986a324d730\"><br><strong><em>Oraci\u00f3n:<\/em><\/strong><\/h4>\n\n\n\n<p class=\"has-text-align-left\"><strong><em>Se\u00f1or, que has dicho:<br>Dejen que los ni\u00f1os vengan a M\u00ed.<br>T\u00fa me has inspirado el deseo<br>de dedicar mi vida<br>a los ni\u00f1os y j\u00f3venes<br>para llevarlos a Ti.<br>D\u00edgnate bendecir mi vocaci\u00f3n,<br>as\u00edsteme en mis trabajos de hoy,<br>derrama sobre m\u00ed,<br>sobre todos mis hermanos<br>y sobre todos los que trabajamos<br>en esta obra educativa,<br>el esp\u00edritu de fortaleza,<br>de caridad y de humildad,<br>para que nada nos aparte<br>de tu servicio.<br>Haz que hoy cumpla con celo<br>el ministerio educativo<br>al que nos has consagrado.<br>Hazme perseverar hasta el fin<br>para alcanzar as\u00ed<br>la salvaci\u00f3n que nos<br>has prometido. Am\u00e9n<\/em><\/strong><\/p>\n\n\n\n<h4 class=\"wp-block-heading has-text-align-left has-vivid-purple-color has-text-color has-link-color wp-elements-d7db2ffc8ebbc10abc0b559de040a9b9\"><br><strong><em>Intenciones:<\/em><\/strong><\/h4>\n\n\n\n<ul class=\"wp-block-list\">\n<li>Por el curso de formaci\u00f3n de los Hermanos que se preparan a la profesi\u00f3n perpetua.<\/li>\n\n\n\n<li>Por la Provincia San Luis Gonzaga (Hait\u00ed).<\/li>\n\n\n\n<li>Por la comunidad educativa de La Escuelita de Luj\u00e1n de Cuyo<\/li>\n\n\n\n<li>Por la comunidad de Zamora (Espa\u00f1a) y las comunidades de P\u00e9tionville (Hait\u00ed).<\/li>\n<\/ul>\n\n\n\n<h4 class=\"wp-block-heading has-text-align-left has-vivid-purple-color has-text-color has-link-color wp-elements-6be76683e45c3d340cf2cb38ebe4c873\"><br><strong><em>Constituciones 52 b:<\/em><\/strong><\/h4>\n\n\n\n<p class=\"has-text-align-left\">Un religioso se interesa por todas las formas de vocaci\u00f3n, pero quien estima y ama su estado experimenta el leg\u00edtimo deseo de asegurar el desarrollo y la vitalidad de su familia religiosa.<\/p>\n\n\n\n<h4 class=\"wp-block-heading has-text-align-left has-vivid-purple-color has-text-color has-link-color wp-elements-8dad25e6c72d0ad886c4ce597dd2aa28\"><br><strong><em>A los Sacerdotes de Saint-M\u00e9en. Serm\u00f3n sobre la humildad y la separaci\u00f3n del mundo:<\/em><\/strong><\/h4>\n\n\n\n<p class=\"has-text-align-left\">\u00bfNo sucede que, despu\u00e9s de haber renunciado a todos los bienes y a todos los honores del mundo, nos empe\u00f1amos en ser ricos de consideraci\u00f3n en nuestra Congregaci\u00f3n, en ser colocados con distinci\u00f3n, en gozar en ella de una reputaci\u00f3n de talento y de saber? \u00a1Cu\u00e1ntas miserias!<\/p>\n\n\n\n<h4 class=\"wp-block-heading has-text-align-left has-vivid-purple-color has-text-color has-link-color wp-elements-a77aba329315af5c37d1ef3d7a73d551\"><br><strong><em>Difuntos: <\/em><\/strong><\/h4>\n\n\n\n<p class=\"has-text-align-left\">1974: Sylvester Molloy (Ambroise-Joseph)<br>1983: <strong>Jos\u00e9 S\u00e1iz (Isidro)<\/strong>. Naci\u00f3 en Montejo de Bricia (Burgos) en 1908. Muri\u00f3 en Bilbao.<br>2016: Romain Dudemaine (Romain-Georges)<br>2020: L\u00e9o Paul Cloutier (Laurent-No\u00ebl)<\/p>\n","protected":false},"excerpt":{"rendered":"<p>Oraci\u00f3n: Se\u00f1or, que has dicho:Dejen que los ni\u00f1os vengan a M\u00ed.T\u00fa me has inspirado el deseode dedicar mi vidaa los ni\u00f1os y j\u00f3venespara llevarlos a Ti.D\u00edgnate bendecir mi vocaci\u00f3n,as\u00edsteme en mis trabajos de hoy,derrama sobre m\u00ed,sobre todos mis hermanosy sobre todos los que trabajamosen esta obra educativa,el esp\u00edritu de fortaleza,de caridad y de humildad,para que &hellip; <a href=\"https:\/\/menesianosoy.org\/index.php\/2024\/07\/30\/san-eusebio-de-vercelli-san-pedro-julian-eymard\/\" class=\"more-link\">Continue reading<span class=\"screen-reader-text\"> \u00abSan Eusebio de Vercelli \u2013 San Pedro Juli\u00e1n Eymard\u00bb<\/span><\/a><\/p>\n","protected":false},"author":3,"featured_media":0,"comment_status":"closed","ping_status":"closed","sticky":false,"template":"","format":"standard","meta":{"_acf_changed":false,"footnotes":""},"categories":[3],"tags":[],"class_list":["post-14887","post","type-post","status-publish","format-standard","hentry","category-calendario"],"acf":[],"_links":{"self":[{"href":"https:\/\/menesianosoy.org\/index.php\/wp-json\/wp\/v2\/posts\/14887","targetHints":{"allow":["GET"]}}],"collection":[{"href":"https:\/\/menesianosoy.org\/index.php\/wp-json\/wp\/v2\/posts"}],"about":[{"href":"https:\/\/menesianosoy.org\/index.php\/wp-json\/wp\/v2\/types\/post"}],"author":[{"embeddable":true,"href":"https:\/\/menesianosoy.org\/index.php\/wp-json\/wp\/v2\/users\/3"}],"replies":[{"embeddable":true,"href":"https:\/\/menesianosoy.org\/index.php\/wp-json\/wp\/v2\/comments?post=14887"}],"version-history":[{"count":5,"href":"https:\/\/menesianosoy.org\/index.php\/wp-json\/wp\/v2\/posts\/14887\/revisions"}],"predecessor-version":[{"id":14894,"href":"https:\/\/menesianosoy.org\/index.php\/wp-json\/wp\/v2\/posts\/14887\/revisions\/14894"}],"wp:attachment":[{"href":"https:\/\/menesianosoy.org\/index.php\/wp-json\/wp\/v2\/media?parent=14887"}],"wp:term":[{"taxonomy":"category","embeddable":true,"href":"https:\/\/menesianosoy.org\/index.php\/wp-json\/wp\/v2\/categories?post=14887"},{"taxonomy":"post_tag","embeddable":true,"href":"https:\/\/menesianosoy.org\/index.php\/wp-json\/wp\/v2\/tags?post=14887"}],"curies":[{"name":"wp","href":"https:\/\/api.w.org\/{rel}","templated":true}]}}