{"id":15147,"date":"2024-08-11T09:41:06","date_gmt":"2024-08-11T12:41:06","guid":{"rendered":"https:\/\/menesianosoy.org\/?p=15147"},"modified":"2024-08-11T17:10:47","modified_gmt":"2024-08-11T20:10:47","slug":"santa-juana-francisca-de-chantal-2","status":"publish","type":"post","link":"https:\/\/menesianosoy.org\/index.php\/2024\/08\/11\/santa-juana-francisca-de-chantal-2\/","title":{"rendered":"Santa Juana Francisca de Chantal"},"content":{"rendered":"\n<p class=\"has-text-align-left\"><strong><em>1890 &#8211; En Plo\u00ebrmel, ciento diez Hermanos, con el Superior General a la cabeza, pronuncian los tres votos perpetuos.<\/em><\/strong><\/p>\n\n\n\n<h4 class=\"wp-block-heading has-text-align-left has-vivid-purple-color has-text-color has-link-color wp-elements-ee387d0d5662abedfabb7986a324d730\"><br><strong><em>Oraci\u00f3n:<\/em><\/strong><\/h4>\n\n\n\n<p class=\"has-text-align-left\"><strong><em>Se\u00f1or,<br>que puedas encontrar en nosotros<br>todas las perfecciones de tu Hijo,<br>que seamos,<br>en la medida que lo permita<br>la debilidad humana,<br>revestidos de Jesucristo,<br>que sigamos a Cristo<br>en todos sus caminos,<br>que juzguemos todas las cosas<br>como \u00e9l las juzga,<br>que amemos lo que \u00e9l ama,<br>que despreciemos lo que \u00e9l desprecia.<br>En una palabra,<br>que todos nuestros pensamientos<br>sean conformes a sus pensamientos<br>y que seamos su imagen viva. Am\u00e9n<br>(Juan Mar\u00eda)<\/em><\/strong><\/p>\n\n\n\n<h4 class=\"wp-block-heading has-text-align-left has-vivid-purple-color has-text-color has-link-color wp-elements-d7db2ffc8ebbc10abc0b559de040a9b9\"><br><strong><em>Intenciones:<\/em><\/strong><\/h4>\n\n\n\n<ul class=\"wp-block-list\">\n<li>Por los Hermanos que se preparan a la profesi\u00f3n perpetua<\/li>\n\n\n\n<li>Por la familia menesiana del Dionisio D\u00edaz de Maldonado<\/li>\n\n\n\n<li>Por el eterno descanso del H. Marcello Simeoni de Italia.<\/li>\n\n\n\n<li>Por 7 novicios de Dapaong que est\u00e1n haciendo el retiro previo a la 1\u00aa profesi\u00f3n.<\/li>\n\n\n\n<li>Por la comunidad de Aguilar de Campoo (Espa\u00f1a) y la de Dungu (Congo).<\/li>\n<\/ul>\n\n\n\n<h4 class=\"wp-block-heading has-text-align-left has-vivid-purple-color has-text-color has-link-color wp-elements-f5faf57bd7f2665675b41dbd1ba64e03\"><br><strong><em>Directorio 67 a:<\/em><\/strong><\/h4>\n\n\n\n<p class=\"has-text-align-left\">Al llegar a la edad de la jubilaci\u00f3n o al cesar en una ocupaci\u00f3n regular, los Hermanos no dejan de hacer el bien: seg\u00fan sus capacidades y sus fuerzas procuran prestar servicio, especialmente en el quehacer apost\u00f3lico.<\/p>\n\n\n\n<h4 class=\"wp-block-heading has-text-align-left has-vivid-purple-color has-text-color has-link-color wp-elements-6ebe7475bc332f0a6a95530dc535e6d7\"><br><strong><em>A los sacerdotes de Saint-M\u00e9en. Serm\u00f3n la perfecci\u00f3n:<\/em><\/strong><\/h4>\n\n\n\n<p class=\"has-text-align-left\">No nos desanimemos: ayud\u00e9monos los unos a los otros a caminar con paso firme por el camino que Dios nos llama y que debe conducirnos a \u00c9l.<\/p>\n\n\n\n<h4 class=\"wp-block-heading has-text-align-left has-vivid-purple-color has-text-color has-link-color wp-elements-a77aba329315af5c37d1ef3d7a73d551\"><br><strong><em>Difuntos: <\/em><\/strong><\/h4>\n\n\n\n<p class=\"has-text-align-left\">1978: Joseph Le Saux (Joseph-Ren\u00e9)<br>2002: G\u00e9rard Drouin (Raynald-Marie)<br>2006: Henri Denoual (Joseph-Alexandre)<br>2015: Raymond Guillemet (Louis-Julien)<\/p>\n","protected":false},"excerpt":{"rendered":"<p>1890 &#8211; En Plo\u00ebrmel, ciento diez Hermanos, con el Superior General a la cabeza, pronuncian los tres votos perpetuos. Oraci\u00f3n: Se\u00f1or,que puedas encontrar en nosotrostodas las perfecciones de tu Hijo,que seamos,en la medida que lo permitala debilidad humana,revestidos de Jesucristo,que sigamos a Cristoen todos sus caminos,que juzguemos todas las cosascomo \u00e9l las juzga,que amemos lo &hellip; <a href=\"https:\/\/menesianosoy.org\/index.php\/2024\/08\/11\/santa-juana-francisca-de-chantal-2\/\" class=\"more-link\">Continue reading<span class=\"screen-reader-text\"> \u00abSanta Juana Francisca de Chantal\u00bb<\/span><\/a><\/p>\n","protected":false},"author":3,"featured_media":0,"comment_status":"closed","ping_status":"closed","sticky":false,"template":"","format":"standard","meta":{"_acf_changed":false,"footnotes":""},"categories":[3],"tags":[],"class_list":["post-15147","post","type-post","status-publish","format-standard","hentry","category-calendario"],"acf":[],"_links":{"self":[{"href":"https:\/\/menesianosoy.org\/index.php\/wp-json\/wp\/v2\/posts\/15147","targetHints":{"allow":["GET"]}}],"collection":[{"href":"https:\/\/menesianosoy.org\/index.php\/wp-json\/wp\/v2\/posts"}],"about":[{"href":"https:\/\/menesianosoy.org\/index.php\/wp-json\/wp\/v2\/types\/post"}],"author":[{"embeddable":true,"href":"https:\/\/menesianosoy.org\/index.php\/wp-json\/wp\/v2\/users\/3"}],"replies":[{"embeddable":true,"href":"https:\/\/menesianosoy.org\/index.php\/wp-json\/wp\/v2\/comments?post=15147"}],"version-history":[{"count":6,"href":"https:\/\/menesianosoy.org\/index.php\/wp-json\/wp\/v2\/posts\/15147\/revisions"}],"predecessor-version":[{"id":15170,"href":"https:\/\/menesianosoy.org\/index.php\/wp-json\/wp\/v2\/posts\/15147\/revisions\/15170"}],"wp:attachment":[{"href":"https:\/\/menesianosoy.org\/index.php\/wp-json\/wp\/v2\/media?parent=15147"}],"wp:term":[{"taxonomy":"category","embeddable":true,"href":"https:\/\/menesianosoy.org\/index.php\/wp-json\/wp\/v2\/categories?post=15147"},{"taxonomy":"post_tag","embeddable":true,"href":"https:\/\/menesianosoy.org\/index.php\/wp-json\/wp\/v2\/tags?post=15147"}],"curies":[{"name":"wp","href":"https:\/\/api.w.org\/{rel}","templated":true}]}}