{"id":15197,"date":"2024-08-11T18:12:44","date_gmt":"2024-08-11T21:12:44","guid":{"rendered":"https:\/\/menesianosoy.org\/?p=15197"},"modified":"2024-08-15T06:51:23","modified_gmt":"2024-08-15T09:51:23","slug":"asuncion-de-la-virgen-maria-virgen-de-urkupina","status":"publish","type":"post","link":"https:\/\/menesianosoy.org\/index.php\/2024\/08\/11\/asuncion-de-la-virgen-maria-virgen-de-urkupina\/","title":{"rendered":"Asunci\u00f3n de la Virgen Mar\u00eda &#8211; Virgen de Urkupi\u00f1a"},"content":{"rendered":"\n<h5 class=\"wp-block-heading has-text-align-left has-luminous-vivid-orange-color has-text-color has-link-color wp-elements-487c592c7dfc9a8cd8abecbc1316176a\"><br><strong><em>Fiesta patronal de la Congregaci\u00f3n<\/em><\/strong><\/h5>\n\n\n\n<figure class=\"wp-block-image size-full\"><img loading=\"lazy\" decoding=\"async\" width=\"300\" height=\"419\" src=\"https:\/\/menesianosoy.org\/wp-content\/uploads\/2024\/08\/Asuncion.jpg\" alt=\"\" class=\"wp-image-15204\" srcset=\"https:\/\/menesianosoy.org\/wp-content\/uploads\/2024\/08\/Asuncion.jpg 300w, https:\/\/menesianosoy.org\/wp-content\/uploads\/2024\/08\/Asuncion-215x300.jpg 215w\" sizes=\"auto, (max-width: 300px) 85vw, 300px\" \/><\/figure>\n\n\n\n<p class=\"has-text-align-left\"><strong><em>Apocalipsis 11,19; 12, 1-6. 10<br>Salmo 44, 10-12. 15-16<br>1\u00aa Corintios 15, 20-27<\/em><\/strong><\/p>\n\n\n\n<h4 class=\"wp-block-heading has-text-align-left has-vivid-cyan-blue-color has-text-color has-link-color wp-elements-26424890fa21d9452a8efd97eba49a39\"><br><strong>Evangelio: Lucas 1, 39-56<\/strong><\/h4>\n\n\n\n<p class=\"has-text-align-left\"><strong><em>En aquellos d\u00edas, Mar\u00eda parti\u00f3 y fue sin demora a un pueblo de la monta\u00f1a de Jud\u00e1. Entr\u00f3 en la casa de Zacar\u00edas y salud\u00f3 a Isabel.<br>Apenas esta oy\u00f3 el saludo de Mar\u00eda, el ni\u00f1o salt\u00f3 de alegr\u00eda en su seno, e Isabel, llena del Esp\u00edritu Santo, exclam\u00f3: \u00a1T\u00fa eres bendita entre todas las mujeres y bendito es el fruto de tu vientre! \u00bfQui\u00e9n soy yo, para que la madre de mi Se\u00f1or venga a visitarme? Apenas o\u00ed tu saludo, el ni\u00f1o salt\u00f3 de alegr\u00eda en mi seno. Feliz de ti por haber cre\u00eddo que se cumplir\u00e1 lo que te fue anunciado de parte del Se\u00f1or.<br>Mar\u00eda dijo entonces:<br>Mi alma canta la grandeza del Se\u00f1or, y mi esp\u00edritu se estremece de gozo en Dios, mi salvador, porque el mir\u00f3 con bondad la peque\u00f1ez de su servidora.<br>En adelante todas las generaciones me llamar\u00e1n feliz, porque el Todopoderoso ha hecho en m\u00ed grandes cosas: \u00a1su Nombre es santo!<br>Su misericordia se extiende de generaci\u00f3n en generaci\u00f3n sobre aquellos que lo temen.<br>Despleg\u00f3 la fuerza de su brazo, dispers\u00f3 a los soberbios de coraz\u00f3n.<br>Derrib\u00f3 a los poderosos de su trono y elev\u00f3 a los humildes.<br>Colm\u00f3 de bienes a los hambrientos y despidi\u00f3 a los ricos con las manos vac\u00edas.<br>Socorri\u00f3 a Israel, su servidor, acord\u00e1ndose de su misericordia, como lo hab\u00eda prometido a nuestros padres, en favor de Abraham y de su descendencia para siempre.<br>Mar\u00eda permaneci\u00f3 con Isabel unos tres meses y luego regres\u00f3 a su casa.<\/em><\/strong><\/p>\n\n\n\n<figure class=\"wp-block-image size-full\"><img loading=\"lazy\" decoding=\"async\" width=\"275\" height=\"183\" src=\"https:\/\/menesianosoy.org\/wp-content\/uploads\/2024\/08\/images-1.jpeg\" alt=\"\" class=\"wp-image-15206\"\/><\/figure>\n\n\n\n<p class=\"has-text-align-left\">Es una de esas \u2018grandes cosas\u2019 la que celebramos hoy: Mar\u00eda es asunta al cielo: peque\u00f1a y humilde, es la primera en recibir la gloria m\u00e1s alta. Ella, que es una criatura humana, una de nosotros, llega a la eternidad en cuerpo y alma. Y all\u00ed nos espera, como una madre espera que sus hijos vuelvan a casa. En efecto, el pueblo de Dios la invoca como \u00abpuerta del cielo\u00bb. Nosotros estamos en camino, peregrinos hacia la casa de all\u00e1 arriba. Hoy miramos a Mar\u00eda y vemos la meta. Vemos que una criatura ha sido asunta a la gloria de Jesucristo resucitado, y esa criatura s\u00f3lo pod\u00eda ser ella, la Madre del Redentor. Vemos que, en el para\u00edso, junto con Cristo, el nuevo Ad\u00e1n, est\u00e1 tambi\u00e9n ella, Mar\u00eda, la nueva Eva, y esto nos da consuelo y esperanza en nuestra peregrinaci\u00f3n aqu\u00ed abajo.<br><br>La fiesta de la Asunci\u00f3n de Mar\u00eda es una llamada para todos nosotros, especialmente para los que est\u00e1n afligidos por las dudas y la tristeza, y miran hacia abajo sin poder levantar la mirada. Miremos hacia arriba, el cielo est\u00e1 abierto. No infunde miedo, ya no est\u00e1 distante, porque en el umbral del cielo hay una madre que nos espera y es nuestra madre. Nos ama, nos sonr\u00ede y nos socorre con delicadeza. Como toda madre, quiere lo mejor para sus hijos y nos dice: \u201cSon preciosos a los ojos de Dios; no est\u00e1n hechos para las peque\u00f1as satisfacciones del mundo, sino para las grandes alegr\u00edas del cielo\u201d. S\u00ed, porque Dios es alegr\u00eda, no aburrimiento. Dios es alegr\u00eda. Dej\u00e9monos llevar por la mano de la Virgen. Cada vez que tomamos el Rosario en nuestras manos y lo rezamos, damos un paso adelante hacia la gran meta de la vida.<br><br>Dej\u00e9monos atraer por la verdadera belleza, y no absorber por las peque\u00f1eces de la vida. Escojamos, en cambio, la grandeza del cielo. Qu\u00e9 la Sant\u00edsima Virgen, Puerta al Cielo, nos ayude a mirar con confianza y alegr\u00eda cada d\u00eda al lugar donde est\u00e1 nuestro verdadero hogar, donde est\u00e1 Ella, que como Madre nos espera. (Papa Francisco, 15-08-2019)<\/p>\n\n\n\n<p><br><strong>M\u00c1XIMA<br>Mar\u00eda, ruega por nosotros<\/strong><\/p>\n\n\n\n<h4 class=\"wp-block-heading has-text-align-left has-vivid-cyan-blue-color has-text-color has-link-color wp-elements-fc106bf8187ed34fa9151c6c240c10b4\"><br><strong>Palabras de Juan Mar\u00eda<\/strong><\/h4>\n\n\n\n<p class=\"has-text-align-left\"><img decoding=\"async\" class=\"wp-image-618\" style=\"width: 150px;\" src=\"https:\/\/menesianosoy.org\/wp-content\/uploads\/2023\/08\/j.png\" alt=\"\"><br><em>Seg\u00fan San Bernardo, la Asunci\u00f3n de Mar\u00eda no es menos inefable que la generaci\u00f3n del mismo Verbo. La generaci\u00f3n del Verbo es un misterio de abajamiento, la asunci\u00f3n de Mar\u00eda es un misterio de gloria, pero tanto el uno como el otro est\u00e1n por encima de nuestros pensamientos. Todo lo que podemos decir es que estos dos misterios est\u00e1n \u00edntimamente unidos, porque habi\u00e9ndose dignado Jesucristo en tomar en el seno de Mar\u00eda un cuerpo semejante al nuestro, era justo que la preservase de la corrupci\u00f3n de la tumba como la hab\u00eda preservado del pecado original y de sus consecuencias. Era justo que la elevase en el cielo por encima de toda cosa creada puesto que ninguna criatura hab\u00eda estado unida tan \u00edntimamente a \u00e9l y ninguna se hab\u00eda asociado tan perfectamente a sus dolores y a su sacrificio\u201d. (S 72)<\/em><\/p>\n\n\n\n<h4 class=\"wp-block-heading has-text-align-left has-vivid-cyan-blue-color has-text-color has-link-color wp-elements-e7a7a214c1c94f48eeaf7199a04c67e5\"><br><strong><em>Junto a ti, Mar\u00eda &#8211; Athenas<\/em><\/strong><\/h4>\n\n\n\n<figure class=\"wp-block-embed is-type-video is-provider-youtube wp-block-embed-youtube wp-embed-aspect-16-9 wp-has-aspect-ratio\"><div class=\"wp-block-embed__wrapper\">\n<iframe loading=\"lazy\" title=\"Junto a Ti Mar\u00eda - Athenas - M\u00fasica Cat\u00f3lica\" width=\"1140\" height=\"641\" src=\"https:\/\/www.youtube.com\/embed\/L5gfdnEcxlU?feature=oembed\" frameborder=\"0\" allow=\"accelerometer; autoplay; clipboard-write; encrypted-media; gyroscope; picture-in-picture; web-share\" referrerpolicy=\"strict-origin-when-cross-origin\" allowfullscreen><\/iframe>\n<\/div><\/figure>\n\n\n\n<p class=\"has-text-align-left\">Junto a ti, Mar\u00eda,<br>como un ni\u00f1o quiero estar.<br>T\u00f3mame en tus brazos,<br>gu\u00edame en mi caminar.<br>Quiero que me eduques,<br>que me ense\u00f1es a rezar.<br>Hazme transparente,<br>ll\u00e9name de paz.<br><br>Madre, madre, madre &#8230;<br><br>Gracias, madre m\u00eda,<br>por llevarnos a Jes\u00fas.<br>Haznos m\u00e1s humildes,<br>tan sencillos como t\u00fa.<br>Gracias, madre m\u00eda,<br>por abrir tu coraz\u00f3n,<br>porque nos congregas<br>y nos das tu amor.<\/p>\n\n\n\n<h4 class=\"wp-block-heading has-text-align-left has-vivid-cyan-blue-color has-text-color has-link-color wp-elements-e3e0529ce60a3be8c9ac1671663b1039\"><br><strong><em>Dulce Mar\u00eda &#8211; Yenny Delgado<\/em><\/strong><\/h4>\n\n\n\n<figure class=\"wp-block-embed is-type-video is-provider-youtube wp-block-embed-youtube wp-embed-aspect-16-9 wp-has-aspect-ratio\"><div class=\"wp-block-embed__wrapper\">\n<iframe loading=\"lazy\" title=\"DULCE MAR\u00cdA (Videoclip) - YENNY CORAL DELGADO - M\u00daSICA DE DIOS.\" width=\"1140\" height=\"641\" src=\"https:\/\/www.youtube.com\/embed\/qUrJJpeKNbU?feature=oembed\" frameborder=\"0\" allow=\"accelerometer; autoplay; clipboard-write; encrypted-media; gyroscope; picture-in-picture; web-share\" referrerpolicy=\"strict-origin-when-cross-origin\" allowfullscreen><\/iframe>\n<\/div><\/figure>\n\n\n\n<p class=\"has-text-align-left\"><br><br><\/p>\n","protected":false},"excerpt":{"rendered":"<p>Fiesta patronal de la Congregaci\u00f3n Apocalipsis 11,19; 12, 1-6. 10Salmo 44, 10-12. 15-161\u00aa Corintios 15, 20-27 Evangelio: Lucas 1, 39-56 En aquellos d\u00edas, Mar\u00eda parti\u00f3 y fue sin demora a un pueblo de la monta\u00f1a de Jud\u00e1. Entr\u00f3 en la casa de Zacar\u00edas y salud\u00f3 a Isabel.Apenas esta oy\u00f3 el saludo de Mar\u00eda, el ni\u00f1o &hellip; <a href=\"https:\/\/menesianosoy.org\/index.php\/2024\/08\/11\/asuncion-de-la-virgen-maria-virgen-de-urkupina\/\" class=\"more-link\">Continue reading<span class=\"screen-reader-text\"> \u00abAsunci\u00f3n de la Virgen Mar\u00eda &#8211; Virgen de Urkupi\u00f1a\u00bb<\/span><\/a><\/p>\n","protected":false},"author":3,"featured_media":0,"comment_status":"closed","ping_status":"closed","sticky":false,"template":"","format":"standard","meta":{"_acf_changed":false,"footnotes":""},"categories":[9],"tags":[],"class_list":["post-15197","post","type-post","status-publish","format-standard","hentry","category-evangelio"],"acf":[],"_links":{"self":[{"href":"https:\/\/menesianosoy.org\/index.php\/wp-json\/wp\/v2\/posts\/15197","targetHints":{"allow":["GET"]}}],"collection":[{"href":"https:\/\/menesianosoy.org\/index.php\/wp-json\/wp\/v2\/posts"}],"about":[{"href":"https:\/\/menesianosoy.org\/index.php\/wp-json\/wp\/v2\/types\/post"}],"author":[{"embeddable":true,"href":"https:\/\/menesianosoy.org\/index.php\/wp-json\/wp\/v2\/users\/3"}],"replies":[{"embeddable":true,"href":"https:\/\/menesianosoy.org\/index.php\/wp-json\/wp\/v2\/comments?post=15197"}],"version-history":[{"count":18,"href":"https:\/\/menesianosoy.org\/index.php\/wp-json\/wp\/v2\/posts\/15197\/revisions"}],"predecessor-version":[{"id":15258,"href":"https:\/\/menesianosoy.org\/index.php\/wp-json\/wp\/v2\/posts\/15197\/revisions\/15258"}],"wp:attachment":[{"href":"https:\/\/menesianosoy.org\/index.php\/wp-json\/wp\/v2\/media?parent=15197"}],"wp:term":[{"taxonomy":"category","embeddable":true,"href":"https:\/\/menesianosoy.org\/index.php\/wp-json\/wp\/v2\/categories?post=15197"},{"taxonomy":"post_tag","embeddable":true,"href":"https:\/\/menesianosoy.org\/index.php\/wp-json\/wp\/v2\/tags?post=15197"}],"curies":[{"name":"wp","href":"https:\/\/api.w.org\/{rel}","templated":true}]}}