{"id":15496,"date":"2024-08-20T15:14:15","date_gmt":"2024-08-20T18:14:15","guid":{"rendered":"https:\/\/menesianosoy.org\/?p=15496"},"modified":"2025-09-27T18:06:54","modified_gmt":"2025-09-27T21:06:54","slug":"la-paz-ii-2","status":"publish","type":"post","link":"https:\/\/menesianosoy.org\/index.php\/2024\/08\/20\/la-paz-ii-2\/","title":{"rendered":"La Paz (II)"},"content":{"rendered":"\n<p class=\"has-text-align-left\">\u00a1Paz a ustedes, hombres de buena voluntad! Pertenecer\u00e1n a Dios en el tiempo, y \u00c9l les dar\u00e1 el c\u00e9ntuplo de lo que han dejado por \u00c9l. Paz en la eternidad, en la Sion santa, donde estar\u00e1n rodeados de todos los ni\u00f1os que a ella habr\u00e1n conducido, y que juntando sus voces a las de los \u00e1ngeles har\u00e1n resonar en los cielos ese hermoso canto: Paz eterna, gloria a los hombres de buena voluntad<em>.<\/em> (Serm\u00f3n VII, p. 2376)<\/p>\n\n\n\n<h4 class=\"wp-block-heading has-text-align-left has-vivid-red-color has-text-color has-link-color wp-elements-b2dff2ff018bdc81199da83a110b2682\"><br><strong>HIMNO<\/strong><\/h4>\n\n\n\n<figure class=\"wp-block-embed is-type-video is-provider-youtube wp-block-embed-youtube wp-embed-aspect-4-3 wp-has-aspect-ratio\"><div class=\"wp-block-embed__wrapper\">\n<iframe loading=\"lazy\" title=\"Antonio Flores - No Dudaria (Video TVE)\" width=\"1140\" height=\"855\" src=\"https:\/\/www.youtube.com\/embed\/F_xbfIgWMHU?feature=oembed\" frameborder=\"0\" allow=\"accelerometer; autoplay; clipboard-write; encrypted-media; gyroscope; picture-in-picture; web-share\" referrerpolicy=\"strict-origin-when-cross-origin\" allowfullscreen><\/iframe>\n<\/div><\/figure>\n\n\n\n<p class=\"has-text-align-left\">Si pudiera olvidar<br>Todo aquello que fui<br>Si pudiera borrar<br>Todo lo que yo vi<br>No dudar\u00eda<br>No dudar\u00eda en volver a re\u00edr<\/p>\n\n\n\n<p>Si pudiera explicar<br>Las vidas que quite<br>Si pudiera quemar<br>Las armas que use<br>No dudar\u00eda<br>No dudar\u00eda en volver a re\u00edr<\/p>\n\n\n\n<p><em>Prometo ver la alegr\u00eda<br>Escarmentar de la experiencia<br>Pero nunca, nunca m\u00e1s<br>Usar la violencia<\/em><\/p>\n\n\n\n<p>Si pudiera sembrar<br>Los campos que arras\u00e9<br>Si pudiera devolver<br>La paz que quit\u00e9<br>No dudar\u00eda<br>No dudar\u00eda en volver a re\u00edr<\/p>\n\n\n\n<p>Si pudiera olvidar<br>Aquel llanto que o\u00ed<br>Si pudiera lograr<br>Apartarlo de m\u00ed<br>No dudar\u00eda<br>No dudar\u00eda en volver a re\u00edr<\/p>\n\n\n\n<h4 class=\"wp-block-heading has-text-align-left has-vivid-red-color has-text-color has-link-color wp-elements-9f402b585241a7def6c79732a7112ebd\"><br><strong>SALMODIA<\/strong><\/h4>\n\n\n\n<p class=\"has-text-align-left\"><em>Ant\u00edfona 1<\/em><br><em>Por todas partes donde est\u00e1 la caridad se encuentran la paz y la alegr\u00eda.<\/em><\/p>\n\n\n\n<p class=\"has-text-align-left\"><strong>Salmo 119<\/strong><br><strong>Deseo de la paz<\/strong><\/p>\n\n\n\n<p class=\"has-text-align-left\">En mi aflicci\u00f3n llam\u00e9 al Se\u00f1or,&nbsp;<br>y El me respondi\u00f3.&nbsp;<br>L\u00edbrame, Se\u00f1or, de los labios mentirosos,&nbsp;<br>de la lengua traidora.&nbsp;<br><br>\u00bfQu\u00e9 te va a dar o mandarte Dios,&nbsp;<br>lengua traidora?&nbsp;<br>Flechas de arquero,&nbsp;<br>afiladas con ascuas de retama.&nbsp;<br><br>\u00a1Ay de m\u00ed, desterrado en Masac,&nbsp;<br>acampado en Cadar!&nbsp;<br>Demasiado llevo viviendo&nbsp;<br>con los que odian la paz;&nbsp;<br>cuando yo digo: \u00abPaz\u00bb,&nbsp;<br>ellos dicen: \u00abGuerra\u00bb.<\/p>\n\n\n\n<p class=\"has-text-align-left\">Gloria al Padre, y al Hijo, y al Esp\u00edritu Santo.<br>Como era en el principio, ahora y siempre, por los siglos de los siglos. Am\u00e9n.<\/p>\n\n\n\n<p class=\"has-text-align-left\"><em>Ant\u00edfona 1<\/em><br><em>Por todas partes donde est\u00e1 la caridad se encuentran la paz y la alegr\u00eda.<\/em><\/p>\n\n\n\n<p class=\"has-text-align-left\"><br><em>Ant\u00edfona 2<\/em><br><em>Sigamos el consejo del ap\u00f3stol: que nada altere nuestra paz.<\/em><\/p>\n\n\n\n<p class=\"has-text-align-left\"><strong>Oraci\u00f3n por la paz<\/strong> &#8211; <strong>Pablo VI<\/strong><\/p>\n\n\n\n<p class=\"has-text-align-left\">Se\u00f1or, Dios de la paz,<br>T\u00fa que creaste a los hombres y mujeres<br>para ser herederos de tu gloria.<br>Te bendecimos y agradecemos<br>porque nos enviaste a Jes\u00fas,<br>tu Hijo muy amado.<br>T\u00fa hiciste de \u00c9l,<br>en el misterio de su Pascua,<br>el realizador de nuestra salvaci\u00f3n,<br>la fuente de toda paz,<br>el lazo de toda fraternidad.<br><br>Te agradecemos por los deseos,<br>esfuerzos y realizaciones que tu Esp\u00edritu<br>de paz suscita en nuestros d\u00edas,<br>para sustituir el odio por el amor,<br>la desconfianza por la comprensi\u00f3n,<br>la indiferencia por la solidaridad.<br><br>Abre todav\u00eda m\u00e1s nuestro esp\u00edritu y<br>nuestro coraz\u00f3n a las exigencias<br>concretas del amor a todos nuestros hermanos,<br>para que seamos, cada vez m\u00e1s,<br>art\u00edfices de la paz.<br><br>Acu\u00e9rdate, oh Padre,<br>de todos los que luchan,<br>sufren y mueren para el nacimiento<br>de un mundo m\u00e1s fraterno.<br>Que para los hombres y mujeres<br>de todas las razas y lenguas<br>venga tu Reino de justicia,<br>paz y amor. Amen.<\/p>\n\n\n\n<p class=\"has-text-align-left\"><em>Ant\u00edfona 2<\/em><br><em>Sigamos el consejo del ap\u00f3stol: que nada altere nuestra paz.<\/em><\/p>\n\n\n\n<h4 class=\"wp-block-heading has-text-align-left has-vivid-red-color has-text-color has-link-color wp-elements-2cb2ff7eb3dec2801b51b1010b8c2d4a\"><br><strong>PALABRAS DE JUAN MAR\u00cdA<\/strong><\/h4>\n\n\n\n<p class=\"has-text-align-left\"><img decoding=\"async\" class=\"wp-image-4140\" style=\"width: 150px;\" src=\"https:\/\/menesianosoy.org\/wp-content\/uploads\/2023\/09\/Juanma.jpg\" alt=\"\"><br><em>Cuando Jesucristo, nuestro Se\u00f1or, se apareci\u00f3 por primera vez despu\u00e9s de su resurrecci\u00f3n a sus disc\u00edpulos, \u00bfqu\u00e9 les dijo? \u00a1La paz est\u00e9 con ustedes! y esas son las palabras que yo les dirijo, o m\u00e1s bien la promesa que les hago en este momento en que van a contraer al pie del santo altar los primeros compromisos.<br>\u00a1Pax vobis! \u00bfQu\u00e9 quieren, qu\u00e9 desean todos los hombres y qu\u00e9 han deseado ustedes mismos, qu\u00e9 han querido hasta ahora, sino la paz, un descanso lleno de felicidad, como dice el Profeta Isa\u00edas, pax opulenta?<br>Pero se busca la paz donde no est\u00e1, en la satisfacci\u00f3n de su propia voluntad, en poseer bienes terrenales, en los gozos de los sentidos, es decir en lo que es el principio de todos los errores que perturban el esp\u00edritu, y de todos los pecados que mancillan y atormentan al alma.<br>Ustedes, hijos m\u00edos, han comprendido que cuando Jesucristo nos da su paz, no la da como el mundo la da; y por eso para encontrar el descanso del alma van a despegarla de ustedes mismos, si puedo expresarme as\u00ed, para que en adelante viva una vida que ya no sea la suya propia sino la vida de Jesucristo. (Serm\u00f3n VII p. 2377)<\/em><\/p>\n\n\n\n<h4 class=\"wp-block-heading has-text-align-left has-vivid-red-color has-text-color has-link-color wp-elements-d84c1c5deb2c398d176f6e4da7a3623e\"><br><strong>C\u00c1NTICO DE MAR\u00cdA<\/strong><\/h4>\n\n\n\n<p class=\"has-text-align-left\"><em>Ant\u00edfona<\/em><br><em>Gozar\u00e1n de la paz de Dios que sobrepasa cualquier sentimiento, es como el salario y el anticipo de la paz que se nos ha asegurado.<\/em><\/p>\n\n\n\n<figure class=\"wp-block-embed is-type-video is-provider-youtube wp-block-embed-youtube wp-embed-aspect-16-9 wp-has-aspect-ratio\"><div class=\"wp-block-embed__wrapper\">\n<iframe loading=\"lazy\" title=\"Magn\u00edficat o C\u00e1ntico de Mar\u00eda | Canto para la Oraci\u00f3n de la Tarde u Oficio de V\u00edsperas | Lc 1:39-56\" width=\"1140\" height=\"641\" src=\"https:\/\/www.youtube.com\/embed\/gD_mzKfS2og?feature=oembed\" frameborder=\"0\" allow=\"accelerometer; autoplay; clipboard-write; encrypted-media; gyroscope; picture-in-picture; web-share\" referrerpolicy=\"strict-origin-when-cross-origin\" allowfullscreen><\/iframe>\n<\/div><\/figure>\n\n\n\n<p class=\"has-text-align-left\">Mi alma glorifica al Se\u00f1or, mi Dios,<br>g\u00f3zase mi esp\u00edritu en mi salvador.<br>\u00c9l es mi alegr\u00eda, es mi plenitud,<br>\u00c9l es todo para m\u00ed.<\/p>\n\n\n\n<p>Ha mirado la bajeza de su sierva<br>muy dichosa me dir\u00e1n todos los pueblos<br>porque en m\u00ed ha hecho grandes maravillas<br>el que todo puede cuyo nombre es santo.<\/p>\n\n\n\n<p>Su clemencia se derrama por los siglos<br>sobre aquellos que le temen y le aman<br>despleg\u00f3 el gran poder de su derecha<br>dispers\u00f3 a los que piensan que son algo.<\/p>\n\n\n\n<p>Derrib\u00f3 a los potentados de sus tronos<br>ensalz\u00f3 a los humildes y a los pobres<br>los hambrientos se saciaron con sus bienes<br>y alej\u00f3 de s\u00ed vac\u00edos a los ricos.<\/p>\n\n\n\n<p>Acogi\u00f3 a Israel su humilde siervo<br>acord\u00e1ndose de su misericordia<br>como hab\u00eda prometido a nuestros padres<br>a Abraham y descendencia para siempre.<\/p>\n\n\n\n<p class=\"has-text-align-left\"><em>Ant\u00edfona<\/em><br><em>Gozar\u00e1n de la paz de Dios que sobrepasa cualquier sentimiento, es como el salario y el anticipo de la paz que se nos ha asegurado.<\/em><\/p>\n\n\n\n<h4 class=\"wp-block-heading has-text-align-left has-vivid-red-color has-text-color has-link-color wp-elements-2349e3b0875642a836af1fada0779cdc\"><br><strong>PRECES<\/strong><\/h4>\n\n\n\n<p class=\"has-text-align-left\">A cada intenci\u00f3n respondemos:<\/p>\n\n\n\n<p class=\"has-text-align-left\"><strong>Se\u00f1or, t\u00fa eres nuestra paz<\/strong><\/p>\n\n\n\n<p class=\"has-text-align-left\">-. Que no busquemos la paz en la satisfacci\u00f3n de nuestra voluntad.<br>-. Que busquemos la paz en el cumplimiento de tu voluntad.<br>-. Que no busquemos la paz en la posesi\u00f3n de bienes ni en el gozo de los sentidos.<br>-. Que busquemos la paz en el desprendimiento de todo para unirnos al todo.<br>-. Que no busquemos la paz sum\u00e1ndonos a las injusticias de nuestro mundo.<br>-. Que busquemos la paz trabajando por la justicia.<\/p>\n\n\n\n<h4 class=\"wp-block-heading has-text-align-left has-vivid-red-color has-text-color has-link-color wp-elements-c588dd1899926ffed9ac638782b18f9c\"><br><strong>PADRE NUESTRO<\/strong><\/h4>\n\n\n\n<h4 class=\"wp-block-heading has-text-align-left has-vivid-red-color has-text-color has-link-color wp-elements-6060ddbf41f6599a0a8289353dc65e2e\"><br><strong>ORACI\u00d3N FINAL<\/strong><\/h4>\n\n\n\n<p class=\"has-text-align-left\">Padre paciente y misericordioso, que todos los creyentes encontremos la valent\u00eda de perdonarnos unos a otros, a fin de que se curen las heridas del pasado y no sean un pretexto para nuevos sufrimientos en el presente y vivamos en paz. Por Jesucristo tu Hijo que nos dio la paz, no como la da el mundo, por los siglos de los siglos. Am\u00e9n.<\/p>\n","protected":false},"excerpt":{"rendered":"<p>\u00a1Paz a ustedes, hombres de buena voluntad! Pertenecer\u00e1n a Dios en el tiempo, y \u00c9l les dar\u00e1 el c\u00e9ntuplo de lo que han dejado por \u00c9l. Paz en la eternidad, en la Sion santa, donde estar\u00e1n rodeados de todos los ni\u00f1os que a ella habr\u00e1n conducido, y que juntando sus voces a las de los &hellip; <a href=\"https:\/\/menesianosoy.org\/index.php\/2024\/08\/20\/la-paz-ii-2\/\" class=\"more-link\">Continue reading<span class=\"screen-reader-text\"> \u00abLa Paz (II)\u00bb<\/span><\/a><\/p>\n","protected":false},"author":3,"featured_media":15500,"comment_status":"closed","ping_status":"closed","sticky":false,"template":"","format":"standard","meta":{"_acf_changed":false,"footnotes":""},"categories":[16],"tags":[],"class_list":["post-15496","post","type-post","status-publish","format-standard","has-post-thumbnail","hentry","category-visperas"],"acf":[],"_links":{"self":[{"href":"https:\/\/menesianosoy.org\/index.php\/wp-json\/wp\/v2\/posts\/15496","targetHints":{"allow":["GET"]}}],"collection":[{"href":"https:\/\/menesianosoy.org\/index.php\/wp-json\/wp\/v2\/posts"}],"about":[{"href":"https:\/\/menesianosoy.org\/index.php\/wp-json\/wp\/v2\/types\/post"}],"author":[{"embeddable":true,"href":"https:\/\/menesianosoy.org\/index.php\/wp-json\/wp\/v2\/users\/3"}],"replies":[{"embeddable":true,"href":"https:\/\/menesianosoy.org\/index.php\/wp-json\/wp\/v2\/comments?post=15496"}],"version-history":[{"count":3,"href":"https:\/\/menesianosoy.org\/index.php\/wp-json\/wp\/v2\/posts\/15496\/revisions"}],"predecessor-version":[{"id":27811,"href":"https:\/\/menesianosoy.org\/index.php\/wp-json\/wp\/v2\/posts\/15496\/revisions\/27811"}],"wp:featuredmedia":[{"embeddable":true,"href":"https:\/\/menesianosoy.org\/index.php\/wp-json\/wp\/v2\/media\/15500"}],"wp:attachment":[{"href":"https:\/\/menesianosoy.org\/index.php\/wp-json\/wp\/v2\/media?parent=15496"}],"wp:term":[{"taxonomy":"category","embeddable":true,"href":"https:\/\/menesianosoy.org\/index.php\/wp-json\/wp\/v2\/categories?post=15496"},{"taxonomy":"post_tag","embeddable":true,"href":"https:\/\/menesianosoy.org\/index.php\/wp-json\/wp\/v2\/tags?post=15496"}],"curies":[{"name":"wp","href":"https:\/\/api.w.org\/{rel}","templated":true}]}}