{"id":15689,"date":"2024-08-27T17:04:16","date_gmt":"2024-08-27T20:04:16","guid":{"rendered":"https:\/\/menesianosoy.org\/?p=15689"},"modified":"2024-08-30T20:57:47","modified_gmt":"2024-08-30T23:57:47","slug":"san-ramon-nonato-3","status":"publish","type":"post","link":"https:\/\/menesianosoy.org\/index.php\/2024\/08\/27\/san-ramon-nonato-3\/","title":{"rendered":"San Ram\u00f3n Nonato"},"content":{"rendered":"\n<h5 class=\"wp-block-heading has-text-align-left has-vivid-red-color has-text-color has-link-color wp-elements-551b9a6d11daa714e9cadbdbf51aae26\"><strong>Liturgia de las Horas: Rezamos con el tema POBRES (Laudes y v\u00edsperas, p\u00e1gina 5)<\/strong><\/h5>\n\n\n\n<p class=\"has-text-align-left\"><br><strong><em>1\u00aa Corintios 1, 26-31<br>Salmo 32, 12-13. 18-21<\/em><\/strong><\/p>\n\n\n\n<h4 class=\"wp-block-heading has-vivid-cyan-blue-color has-text-color has-link-color wp-elements-eb2a83222425cba726f25c6110320af1\"><br><strong>Evangelio: Mateo 25, 14-30<\/strong><\/h4>\n\n\n\n<p class=\"has-text-align-left\"><strong><em>Jes\u00fas dijo a sus disc\u00edpulos: El reino de los Cielos es tambi\u00e9n como un hombre que, al salir de viaje, llam\u00f3 a sus servidores y les confi\u00f3 sus bienes. A uno le dio cinco talentos, a otro dos, y uno solo a un tercero, a cada uno seg\u00fan su capacidad; y despu\u00e9s parti\u00f3.<br>En seguida, el que hab\u00eda recibido cinco talentos, fue a negociar con ellos y gan\u00f3 otros cinco. De la misma manera, el que recibi\u00f3 dos, gan\u00f3 otros dos. Pero el que recibi\u00f3 uno solo, hizo un pozo y enterr\u00f3 el dinero de su se\u00f1or.<br>Despu\u00e9s de un largo tiempo, lleg\u00f3 el se\u00f1or y arregl\u00f3 las cuentas con sus servidores.<br>El que hab\u00eda recibido los cinco talentos se adelant\u00f3 y le present\u00f3 otros cinco: \u00abSe\u00f1or, le dijo, me has confiado cinco talentos: aqu\u00ed est\u00e1n los otros cinco que he ganado\u00bb. <br>\u00abEst\u00e1 bien, servidor bueno y fiel, le dijo su se\u00f1or, ya que respondiste fielmente en lo poco, te encargar\u00e9 de mucho m\u00e1s: entra a participar del gozo de tu se\u00f1or\u00bb.<br>Lleg\u00f3 luego el que hab\u00eda recibido dos talentos y le dijo: \u00abSe\u00f1or, me has confiado dos talentos: aqu\u00ed est\u00e1n los otros dos que he ganado\u00bb.<br>\u00abEst\u00e1 bien, servidor bueno y fiel, ya que respondiste fielmente en lo poco, te encargar\u00e9 de mucho m\u00e1s: entra a participar del gozo de tu se\u00f1or\u00bb.<br>Lleg\u00f3 luego el que hab\u00eda recibido un solo talento. \u00abSe\u00f1or, le dijo, s\u00e9 que eres un hombre exigente: cosechas donde no has sembrado y recoges donde no has esparcido. Por eso tuve miedo y fui a enterrar tu talento: \u00a1aqu\u00ed tienes lo tuyo!\u00bb<br>Pero el se\u00f1or le respondi\u00f3: \u00abServidor malo y perezoso, si sab\u00edas que cosecho donde no he sembrado y recojo donde no he esparcido, tendr\u00edas que haber colocado el dinero en el banco, y as\u00ed, a mi regreso, lo hubiera recuperado con intereses.<br>Qu\u00edtenle el talento para d\u00e1rselo al que tiene diez, porque a quien tiene, se le dar\u00e1 y tendr\u00e1 de m\u00e1s, pero al que no tiene, se le quitar\u00e1 aun lo que tiene. Echen afuera, a las tinieblas, a este servidor in\u00fatil; all\u00ed habr\u00e1 llanto y rechinar de dientes\u201d.<\/em><\/strong><\/p>\n\n\n\n<figure class=\"wp-block-image size-full\"><img loading=\"lazy\" decoding=\"async\" width=\"450\" height=\"263\" src=\"https:\/\/menesianosoy.org\/wp-content\/uploads\/2024\/08\/talentos.png\" alt=\"\" class=\"wp-image-15694\" srcset=\"https:\/\/menesianosoy.org\/wp-content\/uploads\/2024\/08\/talentos.png 450w, https:\/\/menesianosoy.org\/wp-content\/uploads\/2024\/08\/talentos-300x175.png 300w\" sizes=\"auto, (max-width: 450px) 85vw, 450px\" \/><\/figure>\n\n\n\n<p>En este pasaje pareciera descubrirse un Dios severo, un Dios ambicioso que s\u00f3lo se preocupa por su dinero y por la eficacia de sus empleados. Pero necesito no quedarme en lo superficial de tu Evangelio sino poder ir a lo profundo, a la ense\u00f1anza que me quieres dejar.<br><br>Algo en lo que podr\u00eda fijar mi mirada es que no dejas a ning\u00fan obrero sin talento. A todos les das algo con lo cual puedan fructificar. A uno le das diez, a otro cinco, a otro uno. Y a m\u00ed, \u00bfcu\u00e1ntos me has dado? Dame la gracia de descubrir cu\u00e1les son esos talentos y ay\u00fadame a no compararme con aquellos que puedan tener m\u00e1s o mejores talentos que los m\u00edos. T\u00fa has repartido los talentos de acuerdo a la capacidad de cada uno.<br><br>Los talentos no son un derecho. Son un regalo que tu amor me hace. Generalmente un regalo se recibe para usarlo, ponerlo en acci\u00f3n, compartirlo. No lo recibo para guardarlo sin abrir y mantenerlo ajeno a mi vida.<br><br>Esto fue lo que hizo aquel siervo del Evangelio. No se detuvo a valorar la confianza que le hab\u00eda dado su se\u00f1or, ni lo valioso del \u00fanico talento que pose\u00eda, ni lo mucho que pod\u00eda ganar con \u00e9l. Simplemente recibi\u00f3 y escondi\u00f3, desenterr\u00f3 y entreg\u00f3.<br><br>Dame la gracia, Se\u00f1or, de poner a trabajar los regalos, los talentos que me has dado. Que no tema arriesgar los talentos que me has dado para as\u00ed hacerlos multiplicar. Dame la confianza necesaria para poner toda mi vida al ruedo y as\u00ed crecer en mi plenitud personal y en la extensi\u00f3n de tu Reino. (Catholic.net)<\/p>\n\n\n\n<h4 class=\"wp-block-heading has-vivid-cyan-blue-color has-text-color has-link-color wp-elements-c113b7f5322adea376153e79ac369282\"><br><strong>Palabras de Juan Mar\u00eda<\/strong><\/h4>\n\n\n\n<p class=\"has-text-align-left\"><img decoding=\"async\" class=\"wp-image-14340\" style=\"width: 150px;\" src=\"https:\/\/menesianosoy.org\/wp-content\/uploads\/2024\/07\/JM.jpg\" alt=\"\"><br><em>Si tienen m\u00e1s talentos que sus hermanos, sean m\u00e1s humildes que ellos, y no se imaginen que por eso van a ser m\u00e1s \u00fatiles a la congregaci\u00f3n o incluso necesarios. Sin duda ser\u00eda una locura. Tengo que advertirles de no caer en tan deplorable error, porque la experiencia nos ense\u00f1a que esto puede meterse en la cabeza de algunos hermanos. Los antiguos de la congregaci\u00f3n se acordar\u00e1n que hab\u00eda tres o cuatro que estaban persuadidos que la suerte de la congregaci\u00f3n depend\u00eda de ellos\u2026 se creyeron grandes hombres, so\u00f1aron no s\u00e9 qu\u00e9 insensatos proyectos de gloria y de fortuna, y los pobres hijos \u00a1sencillamente se han perdido! (Sobre la obediencia S VII, 2323-2327)<\/em><\/p>\n\n\n\n<h4 class=\"wp-block-heading has-vivid-cyan-blue-color has-text-color has-link-color wp-elements-752529f5cd4009c0f7e2bd74afc1e101\"><br><strong><em>El miedo y los talentos \u2013 Salom\u00e9 Arricibita<\/em><\/strong><\/h4>\n\n\n\n<figure class=\"wp-block-embed is-type-video is-provider-youtube wp-block-embed-youtube wp-embed-aspect-16-9 wp-has-aspect-ratio\"><div class=\"wp-block-embed__wrapper\">\n<iframe loading=\"lazy\" title=\"EL MIEDO Y LOS TALENTOS  SALOME\u0301 ARRICIBITA\" width=\"1140\" height=\"641\" src=\"https:\/\/www.youtube.com\/embed\/uK30-MxjPd4?feature=oembed\" frameborder=\"0\" allow=\"accelerometer; autoplay; clipboard-write; encrypted-media; gyroscope; picture-in-picture; web-share\" referrerpolicy=\"strict-origin-when-cross-origin\" allowfullscreen><\/iframe>\n<\/div><\/figure>\n\n\n\n<p class=\"has-text-align-left\">Vivir con miedo nos ata.<br>El miedo provoca la distancia,<br>nos mete hacia adentro<br>y guardamos las alas<br>sin m\u00e1s intenci\u00f3n que cuidarlas.<br><br>Volar sin miedo nos lanza<br>a vivir y colmar esperanzas;<br>nos lleva hacia otros<br>y a sue\u00f1os que alcanza<br>tan s\u00f3lo quien estrena sus alas.<br><br>Amar es reinventar c\u00f3mo dar vida,<br>es hacer fecundo y f\u00e9rtil cada d\u00eda,<br>es quererme como soy<br>y respetar lo que otro ans\u00eda<br>y ponerme a trabajar sin garant\u00edas.<br><br>Amar es creer que la alegr\u00eda<br>no puede guardarse<br>porque se marchita;<br>es no parar el agua<br>para que corra siempre limpia<br>y compartirla como don<br>que nos habita.<br><br>Amar es vencer el miedo que paraliza<br>pues vivir sin arriesgar,<br>es embalsamar la vida;<br>no perder y no ganar por no errar;<br>es cobard\u00eda regalar cada talento,<br>es lo que el mundo necesita.<br><br><\/p>\n","protected":false},"excerpt":{"rendered":"<p>Liturgia de las Horas: Rezamos con el tema POBRES (Laudes y v\u00edsperas, p\u00e1gina 5) 1\u00aa Corintios 1, 26-31Salmo 32, 12-13. 18-21 Evangelio: Mateo 25, 14-30 Jes\u00fas dijo a sus disc\u00edpulos: El reino de los Cielos es tambi\u00e9n como un hombre que, al salir de viaje, llam\u00f3 a sus servidores y les confi\u00f3 sus bienes. A &hellip; <a href=\"https:\/\/menesianosoy.org\/index.php\/2024\/08\/27\/san-ramon-nonato-3\/\" class=\"more-link\">Continue reading<span class=\"screen-reader-text\"> \u00abSan Ram\u00f3n Nonato\u00bb<\/span><\/a><\/p>\n","protected":false},"author":3,"featured_media":0,"comment_status":"closed","ping_status":"closed","sticky":false,"template":"","format":"standard","meta":{"_acf_changed":false,"footnotes":""},"categories":[9],"tags":[],"class_list":["post-15689","post","type-post","status-publish","format-standard","hentry","category-evangelio"],"acf":[],"_links":{"self":[{"href":"https:\/\/menesianosoy.org\/index.php\/wp-json\/wp\/v2\/posts\/15689","targetHints":{"allow":["GET"]}}],"collection":[{"href":"https:\/\/menesianosoy.org\/index.php\/wp-json\/wp\/v2\/posts"}],"about":[{"href":"https:\/\/menesianosoy.org\/index.php\/wp-json\/wp\/v2\/types\/post"}],"author":[{"embeddable":true,"href":"https:\/\/menesianosoy.org\/index.php\/wp-json\/wp\/v2\/users\/3"}],"replies":[{"embeddable":true,"href":"https:\/\/menesianosoy.org\/index.php\/wp-json\/wp\/v2\/comments?post=15689"}],"version-history":[{"count":6,"href":"https:\/\/menesianosoy.org\/index.php\/wp-json\/wp\/v2\/posts\/15689\/revisions"}],"predecessor-version":[{"id":15813,"href":"https:\/\/menesianosoy.org\/index.php\/wp-json\/wp\/v2\/posts\/15689\/revisions\/15813"}],"wp:attachment":[{"href":"https:\/\/menesianosoy.org\/index.php\/wp-json\/wp\/v2\/media?parent=15689"}],"wp:term":[{"taxonomy":"category","embeddable":true,"href":"https:\/\/menesianosoy.org\/index.php\/wp-json\/wp\/v2\/categories?post=15689"},{"taxonomy":"post_tag","embeddable":true,"href":"https:\/\/menesianosoy.org\/index.php\/wp-json\/wp\/v2\/tags?post=15689"}],"curies":[{"name":"wp","href":"https:\/\/api.w.org\/{rel}","templated":true}]}}