{"id":15906,"date":"2024-09-05T16:27:59","date_gmt":"2024-09-05T19:27:59","guid":{"rendered":"https:\/\/menesianosoy.org\/?p=15906"},"modified":"2024-09-08T21:21:35","modified_gmt":"2024-09-09T00:21:35","slug":"san-pedro-claver-3","status":"publish","type":"post","link":"https:\/\/menesianosoy.org\/index.php\/2024\/09\/05\/san-pedro-claver-3\/","title":{"rendered":"San Pedro Claver"},"content":{"rendered":"\n<h5 class=\"wp-block-heading has-text-align-left has-luminous-vivid-orange-color has-text-color has-link-color wp-elements-269965404a3917f852be5cea8a4e0367\"><strong>1820 &#8211; Los Hermanos reunidos en Auray para el retiro anual, reciben el nombre de HERMANOS DE LA INSTRUCCI\u00d3N CRISTIANA, con el lema de DIOS SOLO. Se promulga la primera Regla, se pronuncian los primeros Votos (obediencia) y tiene lugar la primera Toma de H\u00e1bito.<\/strong><\/h5>\n\n\n\n<p class=\"has-text-align-left\"><br><strong><em>1\u00aa Corintios 5, 1-8<br>Salmo 5, 57. 12<\/em><\/strong><\/p>\n\n\n\n<h4 class=\"wp-block-heading has-text-align-left has-vivid-cyan-blue-color has-text-color has-link-color wp-elements-f421594ae1d839128b224c3f37dd99ac\"><br><strong>Evangelio: Lucas 6,6-11<\/strong><\/h4>\n\n\n\n<p class=\"has-text-align-left\"><strong><em>Un s\u00e1bado, Jes\u00fas entr\u00f3 en la sinagoga y comenz\u00f3 a ense\u00f1ar. Hab\u00eda all\u00ed un hombre que ten\u00eda la mano derecha paralizada.<br>Los escribas y los fariseos observaban atentamente a Jes\u00fas para ver si curaba en s\u00e1bado, porque quer\u00edan encontrar algo de qu\u00e9 acusarlo.<br>Pero Jes\u00fas, conociendo sus intenciones, dijo al hombre que ten\u00eda la mano paralizada: Lev\u00e1ntate y qu\u00e9date de pie delante de todos.<br>\u00c9l se levant\u00f3 y permaneci\u00f3 de pie.<br>Luego les dijo: Yo les pregunto: \u00bfEst\u00e1 permitido en s\u00e1bado, hacer el bien o el mal, salvar una vida o perderla?<br>Y dirigiendo una mirada a todos, dijo al hombre: Extiende tu mano.<br>\u00c9l la extendi\u00f3 y su mano qued\u00f3 curada.<br>Pero ellos se enfurecieron y deliberaban entre s\u00ed para ver qu\u00e9 pod\u00edan hacer contra Jes\u00fas<\/em><\/strong>.<\/p>\n\n\n\n<figure class=\"wp-block-image size-full\"><img loading=\"lazy\" decoding=\"async\" width=\"318\" height=\"159\" src=\"https:\/\/menesianosoy.org\/wp-content\/uploads\/2024\/09\/images.jpeg\" alt=\"\" class=\"wp-image-15913\" srcset=\"https:\/\/menesianosoy.org\/wp-content\/uploads\/2024\/09\/images.jpeg 318w, https:\/\/menesianosoy.org\/wp-content\/uploads\/2024\/09\/images-300x150.jpeg 300w\" sizes=\"auto, (max-width: 318px) 85vw, 318px\" \/><\/figure>\n\n\n\n<p class=\"has-text-align-left\">El hombre ten\u00eda la mano seca, paralizada. Los escribas y fariseos, el alma. No hab\u00eda compasi\u00f3n en su coraz\u00f3n, no quer\u00edan ver al hombre curado. Buscaban agarrarlo a Jes\u00fas en algo para condenarlo. No les molestaba el malestar de ese hombre sino la presencia de Jes\u00fas, su interpretaci\u00f3n solidaria de la Ley de Mois\u00e9s. Jes\u00fas puso en el centro al discapacitado:<br>\u00bfEs la ley m\u00e1s importante que este hombre?\u00bfEs Dios tan inhumano, que prefiere que lo adoren a \u00c9l y dejen de lado al que necesita de una ayuda? \u00bfPodemos seguir leyendo la Tor\u00e1 tranquilamente, cuando tenemos los medios para remediar su dolor?<br><br>Jes\u00fas, no respetando la ley del s\u00e1bado, se vuelve vulnerable, como el hombre al que cura. Sabe que se pone en peligro. Si hubiera dejado pasar la ocasi\u00f3n, reservando su compasi\u00f3n para otro momento, no se hubiera puesto en problemas. Quienes no sent\u00edan compasi\u00f3n por el hombre aquel, tampoco la sentir\u00e1n por \u00e9l.<br><br>Henri Nouwen no dice: \u201c<em>La compasi\u00f3n nos pide que vayamos a donde duele, que entremos en los lugares de dolor, que compartamos el quebrantamiento, el miedo, la confusi\u00f3n y la angustia. La compasi\u00f3n nos reta a llorar con los que sufren, a llorar con los que est\u00e1n solos, a llorar con los que lloran. La compasi\u00f3n requiere que seamos d\u00e9biles con los d\u00e9biles, vulnerables con los vulnerables e impotentes con los impotentes. La compasi\u00f3n significa inmersi\u00f3n total en la condici\u00f3n de ser humano\u201d.<\/em><br><br>Jes\u00fas se meti\u00f3 de lleno en la condici\u00f3n humana. Es indudable que Dios es m\u00e1s compasivo de lo que podemos imaginar. Nosotros nos lo imaginamos como uno de los nuestros, pensando como nosotros. Con gusto le dir\u00edamos a Jes\u00fas: Si no te pidi\u00f3 ayuda, para qu\u00e9 complicarte la existencia.<br><br>Seamos como Jes\u00fas. Tengamos los ojos abiertos para ver lo que sufren los dem\u00e1s. Y, si tenemos los medios, no nos quedemos de espectadores. Y, sobre todo, no seamos de los que critican a los que s\u00ed deciden hacer algo.<\/p>\n\n\n\n<p class=\"has-text-align-left\"><br><strong>M\u00c1XIMA<br>Tengamos el coraz\u00f3n abierto para ver el sufrimiento ajeno<\/strong><\/p>\n\n\n\n<h4 class=\"wp-block-heading has-text-align-left has-vivid-cyan-blue-color has-text-color has-link-color wp-elements-f100dfd3860a4604441e8378a214dd1c\"><br><strong>Palabras de Gabriel Deshayes<\/strong><\/h4>\n\n\n\n<p class=\"has-text-align-left\"><img decoding=\"async\" class=\"wp-image-639\" style=\"width: 150px;\" src=\"https:\/\/menesianosoy.org\/wp-content\/uploads\/2023\/08\/Sans-titre-11-1-2.jpg\" alt=\"\"><br><em>En todos los tiempos, el Se\u00f1or hace explotar su misericordia en nosotros. El hombre, recorriendo la historia de su vida, encuentra todos los momentos marcados por sus dones; no hay ninguna circunstancia en su vida, aun siendo criminal, en la que pueda decir que la gracia le ha fallado; pero hay circunstancias en las que los favores del cielo fluyen con m\u00e1s abundancia y donde la misericordia de Dios se agota, si se me permite decirlo as\u00ed, en favor de sus criaturas. (Serm\u00f3n sobre el jubileo)<\/em><\/p>\n\n\n\n<h4 class=\"wp-block-heading has-text-align-left has-vivid-cyan-blue-color has-text-color has-link-color wp-elements-7f1a3231584420797dabb5ae07f1d01a\"><br><strong><em>Sufres, lloras, mueres &#8211; Seminario Pontificio de Santiago<\/em><\/strong><\/h4>\n\n\n\n<figure class=\"wp-block-embed is-type-video is-provider-youtube wp-block-embed-youtube wp-embed-aspect-4-3 wp-has-aspect-ratio\"><div class=\"wp-block-embed__wrapper\">\n<iframe loading=\"lazy\" title=\"Sufres, Lloras, Mueres\" width=\"1140\" height=\"855\" src=\"https:\/\/www.youtube.com\/embed\/jAlbx7zTmMs?feature=oembed\" frameborder=\"0\" allow=\"accelerometer; autoplay; clipboard-write; encrypted-media; gyroscope; picture-in-picture; web-share\" referrerpolicy=\"strict-origin-when-cross-origin\" allowfullscreen><\/iframe>\n<\/div><\/figure>\n\n\n\n<p class=\"has-text-align-left\">Cuando un ni\u00f1o con hambre pide pan,<br>cuando llora, pues nunca se lo dan,<br>\u00a1oh,&#8230; tiemblo por Ti, Jes\u00fas!<br>Sufres, lloras, mueres&#8230;<br>Con los ni\u00f1os de hambre mueres T\u00fa.<br><br>Mueres T\u00fa cuando un hombre esclavo est\u00e1,<br>cuando grita pidiendo libertad.<br>\u00a1Oh,&#8230; tiemblo por Ti, Jes\u00fas!<br>Sufres, lloras, mueres&#8230;<br>Con los hombres esclavos mueres T\u00fa.<br><br>Cuando siento que el mundo en guerra est\u00e1,<br>que el hermano al hermano matar\u00e1,<br>\u00a1oh,&#8230; tiemblo por Ti, Jes\u00fas!<br>Sufres, lloras, mueres&#8230;<br>Con los hombres que mueren mueres T\u00fa.<br><br>Cuando pasas enfermo junto a m\u00ed,<br>cuando olvido tu hambre y tu sufrir,<br>\u00a1oh,&#8230; tiemblo por Ti, Jes\u00fas!<br>Sufres, lloras, mueres&#8230;<br>Por mi absurdo ego\u00edsmo mueres T\u00fa.<\/p>\n","protected":false},"excerpt":{"rendered":"<p>1820 &#8211; Los Hermanos reunidos en Auray para el retiro anual, reciben el nombre de HERMANOS DE LA INSTRUCCI\u00d3N CRISTIANA, con el lema de DIOS SOLO. Se promulga la primera Regla, se pronuncian los primeros Votos (obediencia) y tiene lugar la primera Toma de H\u00e1bito. 1\u00aa Corintios 5, 1-8Salmo 5, 57. 12 Evangelio: Lucas 6,6-11 &hellip; <a href=\"https:\/\/menesianosoy.org\/index.php\/2024\/09\/05\/san-pedro-claver-3\/\" class=\"more-link\">Continue reading<span class=\"screen-reader-text\"> \u00abSan Pedro Claver\u00bb<\/span><\/a><\/p>\n","protected":false},"author":3,"featured_media":0,"comment_status":"closed","ping_status":"closed","sticky":false,"template":"","format":"standard","meta":{"_acf_changed":false,"footnotes":""},"categories":[9],"tags":[],"class_list":["post-15906","post","type-post","status-publish","format-standard","hentry","category-evangelio"],"acf":[],"_links":{"self":[{"href":"https:\/\/menesianosoy.org\/index.php\/wp-json\/wp\/v2\/posts\/15906","targetHints":{"allow":["GET"]}}],"collection":[{"href":"https:\/\/menesianosoy.org\/index.php\/wp-json\/wp\/v2\/posts"}],"about":[{"href":"https:\/\/menesianosoy.org\/index.php\/wp-json\/wp\/v2\/types\/post"}],"author":[{"embeddable":true,"href":"https:\/\/menesianosoy.org\/index.php\/wp-json\/wp\/v2\/users\/3"}],"replies":[{"embeddable":true,"href":"https:\/\/menesianosoy.org\/index.php\/wp-json\/wp\/v2\/comments?post=15906"}],"version-history":[{"count":6,"href":"https:\/\/menesianosoy.org\/index.php\/wp-json\/wp\/v2\/posts\/15906\/revisions"}],"predecessor-version":[{"id":16025,"href":"https:\/\/menesianosoy.org\/index.php\/wp-json\/wp\/v2\/posts\/15906\/revisions\/16025"}],"wp:attachment":[{"href":"https:\/\/menesianosoy.org\/index.php\/wp-json\/wp\/v2\/media?parent=15906"}],"wp:term":[{"taxonomy":"category","embeddable":true,"href":"https:\/\/menesianosoy.org\/index.php\/wp-json\/wp\/v2\/categories?post=15906"},{"taxonomy":"post_tag","embeddable":true,"href":"https:\/\/menesianosoy.org\/index.php\/wp-json\/wp\/v2\/tags?post=15906"}],"curies":[{"name":"wp","href":"https:\/\/api.w.org\/{rel}","templated":true}]}}