{"id":15934,"date":"2024-09-05T17:16:16","date_gmt":"2024-09-05T20:16:16","guid":{"rendered":"https:\/\/menesianosoy.org\/?p=15934"},"modified":"2024-09-10T06:14:06","modified_gmt":"2024-09-10T09:14:06","slug":"san-nicolas-de-tolentino-2","status":"publish","type":"post","link":"https:\/\/menesianosoy.org\/index.php\/2024\/09\/05\/san-nicolas-de-tolentino-2\/","title":{"rendered":"San Nicol\u00e1s de Tolentino"},"content":{"rendered":"\n<p class=\"has-text-align-left\"><strong>1856 &#8211; Monse\u00f1or Alexandre Jaquemet, obispo de Nantes, consagra la capilla de nuestra Casa Madre de Pl\u00f6ermel.<\/strong><\/p>\n\n\n\n<h4 class=\"wp-block-heading has-text-align-left has-vivid-purple-color has-text-color has-link-color wp-elements-ee387d0d5662abedfabb7986a324d730\"><br><strong><em>Oraci\u00f3n:<\/em><\/strong><\/h4>\n\n\n\n<p class=\"has-text-align-left\"><strong><em>Se\u00f1or, creemos que tambi\u00e9n hoy llamas,<br>en todos los contextos y de todas las maneras.<br>Creemos que el Carisma Menesiano,<br>vivido en Familia Menesiana,<br>tambi\u00e9n hoy es pertinente.<br>Creemos que ser Hermano es una buena noticia<br>para el mundo y la Iglesia.<br>Danos audacia y creatividad<br>para que nos atrevamos a salir,<br>mirar y llamar a nuevos disc\u00edpulos.<br>Da a nuestra Congregaci\u00f3n las vocaciones<br>que necesita para continuar su misi\u00f3n<br>en la Iglesia y por todo el mundo.<br>Abre nuestros ojos, nuestros o\u00eddos,<br>nuestras manos y nuestros corazones:<br>que nuestra Familia Menesiana ofrezca,<br>en todos los lugares espacios a los j\u00f3venes<br>para que sientan el calor de la fraternidad<br>y de la amistad.<br>Que experimenten tu ternura, tu cercan\u00eda,<br>tu cari\u00f1o y misericordia.<br>\u00a1Dios S\u00f3lo en el tiempo,<br>Dios S\u00f3lo en la eternidad!<\/em><\/strong><\/p>\n\n\n\n<h4 class=\"wp-block-heading has-text-align-left has-vivid-purple-color has-text-color has-link-color wp-elements-d7db2ffc8ebbc10abc0b559de040a9b9\"><br><strong><em>Intenciones:<\/em><\/strong><\/h4>\n\n\n\n<ul class=\"wp-block-list\">\n<li>Por el eterno descanso del Hermano <strong>Florentino Garc\u00eda P\u00e9rez<\/strong>.<\/li>\n\n\n\n<li>Por la comunidad educativa de La Escuelita de Luj\u00e1n de Cuyo<\/li>\n\n\n\n<li>Por la comunidad de Bilbao (Espa\u00f1a) y la de Josselin (Francia).<\/li>\n\n\n\n<li>Por la Provincia Santa Teresa de Jes\u00fas (Uganda, Sud\u00e1n del Sur)<\/li>\n<\/ul>\n\n\n\n<h4 class=\"wp-block-heading has-text-align-left has-vivid-purple-color has-text-color has-link-color wp-elements-78dc29cea0fd12419696a1f6d9f14a8b\"><br><strong><em>Constituciones 139:<\/em><\/strong><\/h4>\n\n\n\n<p class=\"has-text-align-left\">La pastoral vocacional puede entenderse, en sentido amplio como una animaci\u00f3n concertada en el Pueblo de Dios, para ayudar a cada uno a comprometerse de manera libre y l\u00facida en el estado de vida al que Dios le llama.<\/p>\n\n\n\n<h4 class=\"wp-block-heading has-text-align-left has-vivid-purple-color has-text-color has-link-color wp-elements-2b988be166b399c3d99f43b8f6e8a3bd\"><br><strong><em>A Marie Jallobert de Monville, 23 de marzo de 1816:<\/em><\/strong><\/h4>\n\n\n\n<p class=\"has-text-align-left\">Uno quiere al menos gozar de s\u00ed mismo a\u00fan cuando renuncia a gozar de los placeres, de los honores y de las riquezas, y esta satisfacci\u00f3n no es menos vana que las riquezas.<\/p>\n\n\n\n<h4 class=\"wp-block-heading has-text-align-left has-vivid-purple-color has-text-color has-link-color wp-elements-a77aba329315af5c37d1ef3d7a73d551\"><br><strong><em>Difuntos: <\/em><\/strong><\/h4>\n\n\n\n<p class=\"has-text-align-left\">1960: Josaphat-Albert Le Quellenec<br>1966: Hyacinthe Hamelin<br>1983: Pau-\u00c9mile Bleau (Marien)<br>1996: Constant Chauss\u00e9e (Stanislas-Bernard)<br>2000: L\u00e9o Garceau (Louis-Fran\u00e7ois) y Pierre Bolduc (Paul-Joseph)<br>2006: Albert Geffray (Stanislas.Marcel)<\/p>\n\n\n\n<p><\/p>\n","protected":false},"excerpt":{"rendered":"<p>1856 &#8211; Monse\u00f1or Alexandre Jaquemet, obispo de Nantes, consagra la capilla de nuestra Casa Madre de Pl\u00f6ermel. Oraci\u00f3n: Se\u00f1or, creemos que tambi\u00e9n hoy llamas,en todos los contextos y de todas las maneras.Creemos que el Carisma Menesiano,vivido en Familia Menesiana,tambi\u00e9n hoy es pertinente.Creemos que ser Hermano es una buena noticiapara el mundo y la Iglesia.Danos audacia &hellip; <a href=\"https:\/\/menesianosoy.org\/index.php\/2024\/09\/05\/san-nicolas-de-tolentino-2\/\" class=\"more-link\">Continue reading<span class=\"screen-reader-text\"> \u00abSan Nicol\u00e1s de Tolentino\u00bb<\/span><\/a><\/p>\n","protected":false},"author":3,"featured_media":0,"comment_status":"closed","ping_status":"closed","sticky":false,"template":"","format":"standard","meta":{"_acf_changed":false,"footnotes":""},"categories":[3],"tags":[],"class_list":["post-15934","post","type-post","status-publish","format-standard","hentry","category-calendario"],"acf":[],"_links":{"self":[{"href":"https:\/\/menesianosoy.org\/index.php\/wp-json\/wp\/v2\/posts\/15934","targetHints":{"allow":["GET"]}}],"collection":[{"href":"https:\/\/menesianosoy.org\/index.php\/wp-json\/wp\/v2\/posts"}],"about":[{"href":"https:\/\/menesianosoy.org\/index.php\/wp-json\/wp\/v2\/types\/post"}],"author":[{"embeddable":true,"href":"https:\/\/menesianosoy.org\/index.php\/wp-json\/wp\/v2\/users\/3"}],"replies":[{"embeddable":true,"href":"https:\/\/menesianosoy.org\/index.php\/wp-json\/wp\/v2\/comments?post=15934"}],"version-history":[{"count":8,"href":"https:\/\/menesianosoy.org\/index.php\/wp-json\/wp\/v2\/posts\/15934\/revisions"}],"predecessor-version":[{"id":16057,"href":"https:\/\/menesianosoy.org\/index.php\/wp-json\/wp\/v2\/posts\/15934\/revisions\/16057"}],"wp:attachment":[{"href":"https:\/\/menesianosoy.org\/index.php\/wp-json\/wp\/v2\/media?parent=15934"}],"wp:term":[{"taxonomy":"category","embeddable":true,"href":"https:\/\/menesianosoy.org\/index.php\/wp-json\/wp\/v2\/categories?post=15934"},{"taxonomy":"post_tag","embeddable":true,"href":"https:\/\/menesianosoy.org\/index.php\/wp-json\/wp\/v2\/tags?post=15934"}],"curies":[{"name":"wp","href":"https:\/\/api.w.org\/{rel}","templated":true}]}}