{"id":15946,"date":"2024-09-06T16:47:08","date_gmt":"2024-09-06T19:47:08","guid":{"rendered":"https:\/\/menesianosoy.org\/?p=15946"},"modified":"2024-09-06T17:00:38","modified_gmt":"2024-09-06T20:00:38","slug":"miercoles-de-la-semana-23a-durante-el-nao","status":"publish","type":"post","link":"https:\/\/menesianosoy.org\/index.php\/2024\/09\/06\/miercoles-de-la-semana-23a-durante-el-nao\/","title":{"rendered":"Mi\u00e9rcoles de la semana 23\u00aa durante el a\u00f1o"},"content":{"rendered":"\n<p class=\"has-text-align-left\"><strong><em>1\u00aa Corintios 7, 25-31<br>Salmo 44, 11-12. 14-17<\/em><\/strong><\/p>\n\n\n\n<h4 class=\"wp-block-heading has-text-align-left has-vivid-cyan-blue-color has-text-color has-link-color wp-elements-0ba5fb403627fa27b9b7c455c984e81c\"><br><strong>Evangelio: Lucas 6, 20-26<\/strong><\/h4>\n\n\n\n<p class=\"has-text-align-left\">Entonces Jes\u00fas, fijando la mirada en sus disc\u00edpulos, dijo:<br>\u00a1Felices ustedes, los pobres, porque el Reino de Dios les pertenece!<br>\u00a1Felices ustedes, los que ahora tienen hambre, porque ser\u00e1n saciados!<br>\u00a1Felices ustedes, los que ahora lloran, porque reir\u00e1n!<br>\u00a1Felices ustedes, cuando los hombres los odien, los excluyan, los insulten y los proscriban, consider\u00e1ndolos infames y los proscriban, consider\u00e1ndolos infames a causa del Hijo del hombre!<br>\u00a1Al\u00e9grense y ll\u00e9nense de gozo en ese d\u00eda, porque la recompensa de ustedes ser\u00e1 grande en el cielo!<br>De la misma manera los padres de ellos trataban a los profetas.<br>Pero \u00a1ay de ustedes los ricos, porque ya tienen su consuelo!<br>\u00a1Ay de ustedes, los que ahora est\u00e1n satisfechos, porque tendr\u00e1n hambre!<br>\u00a1Ay de ustedes, los que ahora r\u00eden, porque conocer\u00e1n la aflicci\u00f3n y las l\u00e1grimas!<br>\u00a1Ay de ustedes cuando todos los elogien!<br>\u00a1De la misma manera los padres de ellos traban a los falsos profetas!<\/p>\n\n\n\n<figure class=\"wp-block-image size-full\"><img loading=\"lazy\" decoding=\"async\" width=\"450\" height=\"335\" src=\"https:\/\/menesianosoy.org\/wp-content\/uploads\/2024\/09\/bienaventurados.jpg\" alt=\"\" class=\"wp-image-15956\" srcset=\"https:\/\/menesianosoy.org\/wp-content\/uploads\/2024\/09\/bienaventurados.jpg 450w, https:\/\/menesianosoy.org\/wp-content\/uploads\/2024\/09\/bienaventurados-300x223.jpg 300w\" sizes=\"auto, (max-width: 450px) 85vw, 450px\" \/><\/figure>\n\n\n\n<p class=\"has-text-align-left\">Lucas, cuyo Evangelio visualiza m\u00e1s lo social, recuerda que Jes\u00fas llam\u00f3 felices a cuatro tipo de personas: los pobres, los hambrientos, los que lloran y los perseguidos por la fe. Y que se lament\u00f3 de los ricos, los satisfechos, los que la pasan muy bien y los adulados por la sociedad.<br><br>Son ant\u00edtesis, como las del canto de Mar\u00eda, el Magn\u00edficat, al inicio de su Evangelio:\u00a0 <em>\u00abDerrib\u00f3 a los poderosos de su trono y elev\u00f3 a los humildes. Colm\u00f3 de bienes a los hambrientos y despidi\u00f3 a los ricos con las manos vac\u00edas\u00bb<\/em>. (Lc 1, 52-53)El texto va en sinton\u00eda tambi\u00e9n con la primera ense\u00f1anza de Jes\u00fas en Nazaret, donde dice que Dios lo ha enviado a los pobres, los cautivos, los ciegos y los oprimidos.<br><br>Este, sin embargo, no es el mensaje de nuestro mundo, donde consideramos todo lo contrario<br>Nos admiramos y envidiamos la suerte de los ricos y poderosos y despreciamos o, al menos nos molestan, los que no han tenido tanta suerte en la vida.<br>Jes\u00fas conoce el coraz\u00f3n misericordioso de su Padre Dios. Los m\u00e1s necesitados de sus hijos son los predilectos y no quiere que nada les falte para ser plenamente felices; por eso, compadecido de la multitud que acude a \u00e9l proclama las Bienaventuranzas.<br><br>En la persona de Jes\u00fas el Padre Dios est\u00e1 actuando y haciendo realidad el Reino de Dios: los pobres, los hambrientos, los que lloran, los que son perseguidos encuentran el consuelo y la respuesta de plenitud a las necesidades que lo agobian. El Evangelio hace una advertencia a los autosuficientes, a los que creen no necesitar a Dios para ser plenos;\u00a0 a esos les dice Jes\u00fas: su felicidad es moment\u00e1nea, pasajera. <br><br>Quiz\u00e1s ayude, para interiorizar este Evangelio de la Bienaventuranzas,\u00a0 preguntarse:\u00bfEs la misericordia de Dios la que hace plena mi vida o es la autosuficiencia la que llena mi coraz\u00f3n?<\/p>\n\n\n\n<p class=\"has-text-align-left\"><br><strong>M\u00c1XIMA<br>Los predilectos de Dios son los m\u00e1s necesitados<\/strong><\/p>\n\n\n\n<h4 class=\"wp-block-heading has-text-align-left has-vivid-cyan-blue-color has-text-color has-link-color wp-elements-fc106bf8187ed34fa9151c6c240c10b4\"><br><strong>Palabras de Juan Mar\u00eda<\/strong><\/h4>\n\n\n\n<p class=\"has-text-align-left\"><img decoding=\"async\" class=\"wp-image-15825\" style=\"width: 150px;\" src=\"https:\/\/menesianosoy.org\/wp-content\/uploads\/2024\/08\/images-5.jpeg\" alt=\"\"><br><em>Se dir\u00e1 el \u00faltimo d\u00eda a aquellos que no han practicado misericordia hacia sus hermanos: No han tra\u00eddo aqu\u00ed ning\u00fan sentimiento de humanidad, no encontrar\u00e1n ninguno; han sembrado la dureza, la inhumanidad, recoger\u00e1n sus gavillas. Han huido a la misericordia, ella se alejar\u00e1 de ustedes. Han despreciado a los pobres, ser\u00e1n despreciados por Aqu\u00e9l que se ha hecho pobre por amor. (S.IX p.2586. Cita de S. Gregorio. Biblia de los padres, p. 464)<\/em><\/p>\n\n\n\n<h4 class=\"wp-block-heading has-text-align-left has-vivid-cyan-blue-color has-text-color has-link-color wp-elements-e0e9e098f5aa24edf81de478b70f8393\"><br><strong><em>Felices &#8211; Pablo Coloma<\/em><\/strong><\/h4>\n\n\n\n<figure class=\"wp-block-embed is-type-video is-provider-youtube wp-block-embed-youtube wp-embed-aspect-16-9 wp-has-aspect-ratio\"><div class=\"wp-block-embed__wrapper\">\n<iframe loading=\"lazy\" title=\"Felices - Pablo Coloma\" width=\"1140\" height=\"641\" src=\"https:\/\/www.youtube.com\/embed\/xPmP_GkUi9s?feature=oembed\" frameborder=\"0\" allow=\"accelerometer; autoplay; clipboard-write; encrypted-media; gyroscope; picture-in-picture; web-share\" referrerpolicy=\"strict-origin-when-cross-origin\" allowfullscreen><\/iframe>\n<\/div><\/figure>\n\n\n\n<p class=\"has-text-align-left\">Felices aquellos, los de puro coraz\u00f3n,<br>los que en cada ma\u00f1ana te sonr\u00eden con pasi\u00f3n<br>y te dicen, mir\u00e1ndote con gozo:<br>\u00abTenga usted un d\u00eda hermoso<br>m\u00e1s amable, m\u00e1s dichoso\u00bb.<br><br>Felices los de limpio mirar,<br>que no saben de envidias,<br>los de nunca condenar,<br>los que nunca te cargan de tristeza<br>ni te enrostran tu pobreza,<br>que conocen tu belleza.<br><br>Felices los que nunca descansan<br>en la lucha por la paz,<br>una paz verdadera, de justicia y libertad;<br>los que entregan su vida sin medida<br>por un mundo sin heridas,<br>sean felices cada d\u00eda.<br><br>Felices los que buscan verdad,<br>los que luchan por dar<br>a cada hombre dignidad;<br>los que al miedo salvaje dan derrota,<br>dan su sangre gota a gota<br>y en la tierra son semilla que brota.<br><br>Felices los que dicen: \u00abhermano\u00bb<br>con nobleza y sin doblez;<br>los que saben que el barro<br>se ha pegado a nuestros pies;<br>que conocen la pena m\u00e1s profunda,<br>la alegr\u00eda donde abunda<br>y la entrega m\u00e1s fecunda.<br><br>Felices los que olvidan tu error<br>y te saben distinto<br>y te abrazan sin rencor,<br>porque ven que tu coraz\u00f3n palpita,<br>que en tu alma siempre habita<br>alg\u00fan sue\u00f1o que se agita.<br><br>Felices los que saben sufrir junto<br>a tu lado en el dolor<br>y te dan una mano<br>que te aprieta con calor;<br>los que nunca se r\u00eden de tu llanto,<br>porque s\u00f3lo un nuevo canto<br>es su alegr\u00eda y su encanto.<br><br>Felices<br>los de gran coraz\u00f3n,<br>que comparten la vida,<br>regalando un nuevo don;<br>Y te dan de su pan<br>y te dan de beber<br>y a su mesa te sientan<br>y te llaman hermano.<\/p>\n","protected":false},"excerpt":{"rendered":"<p>1\u00aa Corintios 7, 25-31Salmo 44, 11-12. 14-17 Evangelio: Lucas 6, 20-26 Entonces Jes\u00fas, fijando la mirada en sus disc\u00edpulos, dijo:\u00a1Felices ustedes, los pobres, porque el Reino de Dios les pertenece!\u00a1Felices ustedes, los que ahora tienen hambre, porque ser\u00e1n saciados!\u00a1Felices ustedes, los que ahora lloran, porque reir\u00e1n!\u00a1Felices ustedes, cuando los hombres los odien, los excluyan, los &hellip; <a href=\"https:\/\/menesianosoy.org\/index.php\/2024\/09\/06\/miercoles-de-la-semana-23a-durante-el-nao\/\" class=\"more-link\">Continue reading<span class=\"screen-reader-text\"> \u00abMi\u00e9rcoles de la semana 23\u00aa durante el a\u00f1o\u00bb<\/span><\/a><\/p>\n","protected":false},"author":3,"featured_media":0,"comment_status":"closed","ping_status":"closed","sticky":false,"template":"","format":"standard","meta":{"_acf_changed":false,"footnotes":""},"categories":[9],"tags":[],"class_list":["post-15946","post","type-post","status-publish","format-standard","hentry","category-evangelio"],"acf":[],"_links":{"self":[{"href":"https:\/\/menesianosoy.org\/index.php\/wp-json\/wp\/v2\/posts\/15946","targetHints":{"allow":["GET"]}}],"collection":[{"href":"https:\/\/menesianosoy.org\/index.php\/wp-json\/wp\/v2\/posts"}],"about":[{"href":"https:\/\/menesianosoy.org\/index.php\/wp-json\/wp\/v2\/types\/post"}],"author":[{"embeddable":true,"href":"https:\/\/menesianosoy.org\/index.php\/wp-json\/wp\/v2\/users\/3"}],"replies":[{"embeddable":true,"href":"https:\/\/menesianosoy.org\/index.php\/wp-json\/wp\/v2\/comments?post=15946"}],"version-history":[{"count":7,"href":"https:\/\/menesianosoy.org\/index.php\/wp-json\/wp\/v2\/posts\/15946\/revisions"}],"predecessor-version":[{"id":15958,"href":"https:\/\/menesianosoy.org\/index.php\/wp-json\/wp\/v2\/posts\/15946\/revisions\/15958"}],"wp:attachment":[{"href":"https:\/\/menesianosoy.org\/index.php\/wp-json\/wp\/v2\/media?parent=15946"}],"wp:term":[{"taxonomy":"category","embeddable":true,"href":"https:\/\/menesianosoy.org\/index.php\/wp-json\/wp\/v2\/categories?post=15946"},{"taxonomy":"post_tag","embeddable":true,"href":"https:\/\/menesianosoy.org\/index.php\/wp-json\/wp\/v2\/tags?post=15946"}],"curies":[{"name":"wp","href":"https:\/\/api.w.org\/{rel}","templated":true}]}}