{"id":15998,"date":"2024-09-07T12:38:01","date_gmt":"2024-09-07T15:38:01","guid":{"rendered":"https:\/\/menesianosoy.org\/?p=15998"},"modified":"2024-09-10T17:02:32","modified_gmt":"2024-09-10T20:02:32","slug":"san-juan-crisostomo-2","status":"publish","type":"post","link":"https:\/\/menesianosoy.org\/index.php\/2024\/09\/07\/san-juan-crisostomo-2\/","title":{"rendered":"San Juan Cris\u00f3stomo"},"content":{"rendered":"\n<h4 class=\"wp-block-heading has-text-align-left has-vivid-purple-color has-text-color has-link-color wp-elements-ee387d0d5662abedfabb7986a324d730\"><br><strong><em>Oraci\u00f3n:<\/em><\/strong><\/h4>\n\n\n\n<p class=\"has-text-align-left\"><strong><em>Se\u00f1or, haz de m\u00ed un instrumento de tu paz:<br>donde haya odio, ponga yo amor,<br>donde haya ofensa, ponga yo perd\u00f3n,<br>donde haya discordia, ponga yo uni\u00f3n,<br>donde haya error, ponga yo verdad,<br>donde haya duda, ponga yo la fe,<br>donde haya desesperaci\u00f3n, ponga yo esperanza,<br>donde haya tinieblas, ponga yo luz,<br>donde haya tristeza, ponga yo alegr\u00eda.<br>Oh Maestro, que no busque yo tanto<br>ser consolado como consolar,<br>ser comprendido como comprender,<br>ser amado como amar.<br>Porque dando se recibe,<br>olvidando se encuentra,<br>perdonando se es perdonado,<br>y muriendo se resucita a la vida eterna.<\/em><\/strong><br><strong><em>(S. Francisco)<\/em><\/strong><\/p>\n\n\n\n<h4 class=\"wp-block-heading has-text-align-left has-vivid-purple-color has-text-color has-link-color wp-elements-d7db2ffc8ebbc10abc0b559de040a9b9\"><br><strong><em>Intenciones:<\/em><\/strong><\/h4>\n\n\n\n<ul class=\"wp-block-list\">\n<li>Por los laicos comprometidos en la misi\u00f3n educativa menesiana.<\/li>\n\n\n\n<li>Por la comunidad del centro educativo San Dami\u00e1n de Villa G. G\u00e1lvez<\/li>\n\n\n\n<li>Por la comunidad de Zamora (Espa\u00f1a) y la de Moshi (Tanzania).<\/li>\n<\/ul>\n\n\n\n<h4 class=\"wp-block-heading has-text-align-left has-vivid-purple-color has-text-color has-link-color wp-elements-6149051053c2d11b54a9e66fb539db52\"><br><strong><em>Constituciones 93 c:<\/em><\/strong><\/h4>\n\n\n\n<p class=\"has-text-align-left\">(El superior) determina con los Hermanos los medios pr\u00e1cticos por los que la Comunidad se propone dar testimonio religioso. Vela para que la Regla de Vida se lea peri\u00f3dicamente en Comunidad.<\/p>\n\n\n\n<h4 class=\"wp-block-heading has-text-align-left has-vivid-purple-color has-text-color has-link-color wp-elements-4ad1f43ed2769c5ee76d1bd561b4f988\"><br><strong><em>Al Hno. Anastase, 1 de junio de 1846:<\/em><\/strong><\/h4>\n\n\n\n<p class=\"has-text-align-left\">\u00a1Qu\u00e9 hermosa es su misi\u00f3n y cu\u00e1nto bendigo a Dios por hab\u00e9rsela dado, porque trabajando en la santificaci\u00f3n de los ni\u00f1os que les son confiados, es como trabajan en su propia santificaci\u00f3n!<\/p>\n\n\n\n<h4 class=\"wp-block-heading has-text-align-left has-vivid-purple-color has-text-color has-link-color wp-elements-63531e6f0c7f0f61520f80f48a811646\"><br><strong><em>Difuntos:<\/em><\/strong> <\/h4>\n\n\n\n<p class=\"has-text-align-left\">1937: <strong>Rigoberto Arg\u00fceso (Feliciano).<\/strong> Naci\u00f3 en Llano (Cantabria) en 1919. Muri\u00f3 durante la guerra civil espa\u00f1ola en Plasencia (C\u00e1ceres).<br>1950: Armand-Raoul Robillard<br>1957: Godefroy-Joseph Guilleux<br>1966: Adalbert Beno\u00eet Fraser<br>1997: Remo Carnir (Costantino). Naci\u00f3 en Roma y muri\u00f3 en Castelgandolfo. <br>2006: Marcel Hubert (Hubert).<\/p>\n","protected":false},"excerpt":{"rendered":"<p>Oraci\u00f3n: Se\u00f1or, haz de m\u00ed un instrumento de tu paz:donde haya odio, ponga yo amor,donde haya ofensa, ponga yo perd\u00f3n,donde haya discordia, ponga yo uni\u00f3n,donde haya error, ponga yo verdad,donde haya duda, ponga yo la fe,donde haya desesperaci\u00f3n, ponga yo esperanza,donde haya tinieblas, ponga yo luz,donde haya tristeza, ponga yo alegr\u00eda.Oh Maestro, que no busque &hellip; <a href=\"https:\/\/menesianosoy.org\/index.php\/2024\/09\/07\/san-juan-crisostomo-2\/\" class=\"more-link\">Continue reading<span class=\"screen-reader-text\"> \u00abSan Juan Cris\u00f3stomo\u00bb<\/span><\/a><\/p>\n","protected":false},"author":3,"featured_media":0,"comment_status":"closed","ping_status":"closed","sticky":false,"template":"","format":"standard","meta":{"_acf_changed":false,"footnotes":""},"categories":[3],"tags":[],"class_list":["post-15998","post","type-post","status-publish","format-standard","hentry","category-calendario"],"acf":[],"_links":{"self":[{"href":"https:\/\/menesianosoy.org\/index.php\/wp-json\/wp\/v2\/posts\/15998","targetHints":{"allow":["GET"]}}],"collection":[{"href":"https:\/\/menesianosoy.org\/index.php\/wp-json\/wp\/v2\/posts"}],"about":[{"href":"https:\/\/menesianosoy.org\/index.php\/wp-json\/wp\/v2\/types\/post"}],"author":[{"embeddable":true,"href":"https:\/\/menesianosoy.org\/index.php\/wp-json\/wp\/v2\/users\/3"}],"replies":[{"embeddable":true,"href":"https:\/\/menesianosoy.org\/index.php\/wp-json\/wp\/v2\/comments?post=15998"}],"version-history":[{"count":6,"href":"https:\/\/menesianosoy.org\/index.php\/wp-json\/wp\/v2\/posts\/15998\/revisions"}],"predecessor-version":[{"id":16008,"href":"https:\/\/menesianosoy.org\/index.php\/wp-json\/wp\/v2\/posts\/15998\/revisions\/16008"}],"wp:attachment":[{"href":"https:\/\/menesianosoy.org\/index.php\/wp-json\/wp\/v2\/media?parent=15998"}],"wp:term":[{"taxonomy":"category","embeddable":true,"href":"https:\/\/menesianosoy.org\/index.php\/wp-json\/wp\/v2\/categories?post=15998"},{"taxonomy":"post_tag","embeddable":true,"href":"https:\/\/menesianosoy.org\/index.php\/wp-json\/wp\/v2\/tags?post=15998"}],"curies":[{"name":"wp","href":"https:\/\/api.w.org\/{rel}","templated":true}]}}