{"id":16248,"date":"2024-09-14T16:37:45","date_gmt":"2024-09-14T19:37:45","guid":{"rendered":"https:\/\/menesianosoy.org\/?p=16248"},"modified":"2024-09-17T20:10:20","modified_gmt":"2024-09-17T23:10:20","slug":"san-jose-de-cupertino-3","status":"publish","type":"post","link":"https:\/\/menesianosoy.org\/index.php\/2024\/09\/14\/san-jose-de-cupertino-3\/","title":{"rendered":"San Jos\u00e9 de Cupertino"},"content":{"rendered":"\n<p class=\"has-text-align-left\"><strong><em>1\u00aa Corintios 12, 31- 13,13<br>Salmo 32, 2-5. 12. 22<\/em><\/strong><\/p>\n\n\n\n<h4 class=\"wp-block-heading has-text-align-left has-vivid-cyan-blue-color has-text-color has-link-color wp-elements-b2ad34381df1d72c268f8e33c9757f72\"><br><strong>Evangelio: Lucas 7, 31-35<\/strong><\/h4>\n\n\n\n<p class=\"has-text-align-left\"><em><strong>Jes\u00fas dijo: \u00bfCon qui\u00e9n puedo comparar a los hombres de esta generaci\u00f3n? \u00bfA qui\u00e9n se parecen? Se parecen a esos muchachos que est\u00e1n sentados en la plaza y se dicen entre ellos: <br>\u00ab\u00a1Les tocamos la flauta, y ustedes no bailaron! \u00a1Entonamos cantos f\u00fanebres, y no lloraron!\u00bb <br>Porque lleg\u00f3 Juan el Bautista, que no come pan ni bebe vino y ustedes dicen: \u00ab\u00a1Ha perdido la cabeza!\u00bb Lleg\u00f3 el Hijo del hombre, que come y bebe, y dicen: \u00ab\u00a1Es un glot\u00f3n y un borracho, amigo de publicanos y pecadores!\u00bb<br>Pero la Sabidur\u00eda ha sido reconocida como justa por todos sus hijos.<\/strong><\/em><\/p>\n\n\n\n<figure class=\"wp-block-image size-full\"><img loading=\"lazy\" decoding=\"async\" width=\"450\" height=\"365\" src=\"https:\/\/menesianosoy.org\/wp-content\/uploads\/2024\/09\/images-cc.png\" alt=\"\" class=\"wp-image-16261\" srcset=\"https:\/\/menesianosoy.org\/wp-content\/uploads\/2024\/09\/images-cc.png 450w, https:\/\/menesianosoy.org\/wp-content\/uploads\/2024\/09\/images-cc-300x243.png 300w\" sizes=\"auto, (max-width: 450px) 85vw, 450px\" \/><\/figure>\n\n\n\n<p class=\"has-text-align-left\">En primer lugar, que la cr\u00edtica no te gane. Fijate c\u00f3mo el se\u00f1or hace alusi\u00f3n a esos j\u00f3venes que est\u00e1n sentados en la plaza y no se conforman con nada, que nada les viene bien, que se han vuelto criticones. \u00bfHas visto c\u00f3mo a veces nos rodeamos de personas as\u00ed? O porque son muy buenos o porque son muy malos, pero siempre encuentran un \u201cpero\u201d, siempre les buscan problemas a las soluciones&#8230; <br>Tal vez esto no sea para otro, quiz\u00e1s sea para vos. Y, si es tu caso, te invito a que puedas empezar a renunciar a esa negatividad, a ese esp\u00edritu de cr\u00edtica, de enojo, del \u201cnada es suficiente para m\u00ed\u201d\u2026<br><br>En segundo lugar, Dios es creativo.&nbsp; Los publicanos, los pecadores, los sencillos supieron ver en Juan y en Jes\u00fas, signos de Dios para sus vidas y se hicieron bautizar; los fariseos, en cambio, por testarudos se negaron, frustrando as\u00ed el proyecto de Dios en ellos. Ser\u00eda bueno que te animes a descubrir que Dios es un artista, que Dios quiere hacer con vos una obra de arte y que para acercarse es respetuoso, pero muy creativo. An\u00edmate a caminar con sabidur\u00eda. Empez\u00e1 a cambiar tu mirada por la mirada de Jes\u00fas, desprendete de esa cabeza dura y reconoc\u00e9 el paso de Dios. Aprend\u00e9 a sonre\u00edr con esa alegr\u00eda que te viene a traer el Dios de las sorpresas y transmitilo a los dem\u00e1s.<br><br>Todo nos invita a cambiar la mirada. \u00bfVos de qu\u00e9 lado est\u00e1s, del que siempre tiene algo que criticar o del que trata, en todas las situaciones, de buscar y agradecer el signo o presencia de Jes\u00fas? (P. Mat\u00edas Burgui)<\/p>\n\n\n\n<p class=\"has-text-align-left\"><br><strong>M\u00c1XIMA<br>Decile no a la queja constante<\/strong><\/p>\n\n\n\n<h4 class=\"wp-block-heading has-text-align-left has-vivid-cyan-blue-color has-text-color has-link-color wp-elements-fc106bf8187ed34fa9151c6c240c10b4\"><br><strong>Palabras de Juan Mar\u00eda<\/strong><\/h4>\n\n\n\n<p class=\"has-text-align-left\"><img loading=\"lazy\" decoding=\"async\" width=\"150\" height=\"200\" class=\"wp-image-16077\" style=\"width: 150px;\" src=\"https:\/\/menesianosoy.org\/wp-content\/uploads\/2024\/09\/JMLM-Jesus-Nino.jpg\" alt=\"\" srcset=\"https:\/\/menesianosoy.org\/wp-content\/uploads\/2024\/09\/JMLM-Jesus-Nino.jpg 500w, https:\/\/menesianosoy.org\/wp-content\/uploads\/2024\/09\/JMLM-Jesus-Nino-225x300.jpg 225w\" sizes=\"auto, (max-width: 150px) 85vw, 150px\" \/><br><em>Cuando escribes a los hermanos, todas tus cartas est\u00e1n empapadas de una tristeza profunda que sirve s\u00f3lo para inspirar el des\u00e1nimo a los que las reciben. Despu\u00e9s de haber recibido esta impresi\u00f3n, ellos la comunican involuntariamente a otros y esto puede ocasionar los peores efectos. Hay por otra parte exageraciones en tus quejas\u2026 Ten cuidado desde ahora con esto, y s\u00e9 m\u00e1s calmo, m\u00e1s discreto, m\u00e1s prudente o de lo contrario har\u00e1s vacilar muchas vocaciones. (Carta al H. Ambrosio, 15-04-1843)<\/em><\/p>\n\n\n\n<h4 class=\"wp-block-heading has-text-align-left has-vivid-cyan-blue-color has-text-color has-link-color wp-elements-256b02e1ab498cab2b733be9be3c1c09\"><br>Aprovecha &#8211; Santiago Benavides<\/h4>\n\n\n\n<figure class=\"wp-block-embed is-type-video is-provider-youtube wp-block-embed-youtube wp-embed-aspect-16-9 wp-has-aspect-ratio\"><div class=\"wp-block-embed__wrapper\">\n<iframe loading=\"lazy\" title=\"Santiago Benavides - Aprovecha (Video Oficial)\" width=\"1140\" height=\"641\" src=\"https:\/\/www.youtube.com\/embed\/IN5r153hwbQ?feature=oembed\" frameborder=\"0\" allow=\"accelerometer; autoplay; clipboard-write; encrypted-media; gyroscope; picture-in-picture; web-share\" referrerpolicy=\"strict-origin-when-cross-origin\" allowfullscreen><\/iframe>\n<\/div><\/figure>\n\n\n\n<p class=\"has-text-align-left\">Aprovecha<br>que tenemos el regalo de la vida;<br>que un \u00abte quiero\u00bb est\u00e1 a tiempo todav\u00eda;<br>que hay \u00abperdonames\u00bb que curan las heridas.<br><br>Aprovecha<br>que tus ojos son capaces de un \u00abte amo\u00bb;<br>que tus manos pueden dar un buen abrazo<br>y tus pasos pueden ir en busca de tu hermano.<br><br>Aprovecha<br>que puedes dar amor con tus palabras<br>y una flor avivar antiguas llamas,<br>antiguas llamas.<br><br>Porque la lluvia acarici\u00f3 tu madrugada,<br>porque de nuevo Dios a la puerta te llama;<br>porque no sabes lo que pasar\u00e1 ma\u00f1ana,<br>aprovecha para amar.<br><br>Aprovecha<br>que las cosas importantes son tan simples;<br>que jugar con tus peque\u00f1os es posible;<br>que decirles que los amas los define.<br><br>Aprovecha<br>ese pudor del hast\u00edo de los d\u00edas.<br>Desempolva viejas alegr\u00edas,<br>tan sencillas.<br><br>Porque la lluvia acarici\u00f3 tu madrugada,<br>porque de nuevo Dios a la puerta te llama,<br>porque no sabes lo que pasar\u00e1 ma\u00f1ana,<br>aprovecha para amar.<br><br>Porque a\u00fan no se rompi\u00f3 el cord\u00f3n de plata,<br>porque el orgullo no ha acabado con el alma,<br>porque seguimos en la escuela de la gracia,<br>aprovecha para amar.<\/p>\n","protected":false},"excerpt":{"rendered":"<p>1\u00aa Corintios 12, 31- 13,13Salmo 32, 2-5. 12. 22 Evangelio: Lucas 7, 31-35 Jes\u00fas dijo: \u00bfCon qui\u00e9n puedo comparar a los hombres de esta generaci\u00f3n? \u00bfA qui\u00e9n se parecen? Se parecen a esos muchachos que est\u00e1n sentados en la plaza y se dicen entre ellos: \u00ab\u00a1Les tocamos la flauta, y ustedes no bailaron! \u00a1Entonamos cantos &hellip; <a href=\"https:\/\/menesianosoy.org\/index.php\/2024\/09\/14\/san-jose-de-cupertino-3\/\" class=\"more-link\">Continue reading<span class=\"screen-reader-text\"> \u00abSan Jos\u00e9 de Cupertino\u00bb<\/span><\/a><\/p>\n","protected":false},"author":3,"featured_media":0,"comment_status":"closed","ping_status":"closed","sticky":false,"template":"","format":"standard","meta":{"_acf_changed":false,"footnotes":""},"categories":[9],"tags":[],"class_list":["post-16248","post","type-post","status-publish","format-standard","hentry","category-evangelio"],"acf":[],"_links":{"self":[{"href":"https:\/\/menesianosoy.org\/index.php\/wp-json\/wp\/v2\/posts\/16248","targetHints":{"allow":["GET"]}}],"collection":[{"href":"https:\/\/menesianosoy.org\/index.php\/wp-json\/wp\/v2\/posts"}],"about":[{"href":"https:\/\/menesianosoy.org\/index.php\/wp-json\/wp\/v2\/types\/post"}],"author":[{"embeddable":true,"href":"https:\/\/menesianosoy.org\/index.php\/wp-json\/wp\/v2\/users\/3"}],"replies":[{"embeddable":true,"href":"https:\/\/menesianosoy.org\/index.php\/wp-json\/wp\/v2\/comments?post=16248"}],"version-history":[{"count":14,"href":"https:\/\/menesianosoy.org\/index.php\/wp-json\/wp\/v2\/posts\/16248\/revisions"}],"predecessor-version":[{"id":16337,"href":"https:\/\/menesianosoy.org\/index.php\/wp-json\/wp\/v2\/posts\/16248\/revisions\/16337"}],"wp:attachment":[{"href":"https:\/\/menesianosoy.org\/index.php\/wp-json\/wp\/v2\/media?parent=16248"}],"wp:term":[{"taxonomy":"category","embeddable":true,"href":"https:\/\/menesianosoy.org\/index.php\/wp-json\/wp\/v2\/categories?post=16248"},{"taxonomy":"post_tag","embeddable":true,"href":"https:\/\/menesianosoy.org\/index.php\/wp-json\/wp\/v2\/tags?post=16248"}],"curies":[{"name":"wp","href":"https:\/\/api.w.org\/{rel}","templated":true}]}}