{"id":16403,"date":"2024-09-20T17:09:38","date_gmt":"2024-09-20T20:09:38","guid":{"rendered":"https:\/\/menesianosoy.org\/?p=16403"},"modified":"2024-09-20T17:52:43","modified_gmt":"2024-09-20T20:52:43","slug":"25o-domingo-durante-el-ano-4","status":"publish","type":"post","link":"https:\/\/menesianosoy.org\/index.php\/2024\/09\/20\/25o-domingo-durante-el-ano-4\/","title":{"rendered":"25\u00ba domingo durante el a\u00f1o"},"content":{"rendered":"\n<p class=\"has-text-align-left\"><strong><em>1990 &#8211; Llegada de nuestros Hermanos a Ben\u00edn. <\/em><\/strong><\/p>\n\n\n\n<h4 class=\"wp-block-heading has-text-align-left has-vivid-purple-color has-text-color has-link-color wp-elements-ee387d0d5662abedfabb7986a324d730\"><br><strong><em>Oraci\u00f3n:<\/em><\/strong><\/h4>\n\n\n\n<p class=\"has-text-align-left\"><strong><em>Se\u00f1or Jes\u00fas, al comenzar el d\u00eda,<br>te ofrecemos nuestra vida entera.<br>Que el amor fraterno reine entre todos<br>los que formamos comunidad.<br>Que cada uno se sienta feliz<br>con la alegr\u00eda de los dem\u00e1s,<br>y sufra con sus penas.<br>Que todos nos prestemos ayuda mutua<br>para ir a Dios y realizar su obra cada d\u00eda.<br>Que no existan jam\u00e1s entre nosotros<br>ni contiendas ni rivalidades,<br>ni secretas envidias, ni palabras duras.<br>Aparta de nosotros, Se\u00f1or, todo lo que hiere,<br>todo lo que divide,<br>todo lo que altera la caridad.<br>Haz, Se\u00f1or, que hoy y siempre<br>intentemos ayudarnos<br>unos a otros a ser santos.<br>Que todos vivamos hoy con dulzura,<br>paciencia, humildad<br>y fidelidad a tu Palabra.<br>(Regla de 1835)<\/em><\/strong><\/p>\n\n\n\n<h4 class=\"wp-block-heading has-text-align-left has-vivid-purple-color has-text-color has-link-color wp-elements-529d64b48c70b24afb37d99ed3c19ff0\"><br><strong><em>Intenciones <\/em><\/strong><\/h4>\n\n\n\n<ul class=\"wp-block-list\">\n<li>Por los menesianos, hermanos y laicos, que trabajan en Ben\u00edn.<\/li>\n\n\n\n<li>Por la familia menesiana del Centro Educacional de Culipr\u00e1n<\/li>\n\n\n\n<li>Por la comunidad de Portugalete (Espa\u00f1a) y la de Papeete-La Mennais (Tahit\u00ed).<\/li>\n\n\n\n<li>Por la Provincia San Miguel Arc\u00e1ngel (Kenia, Tanzania).<\/li>\n<\/ul>\n\n\n\n<h4 class=\"wp-block-heading has-text-align-left has-vivid-purple-color has-text-color has-link-color wp-elements-6fd88f2afd99fd2b2b1cdd7d12ba2eb9\"><br><strong><em>Constituciones 103: <\/em><\/strong><\/h4>\n\n\n\n<p class=\"has-text-align-left\">El Hermano Provincial recuerda regularmente a los Hermanos su papel determinante en la promoci\u00f3n de vocaciones religiosas y sacerdotales. Apoya especialmente a los Delegados de la pastoral vocacional. Sigue de cerca la formaci\u00f3n de los aspirantes a la vida religiosa. <\/p>\n\n\n\n<h4 class=\"wp-block-heading has-vivid-purple-color has-text-color has-link-color wp-elements-69dabd28f5d5c0db4f373f3c87825b90\"><br><strong><em>A los sacerdotes, 29 de octubre de 1815:<\/em><\/strong><\/h4>\n\n\n\n<p class=\"has-text-align-left\">No se dejen dominar por el desaliento: acu\u00e9rdense constantemente de las palabras de su divino Maestro: \u00abEl mundo los har\u00e1 sufrir, pero tengan \u00e1nimo, yo he vencido al mundo\u201d. <\/p>\n\n\n\n<h4 class=\"wp-block-heading has-text-align-left has-vivid-purple-color has-text-color has-link-color wp-elements-84ccc886c6064ee3a2237e898eddf040\"><br><strong><em>Difunto: <\/em><\/strong><\/h4>\n\n\n\n<p>2007: Joseph Eon (Marcel-Bernard).<\/p>\n","protected":false},"excerpt":{"rendered":"<p>1990 &#8211; Llegada de nuestros Hermanos a Ben\u00edn. Oraci\u00f3n: Se\u00f1or Jes\u00fas, al comenzar el d\u00eda,te ofrecemos nuestra vida entera.Que el amor fraterno reine entre todoslos que formamos comunidad.Que cada uno se sienta felizcon la alegr\u00eda de los dem\u00e1s,y sufra con sus penas.Que todos nos prestemos ayuda mutuapara ir a Dios y realizar su obra cada &hellip; <a href=\"https:\/\/menesianosoy.org\/index.php\/2024\/09\/20\/25o-domingo-durante-el-ano-4\/\" class=\"more-link\">Continue reading<span class=\"screen-reader-text\"> \u00ab25\u00ba domingo durante el a\u00f1o\u00bb<\/span><\/a><\/p>\n","protected":false},"author":3,"featured_media":0,"comment_status":"closed","ping_status":"closed","sticky":false,"template":"","format":"standard","meta":{"_acf_changed":false,"footnotes":""},"categories":[3],"tags":[],"class_list":["post-16403","post","type-post","status-publish","format-standard","hentry","category-calendario"],"acf":[],"_links":{"self":[{"href":"https:\/\/menesianosoy.org\/index.php\/wp-json\/wp\/v2\/posts\/16403","targetHints":{"allow":["GET"]}}],"collection":[{"href":"https:\/\/menesianosoy.org\/index.php\/wp-json\/wp\/v2\/posts"}],"about":[{"href":"https:\/\/menesianosoy.org\/index.php\/wp-json\/wp\/v2\/types\/post"}],"author":[{"embeddable":true,"href":"https:\/\/menesianosoy.org\/index.php\/wp-json\/wp\/v2\/users\/3"}],"replies":[{"embeddable":true,"href":"https:\/\/menesianosoy.org\/index.php\/wp-json\/wp\/v2\/comments?post=16403"}],"version-history":[{"count":6,"href":"https:\/\/menesianosoy.org\/index.php\/wp-json\/wp\/v2\/posts\/16403\/revisions"}],"predecessor-version":[{"id":16436,"href":"https:\/\/menesianosoy.org\/index.php\/wp-json\/wp\/v2\/posts\/16403\/revisions\/16436"}],"wp:attachment":[{"href":"https:\/\/menesianosoy.org\/index.php\/wp-json\/wp\/v2\/media?parent=16403"}],"wp:term":[{"taxonomy":"category","embeddable":true,"href":"https:\/\/menesianosoy.org\/index.php\/wp-json\/wp\/v2\/categories?post=16403"},{"taxonomy":"post_tag","embeddable":true,"href":"https:\/\/menesianosoy.org\/index.php\/wp-json\/wp\/v2\/tags?post=16403"}],"curies":[{"name":"wp","href":"https:\/\/api.w.org\/{rel}","templated":true}]}}