{"id":16405,"date":"2024-09-20T17:10:05","date_gmt":"2024-09-20T20:10:05","guid":{"rendered":"https:\/\/menesianosoy.org\/?p=16405"},"modified":"2024-09-23T06:30:28","modified_gmt":"2024-09-23T09:30:28","slug":"san-pio-de-pietrelcina-3","status":"publish","type":"post","link":"https:\/\/menesianosoy.org\/index.php\/2024\/09\/20\/san-pio-de-pietrelcina-3\/","title":{"rendered":"San P\u00edo de Pietrelcina"},"content":{"rendered":"\n<p class=\"has-text-align-left\"><strong><em>Proverbios 3, 27-34<br>Salmo 14, 2-5<\/em><\/strong><\/p>\n\n\n\n<h4 class=\"wp-block-heading has-vivid-cyan-blue-color has-text-color has-link-color wp-elements-add632d90e67b98601dd5df50369d896\"><br><strong>Evangelio: Lucas 8, 16-18<\/strong><\/h4>\n\n\n\n<p class=\"has-text-align-left\"><strong><em>Jes\u00fas dijo a sus disc\u00edpulos.<br>No se enciende una l\u00e1mpara para cubrirla con un recipiente o para ponerla debajo de la cama, sino que se la coloca sobre un candelero, para que los que entren vean la luz.<br>Porque no hay nada oculto que no se descubra alg\u00fan d\u00eda, ni nada secreto que no deba ser conocido y divulgado.<br>Presten atenci\u00f3n y oigan bien, porque al que tiene, se le dar\u00e1, pero al que no tiene, se le quitar\u00e1 hasta lo que cree tener.<\/em><\/strong><\/p>\n\n\n\n<figure class=\"wp-block-image size-full\"><img decoding=\"async\" src=\"https:\/\/menesianosoy.org\/wp-content\/uploads\/2024\/09\/La-diez-virgenes-958x539-2.jpg\" alt=\"\" class=\"wp-image-16411\"\/><\/figure>\n\n\n\n<p class=\"has-text-align-left\">El papa Benedicto les dec\u00eda a los j\u00f3venes:<br>\u00abUna vela puede dar luz solamente si la llama la consume. Ser\u00eda inservible si su cera no alimentase el fuego.<br>Permitan que Cristo arda en ustedes, aun cuando ello comporte a veces sacrificio y renuncia.<br>No teman perder algo y quedarse al final, por as\u00ed decirlo, con las manos vac\u00edas.<br>Tengan la valent\u00eda de usar sus talentos y dones al servicio del Reino de Dios y de entregarse ustedes mismos, como la cera de la vela, para que el Se\u00f1or ilumine la oscuridad a trav\u00e9s de ustedes.<br>Tengan la osad\u00eda de ser santos brillantes, en cuyos ojos y corazones reluzca el amor de Cristo, llevando as\u00ed luz al mundo.<br>Conf\u00edo que ustedes y tantos otros j\u00f3venes sean llamas de esperanza que no queden ocultas.<br>Ustedes son la luz del mundo. Dios es su futuro. Am\u00e9n\u00bb. (24-09-2011)<\/p>\n\n\n\n<p class=\"has-text-align-left\"><br><strong>M\u00c1XIMA<\/strong><img loading=\"lazy\" decoding=\"async\" width=\"40\" height=\"57\" class=\"wp-image-16415\" style=\"width: 40px;\" src=\"https:\/\/menesianosoy.org\/wp-content\/uploads\/2024\/09\/depositphotos_215858070-stock-illustration-big-fire-flame-illustration.jpg\" alt=\"\" srcset=\"https:\/\/menesianosoy.org\/wp-content\/uploads\/2024\/09\/depositphotos_215858070-stock-illustration-big-fire-flame-illustration.jpg 716w, https:\/\/menesianosoy.org\/wp-content\/uploads\/2024\/09\/depositphotos_215858070-stock-illustration-big-fire-flame-illustration-210x300.jpg 210w\" sizes=\"auto, (max-width: 40px) 85vw, 40px\" \/><strong><br>Comparte tu luz<\/strong> <\/p>\n\n\n\n<h4 class=\"wp-block-heading has-text-align-left has-vivid-cyan-blue-color has-text-color has-link-color wp-elements-fc106bf8187ed34fa9151c6c240c10b4\"><br><strong>Palabras de Juan Mar\u00eda<\/strong><\/h4>\n\n\n\n<p class=\"has-text-align-left\"><img loading=\"lazy\" decoding=\"async\" width=\"150\" height=\"183\" class=\"wp-image-16098\" style=\"width: 150px;\" src=\"https:\/\/menesianosoy.org\/wp-content\/uploads\/2024\/09\/juanmaria.png\" alt=\"\" srcset=\"https:\/\/menesianosoy.org\/wp-content\/uploads\/2024\/09\/juanmaria.png 450w, https:\/\/menesianosoy.org\/wp-content\/uploads\/2024\/09\/juanmaria-246x300.png 246w\" sizes=\"auto, (max-width: 150px) 85vw, 150px\" \/><br><em>Bendigo al buen Dios por haberte conservado una vida que le has ofrecido en sacrificio, pero que \u00e9l quiere prolongar para que la consagres a su gloria y a la salvaci\u00f3n de estos pobres negritos, cuya educaci\u00f3n cristiana se te ha confiado. \u00c1malos en N. S. y no ahorres nada para inspirarles su amor. (Al H. \u00c9meric, 24-11-44)<\/em><\/p>\n\n\n\n<h4 class=\"wp-block-heading has-vivid-cyan-blue-color has-text-color has-link-color wp-elements-331f5976405fe78293b4b8a36ee4e623\"><br><strong><em>Enciende una luz \u2013 pascua joven<\/em><\/strong><\/h4>\n\n\n\n<figure class=\"wp-block-embed is-type-video is-provider-youtube wp-block-embed-youtube wp-embed-aspect-4-3 wp-has-aspect-ratio\"><div class=\"wp-block-embed__wrapper\">\n<iframe loading=\"lazy\" title=\"15 Enciende una luz\" width=\"1140\" height=\"855\" src=\"https:\/\/www.youtube.com\/embed\/YxtSGCsLTQY?feature=oembed\" frameborder=\"0\" allow=\"accelerometer; autoplay; clipboard-write; encrypted-media; gyroscope; picture-in-picture; web-share\" referrerpolicy=\"strict-origin-when-cross-origin\" allowfullscreen><\/iframe>\n<\/div><\/figure>\n\n\n\n<p class=\"has-text-align-left\">Enciende una luz, d\u00e9jala brillar.<br>La luz de Jes\u00fas que brille en todo lugar.<br>No la puedes esconder, no te puedes callar.<br>Ante tal necesidad,<br>enciende una luz en la oscuridad.<br><br>\u00bfY c\u00f3mo pues invocaran<br>a Aqu\u00e9l que no han cre\u00eddo?<br>\u00bfY c\u00f3mo creer\u00e1n<br>en Aquel de quien no han o\u00eddo?<br>\u00bfY c\u00f3mo oir\u00e1n si nadie les predica?<br>Hermosos son los pies<br>de los que anuncian la paz,<br>las buenas nuevas de Jes\u00fas.<\/p>\n","protected":false},"excerpt":{"rendered":"<p>Proverbios 3, 27-34Salmo 14, 2-5 Evangelio: Lucas 8, 16-18 Jes\u00fas dijo a sus disc\u00edpulos.No se enciende una l\u00e1mpara para cubrirla con un recipiente o para ponerla debajo de la cama, sino que se la coloca sobre un candelero, para que los que entren vean la luz.Porque no hay nada oculto que no se descubra alg\u00fan &hellip; <a href=\"https:\/\/menesianosoy.org\/index.php\/2024\/09\/20\/san-pio-de-pietrelcina-3\/\" class=\"more-link\">Continue reading<span class=\"screen-reader-text\"> \u00abSan P\u00edo de Pietrelcina\u00bb<\/span><\/a><\/p>\n","protected":false},"author":3,"featured_media":0,"comment_status":"closed","ping_status":"closed","sticky":false,"template":"","format":"standard","meta":{"_acf_changed":false,"footnotes":""},"categories":[9],"tags":[],"class_list":["post-16405","post","type-post","status-publish","format-standard","hentry","category-evangelio"],"acf":[],"_links":{"self":[{"href":"https:\/\/menesianosoy.org\/index.php\/wp-json\/wp\/v2\/posts\/16405","targetHints":{"allow":["GET"]}}],"collection":[{"href":"https:\/\/menesianosoy.org\/index.php\/wp-json\/wp\/v2\/posts"}],"about":[{"href":"https:\/\/menesianosoy.org\/index.php\/wp-json\/wp\/v2\/types\/post"}],"author":[{"embeddable":true,"href":"https:\/\/menesianosoy.org\/index.php\/wp-json\/wp\/v2\/users\/3"}],"replies":[{"embeddable":true,"href":"https:\/\/menesianosoy.org\/index.php\/wp-json\/wp\/v2\/comments?post=16405"}],"version-history":[{"count":9,"href":"https:\/\/menesianosoy.org\/index.php\/wp-json\/wp\/v2\/posts\/16405\/revisions"}],"predecessor-version":[{"id":16568,"href":"https:\/\/menesianosoy.org\/index.php\/wp-json\/wp\/v2\/posts\/16405\/revisions\/16568"}],"wp:attachment":[{"href":"https:\/\/menesianosoy.org\/index.php\/wp-json\/wp\/v2\/media?parent=16405"}],"wp:term":[{"taxonomy":"category","embeddable":true,"href":"https:\/\/menesianosoy.org\/index.php\/wp-json\/wp\/v2\/categories?post=16405"},{"taxonomy":"post_tag","embeddable":true,"href":"https:\/\/menesianosoy.org\/index.php\/wp-json\/wp\/v2\/tags?post=16405"}],"curies":[{"name":"wp","href":"https:\/\/api.w.org\/{rel}","templated":true}]}}