{"id":16496,"date":"2024-09-22T09:53:21","date_gmt":"2024-09-22T12:53:21","guid":{"rendered":"https:\/\/menesianosoy.org\/?p=16496"},"modified":"2024-09-26T06:50:01","modified_gmt":"2024-09-26T09:50:01","slug":"santos-cosme-y-damian-beato-luis-tezza","status":"publish","type":"post","link":"https:\/\/menesianosoy.org\/index.php\/2024\/09\/22\/santos-cosme-y-damian-beato-luis-tezza\/","title":{"rendered":"Santos Juan de Br\u00e9beuf e Isaac Jogues &#8211; Beato Luis Tezza"},"content":{"rendered":"\n<p class=\"has-text-align-left\"><strong><em>Eclesiast\u00e9s 1, 2-11<br>Salmo 89, 3-6. 12-14. 17<\/em><\/strong><\/p>\n\n\n\n<h4 class=\"wp-block-heading has-text-align-left has-vivid-cyan-blue-color has-text-color has-link-color wp-elements-df7aa223b3963b75eacc98b007d7b1af\"><br><strong>Evangelio: Lucas 9, 7-9<\/strong><\/h4>\n\n\n\n<p class=\"has-text-align-left\"><strong><em>El tetrarca Herodes se enter\u00f3 de lo que Jes\u00fas hac\u00eda y ense\u00f1aba y estaba muy desconcertado porque algunos dec\u00edan: Es Juan, que ha resucitado.<br>Otros dec\u00edan: Es El\u00edas, que se ha aparecido, y otros: Es uno de los antiguos profetas que ha resucitado.<br>Pero Herodes dec\u00eda: A Juan lo hice decapitar. Entonces, \u00bfqui\u00e9n es este del que oigo decir semejantes cosas? Y trataba de verlo.<\/em><\/strong><\/p>\n\n\n\n<figure class=\"wp-block-image size-full\"><img loading=\"lazy\" decoding=\"async\" width=\"450\" height=\"450\" src=\"https:\/\/menesianosoy.org\/wp-content\/uploads\/2024\/09\/jesus-1.png\" alt=\"\" class=\"wp-image-16511\" srcset=\"https:\/\/menesianosoy.org\/wp-content\/uploads\/2024\/09\/jesus-1.png 450w, https:\/\/menesianosoy.org\/wp-content\/uploads\/2024\/09\/jesus-1-300x300.png 300w, https:\/\/menesianosoy.org\/wp-content\/uploads\/2024\/09\/jesus-1-150x150.png 150w\" sizes=\"auto, (max-width: 450px) 85vw, 450px\" \/><\/figure>\n\n\n\n<p class=\"has-text-align-left\">Herodes hab\u00eda perdido la cabeza por el baile de su sobrina y Juan la perdi\u00f3 por ser fiel a la misi\u00f3n encomendada por Dios. Uno, ensimismado en su egocentrismo, juguete de sus pasiones, \u00e1vido de poder y de gloria. El otro, entregado a la voluntad de Dios, capaz de dejar todo, hasta su vida, por seguir su vocaci\u00f3n de profeta.<br><br>Herodes ahora se enfrenta a un nuevo Juan, que aparece en su reino. Est\u00e1 curioso por conocerlo y escucharlo, no seguramente para seguir sus consejos, s\u00ed para medir el riesgo que puede suponer para su corona. As\u00ed como la pr\u00e9dica y el ejemplo de Juan son la ant\u00edtesis de lo que vive y cree Herodes, as\u00ed tambi\u00e9n el Reino predicado por Jes\u00fas se confrontar\u00e1 directamente con el suyo.<br><br>Herodes que se creen lo m\u00e1s, hoy hay muchos en el mundo. Y buscan destruir todo lo que les haga sombra. Ruedan diariamente cabezas pensantes para mantener cabezas coronadas, que se creen dioses, due\u00f1os y se\u00f1ores de vidas y de bienes.<br><br>Y aunque no lleguemos a tanto, tambi\u00e9n en la Iglesia y en nuestras comunidades puede haber actitudes de esta naturaleza. Hay que mantener el poder cueste lo que cueste, aunque sea mintiendo, desprestigiando, ninguneando\u2026 Quiera Dios purificarnos de estas tentaciones tan nuestras y tan frecuentes. Aunque pongamos cara bonita, muchas veces nos sale el Herodes que todos llevamos dentro.<\/p>\n\n\n\n<p class=\"has-text-align-left\"><br><strong>M\u00c1XIMA<br>Busca y defiende la verdad<\/strong><\/p>\n\n\n\n<h4 class=\"wp-block-heading has-text-align-left has-vivid-cyan-blue-color has-text-color has-link-color wp-elements-fc106bf8187ed34fa9151c6c240c10b4\"><br><strong>Palabras de Juan Mar\u00eda<\/strong><\/h4>\n\n\n\n<p class=\"has-text-align-left\"><img loading=\"lazy\" decoding=\"async\" width=\"150\" height=\"183\" class=\"wp-image-16098\" style=\"width: 150px;\" src=\"https:\/\/menesianosoy.org\/wp-content\/uploads\/2024\/09\/juanmaria.png\" alt=\"\" srcset=\"https:\/\/menesianosoy.org\/wp-content\/uploads\/2024\/09\/juanmaria.png 450w, https:\/\/menesianosoy.org\/wp-content\/uploads\/2024\/09\/juanmaria-246x300.png 246w\" sizes=\"auto, (max-width: 150px) 85vw, 150px\" \/><br><em>Duerman su sue\u00f1o, grandes del mundo, sabios presuntuosos. Jes\u00fas, mi Salvador no viene para ser objeto de una vana curiosidad y para alimentar su orgullo con interminables discusiones. Su amor propio cegado y desenfrenado, su coraz\u00f3n ro\u00eddo por la avaricia y atormentado por la ambici\u00f3n, no pueden comprender y menos a\u00fan gustar la benignidad del Salvador, la pobreza, la dulzura y la humildad de Jesucristo\u00bb. (Serm\u00f3n sobre la Navidad)<\/em><\/p>\n\n\n\n<h4 class=\"wp-block-heading has-text-align-left has-vivid-cyan-blue-color has-text-color has-link-color wp-elements-cbf94d2420311a111f63b2d922684e37\"><br><strong><em>Reina Jes\u00fas &#8211; Santiago Benavides<\/em><\/strong><\/h4>\n\n\n\n<figure class=\"wp-block-embed is-type-video is-provider-youtube wp-block-embed-youtube wp-embed-aspect-16-9 wp-has-aspect-ratio\"><div class=\"wp-block-embed__wrapper\">\n<iframe loading=\"lazy\" title=\"Santiago Benavides - Reina Jes\u00fas (Audio Oficial)\" width=\"1140\" height=\"641\" src=\"https:\/\/www.youtube.com\/embed\/bvSYwUpjbmI?feature=oembed\" frameborder=\"0\" allow=\"accelerometer; autoplay; clipboard-write; encrypted-media; gyroscope; picture-in-picture; web-share\" referrerpolicy=\"strict-origin-when-cross-origin\" allowfullscreen><\/iframe>\n<\/div><\/figure>\n\n\n\n<p class=\"has-text-align-left\">Que corra tu r\u00edo, que sople tu aliento,<br>que queme tu fuego por dentro.<br>Que caiga tu lluvia y refresque tu viento,<br>que traigas un avivamiento.<br>Y sea un torrente por el mundo entero.<br><br>Griten los montes con alegr\u00eda,<br>vean los ciegos la luz del d\u00eda.<br>R\u00f3mpanse yugos de esclavitud<br>y por los siglos reine Jes\u00fas&#8230;<br><br>Recorre las vidas carentes de amor,<br>consuela a tu paso el coraz\u00f3n.<br>Visita aun el m\u00e1s oscuro rinc\u00f3n<br>y ah\u00ed has brillar tu salvaci\u00f3n.<br><br>Griten los montes con alegr\u00eda,<br>vean los ciegos la luz del d\u00eda.<br>R\u00f3mpanse yugos de esclavitud<br>y por los siglos reina Jes\u00fas.<br><br>Fiel, justo y verdadero,<br>soberano salvador del universo.<\/p>\n\n\n\n<p class=\"has-vivid-purple-background-color has-background\"><\/p>\n\n\n\n<h5 class=\"wp-block-heading has-text-align-left has-small-font-size\"><strong>LUIS TEZZA (1841 &#8211; 1923) es un beato italiano, aunque la mayor parte de su sacerdocio la ejerci\u00f3 en Per\u00fa. Fue el fundador de la Congregaci\u00f3n Hijas de San Camilo. En 1864 fue ordenado sacerdote y muy pronto se encarg\u00f3 de la formaci\u00f3n de los j\u00f3venes. Posteriormente fue enviado a Francia de donde fue expulsado. En 1891 conoci\u00f3 a Josefina Vannini, con la cual fund\u00f3 la congregaci\u00f3n de mujeres. Lleg\u00f3 a Lima en 1900 con el objetivo de reunificar a las comunidades religiosas del Per\u00fa de la Orden de San Camilo, que se hab\u00eda separado mucho tiempo antes. Dedic\u00f3 mucho tiempo a la asistencia de los enfermos particularmente pobres, tanto en las casas privadas y en los hospitales como en las c\u00e1rceles. Fue confesor y director espiritual del seminario de la archidi\u00f3cesis y de diversas congregaciones religiosas. Fue beatificado por Papa Juan Pablo II en el a\u00f1o 2001.<\/strong><\/h5>\n\n\n\n<h5 class=\"wp-block-heading has-text-align-left has-small-font-size\"><strong>ISAAC JOGUES fue un misionero franc\u00e9s que trabaj\u00f3 con los iroqueses, hurones y otros pueblos originarios en Norteam\u00e9rica. En 1646 fue martirizado por los mohawks en el poblado de Ossernenon. Los jesuitas Renato Goupil y Juan de Lalande tambi\u00e9n fueron martirizados en este lugar.<br>JUAN DE BR\u00c9BEUF (1593-1649) fue un presb\u00edtero jesuita que ejerci\u00f3 su ministerio sacerdotal primeramente en Francia y, posteriormente, trabaj\u00f3 sobre todo con los hurones. Aprendi\u00f3 su idioma y su cultura y escribi\u00f3 mucho sobre ellos para ayudar a otros misioneros. En 1649, Br\u00e9beuf y otros misioneros fueron capturados y asesinados por los iroqueses.<\/strong><\/h5>\n\n\n\n<h5 class=\"wp-block-heading has-text-align-left has-small-font-size\"><br><br><\/h5>\n","protected":false},"excerpt":{"rendered":"<p>Eclesiast\u00e9s 1, 2-11Salmo 89, 3-6. 12-14. 17 Evangelio: Lucas 9, 7-9 El tetrarca Herodes se enter\u00f3 de lo que Jes\u00fas hac\u00eda y ense\u00f1aba y estaba muy desconcertado porque algunos dec\u00edan: Es Juan, que ha resucitado.Otros dec\u00edan: Es El\u00edas, que se ha aparecido, y otros: Es uno de los antiguos profetas que ha resucitado.Pero Herodes dec\u00eda: &hellip; <a href=\"https:\/\/menesianosoy.org\/index.php\/2024\/09\/22\/santos-cosme-y-damian-beato-luis-tezza\/\" class=\"more-link\">Continue reading<span class=\"screen-reader-text\"> \u00abSantos Juan de Br\u00e9beuf e Isaac Jogues &#8211; Beato Luis Tezza\u00bb<\/span><\/a><\/p>\n","protected":false},"author":3,"featured_media":0,"comment_status":"closed","ping_status":"closed","sticky":false,"template":"","format":"standard","meta":{"_acf_changed":false,"footnotes":""},"categories":[9],"tags":[],"class_list":["post-16496","post","type-post","status-publish","format-standard","hentry","category-evangelio"],"acf":[],"_links":{"self":[{"href":"https:\/\/menesianosoy.org\/index.php\/wp-json\/wp\/v2\/posts\/16496","targetHints":{"allow":["GET"]}}],"collection":[{"href":"https:\/\/menesianosoy.org\/index.php\/wp-json\/wp\/v2\/posts"}],"about":[{"href":"https:\/\/menesianosoy.org\/index.php\/wp-json\/wp\/v2\/types\/post"}],"author":[{"embeddable":true,"href":"https:\/\/menesianosoy.org\/index.php\/wp-json\/wp\/v2\/users\/3"}],"replies":[{"embeddable":true,"href":"https:\/\/menesianosoy.org\/index.php\/wp-json\/wp\/v2\/comments?post=16496"}],"version-history":[{"count":12,"href":"https:\/\/menesianosoy.org\/index.php\/wp-json\/wp\/v2\/posts\/16496\/revisions"}],"predecessor-version":[{"id":16599,"href":"https:\/\/menesianosoy.org\/index.php\/wp-json\/wp\/v2\/posts\/16496\/revisions\/16599"}],"wp:attachment":[{"href":"https:\/\/menesianosoy.org\/index.php\/wp-json\/wp\/v2\/media?parent=16496"}],"wp:term":[{"taxonomy":"category","embeddable":true,"href":"https:\/\/menesianosoy.org\/index.php\/wp-json\/wp\/v2\/categories?post=16496"},{"taxonomy":"post_tag","embeddable":true,"href":"https:\/\/menesianosoy.org\/index.php\/wp-json\/wp\/v2\/tags?post=16496"}],"curies":[{"name":"wp","href":"https:\/\/api.w.org\/{rel}","templated":true}]}}