{"id":16550,"date":"2024-09-22T18:03:33","date_gmt":"2024-09-22T21:03:33","guid":{"rendered":"https:\/\/menesianosoy.org\/?p=16550"},"modified":"2024-09-26T10:51:19","modified_gmt":"2024-09-26T13:51:19","slug":"san-lorenzo-ruiz-y-companeros-martires","status":"publish","type":"post","link":"https:\/\/menesianosoy.org\/index.php\/2024\/09\/22\/san-lorenzo-ruiz-y-companeros-martires\/","title":{"rendered":"San Lorenzo Ruiz y compa\u00f1eros m\u00e1rtires"},"content":{"rendered":"\n<p class=\"has-text-align-left\"><br><strong><em>Eclesiast\u00e9s 11, 9-12<br>Salmo 89, 3-6. 12-14. 17<\/em><\/strong><\/p>\n\n\n\n<h4 class=\"wp-block-heading has-text-align-left has-vivid-cyan-blue-color has-text-color has-link-color wp-elements-1e6e1cfdcc266803a12566be3e82fe91\"><br><strong>Evangelio: Lucas 9, 43-45<\/strong><\/h4>\n\n\n\n<p class=\"has-text-align-left\"><strong><em>Mientras todos se admiraban por las cosas que hac\u00eda, Jes\u00fas dijo a sus disc\u00edpulos: Escuchen bien esto que les digo: El Hijo del hombre va a ser entregado en manos de los hombres.<br>Pero ellos no entend\u00edan estas palabras: su sentido les resultaba oscuro, de manera que no pod\u00edan comprenderlas, y tem\u00edan interrogar a Jes\u00fas acerca de esto.<\/em><\/strong><\/p>\n\n\n\n<figure class=\"wp-block-image size-full\"><img loading=\"lazy\" decoding=\"async\" width=\"430\" height=\"233\" src=\"https:\/\/menesianosoy.org\/wp-content\/uploads\/2023\/09\/sss.png\" alt=\"\" class=\"wp-image-4219\" srcset=\"https:\/\/menesianosoy.org\/wp-content\/uploads\/2023\/09\/sss.png 430w, https:\/\/menesianosoy.org\/wp-content\/uploads\/2023\/09\/sss-300x163.png 300w\" sizes=\"auto, (max-width: 430px) 85vw, 430px\" \/><\/figure>\n\n\n\n<p class=\"has-text-align-left\">En vers\u00edculos anteriores Lucas cuenta que el maestro tiene conciencia que tiene que pasar por la cruz y pide a aquellos que lo quieran seguir que se nieguen a s\u00ed mismo, tomen la cruz cada d\u00eda y que lo sigan. El Padre confirma el camino del hijo del hombre <em>\u201cEsc\u00fachenlo, es mi Hijo, el elegido\u00bb.<\/em> La fe implica aceptar esta realidad.<br><br>El centro de la Palabra de hoy es que \u201c<em>el Hijo del hombre va a ser entregado en las manos de los hombres\u201d, <\/em>y que sus amigos lo deben tener siempre presente. Jes\u00fas resucitado se lo record\u00f3 a los disc\u00edpulos de Ema\u00fas como tambi\u00e9n nos lo sigue recordando hoy. En el momento en el que todos est\u00e1n maravillados por las cosas que Jes\u00fas hace, \u00c9l les comunica por segunda vez a sus amigos la necesidad de su paso por la cruz, de ser sembrado como el grano que cae en tierra para poder dar frutos.\u00a0Ellos por su parte no comprenden, no escuchan, est\u00e1n cerrados, sordos, no preguntan, est\u00e1n en la tentaci\u00f3n.<br><br>Tambi\u00e9n nosotros, en ocasiones, nos encontramos como los amigos de Jes\u00fas: \u00c9l nos habla y seguimos entretenidos en muchas cosas, con miedo a interrogar, sin buscar, sin apreciar la presencia del sol naciente, sin o\u00edr la m\u00fasica de la fiesta. <br><br>Juan Mar\u00eda quiere que los educadores menesianos instruyamos, eduquemos y evangelicemos al mismo tiempo y en un mismo acto, lo que implica que somos llamados a abrir nuestros ojos, o\u00eddos, inteligencia para discernir los brotes de trigo que nacen, crecen y se desarrollan en el campo de la escuela, de la familia, del mundo.<\/p>\n\n\n\n<p class=\"has-text-align-left\"><img loading=\"lazy\" decoding=\"async\" width=\"150\" height=\"183\" class=\"wp-image-16098\" style=\"width: 150px;\" src=\"https:\/\/menesianosoy.org\/wp-content\/uploads\/2024\/09\/juanmaria.png\" alt=\"\" srcset=\"https:\/\/menesianosoy.org\/wp-content\/uploads\/2024\/09\/juanmaria.png 450w, https:\/\/menesianosoy.org\/wp-content\/uploads\/2024\/09\/juanmaria-246x300.png 246w\" sizes=\"auto, (max-width: 150px) 85vw, 150px\" \/><br><em>No hay que hacerse ilusiones e imaginarnos que abrazando este nuevo g\u00e9nero de vida no tendremos que sufrir nada; \u00bfqu\u00e9 m\u00e9rito tendr\u00edamos si fuera as\u00ed? Sin duda, Dios nos ha reservado muchos consuelos y muchas alegr\u00edas. S\u00ed, ser\u00e1 fiel a sus promesas; recibiremos el c\u00e9ntuplo de todo de lo que hayamos dejado; pero tambi\u00e9n tendremos nuestra cruz que llevar, nuestro c\u00e1liz que beber, nuestros clavos, nuestras espinas, nuestra flagelaci\u00f3n; y el vinagre y la hiel nos ser\u00e1n presentados para calmar nuestra sed<\/em>. (Serm\u00f3n sobre la necesidad de imitar a Jes\u00fas)<\/p>\n\n\n\n<h4 class=\"wp-block-heading has-text-align-left has-vivid-cyan-blue-color has-text-color has-link-color wp-elements-f6d49af76009afcd91d5ba87475f20b5\"><br><strong><em>S\u00edgueme, soy camino \u2013 Seminario Pontificio de Santiago<\/em><\/strong><\/h4>\n\n\n\n<figure class=\"wp-block-embed is-type-video is-provider-youtube wp-block-embed-youtube wp-embed-aspect-4-3 wp-has-aspect-ratio\"><div class=\"wp-block-embed__wrapper\">\n<iframe loading=\"lazy\" title=\"S\u00edgueme, Soy Camino\" width=\"1140\" height=\"855\" src=\"https:\/\/www.youtube.com\/embed\/MBoO9LGfbdY?feature=oembed\" frameborder=\"0\" allow=\"accelerometer; autoplay; clipboard-write; encrypted-media; gyroscope; picture-in-picture; web-share\" referrerpolicy=\"strict-origin-when-cross-origin\" allowfullscreen><\/iframe>\n<\/div><\/figure>\n\n\n\n<p class=\"has-text-align-left\">Mira Jes\u00fas, yo te traigo una gran inquietud.<br>\u00bfQu\u00e9 debo hacer? Nuestro mundo sufre esclavitud.<br>Le falta paz y en muchos no hay esperanza.<br>Dime Se\u00f1or, \u00bfc\u00f3mo puedo sembrar m\u00e1s amor?<br><br>S\u00edgueme, soy Camino, \u00fanica ruta a seguir.<br>S\u00edgueme, soy la vida, que con amor debes compartir.<br><br>Oigo tu voz en la calma de mi oraci\u00f3n;<br>oigo tu voz, en el pobre que me pide pan.<br>Desde tu cruz, T\u00fa me pides mayor compromiso.<br>Dime, Se\u00f1or, \u00bfc\u00f3mo puedo sembrar m\u00e1s amor?<br><br>Yo, como T\u00fa, buscar\u00e9 dar m\u00e1s que recibir.<br>No hay amor, sin sufrir, sin luchar, sin servir.<br>Mas si a tu amor, olvidando, lo pierdo de vista,<br>Grita, Se\u00f1or, a\u00fan m\u00e1s fuerte que te pueda o\u00edr.<\/p>\n","protected":false},"excerpt":{"rendered":"<p>Eclesiast\u00e9s 11, 9-12Salmo 89, 3-6. 12-14. 17 Evangelio: Lucas 9, 43-45 Mientras todos se admiraban por las cosas que hac\u00eda, Jes\u00fas dijo a sus disc\u00edpulos: Escuchen bien esto que les digo: El Hijo del hombre va a ser entregado en manos de los hombres.Pero ellos no entend\u00edan estas palabras: su sentido les resultaba oscuro, de &hellip; <a href=\"https:\/\/menesianosoy.org\/index.php\/2024\/09\/22\/san-lorenzo-ruiz-y-companeros-martires\/\" class=\"more-link\">Continue reading<span class=\"screen-reader-text\"> \u00abSan Lorenzo Ruiz y compa\u00f1eros m\u00e1rtires\u00bb<\/span><\/a><\/p>\n","protected":false},"author":3,"featured_media":0,"comment_status":"closed","ping_status":"closed","sticky":false,"template":"","format":"standard","meta":{"_acf_changed":false,"footnotes":""},"categories":[9],"tags":[],"class_list":["post-16550","post","type-post","status-publish","format-standard","hentry","category-evangelio"],"acf":[],"_links":{"self":[{"href":"https:\/\/menesianosoy.org\/index.php\/wp-json\/wp\/v2\/posts\/16550","targetHints":{"allow":["GET"]}}],"collection":[{"href":"https:\/\/menesianosoy.org\/index.php\/wp-json\/wp\/v2\/posts"}],"about":[{"href":"https:\/\/menesianosoy.org\/index.php\/wp-json\/wp\/v2\/types\/post"}],"author":[{"embeddable":true,"href":"https:\/\/menesianosoy.org\/index.php\/wp-json\/wp\/v2\/users\/3"}],"replies":[{"embeddable":true,"href":"https:\/\/menesianosoy.org\/index.php\/wp-json\/wp\/v2\/comments?post=16550"}],"version-history":[{"count":5,"href":"https:\/\/menesianosoy.org\/index.php\/wp-json\/wp\/v2\/posts\/16550\/revisions"}],"predecessor-version":[{"id":16608,"href":"https:\/\/menesianosoy.org\/index.php\/wp-json\/wp\/v2\/posts\/16550\/revisions\/16608"}],"wp:attachment":[{"href":"https:\/\/menesianosoy.org\/index.php\/wp-json\/wp\/v2\/media?parent=16550"}],"wp:term":[{"taxonomy":"category","embeddable":true,"href":"https:\/\/menesianosoy.org\/index.php\/wp-json\/wp\/v2\/categories?post=16550"},{"taxonomy":"post_tag","embeddable":true,"href":"https:\/\/menesianosoy.org\/index.php\/wp-json\/wp\/v2\/tags?post=16550"}],"curies":[{"name":"wp","href":"https:\/\/api.w.org\/{rel}","templated":true}]}}